{"id":37953,"date":"2021-02-26T00:00:00","date_gmt":"2021-02-25T23:00:00","guid":{"rendered":"https:\/\/imagazine.it\/?p=37953"},"modified":"2021-02-26T00:00:00","modified_gmt":"2021-02-25T23:00:00","slug":"dal-fvg-una-raccolta-fondi-per-la-vita-indipendente","status":"publish","type":"post","link":"https:\/\/imagazine.it\/home_desk\/dal-fvg-una-raccolta-fondi-per-la-vita-indipendente\/","title":{"rendered":"Dal FVG una raccolta fondi per la vita indipendente"},"content":{"rendered":"<p> \tL\u2019associazione <strong>IDEA Onlus FVG<\/strong> da pi\u00f9 di vent\u2019anni, ormai, opera sul territorio regionale nell\u2019ambito della disabilit\u00e0.<\/p>\n<p> \tL\u2019Onlus fornisce diversi servizi, come le consulenze alla pari o i corsi dedicati alla formazione degli assistenti personali. Nel dettaglio, IDEA Onlus FVG si fa promotrice a livello regionale della filosofia della <strong>Vita Indipendente<\/strong>. Secondo questa filosofia, una persona disabile o non autosufficiente ha gli stessi diritti di una persona normodotata. Nello specifico i diritti di vivere dove, come, quando e con chi vuole.<\/p>\n<p> \tL\u2019associazione \u00e8 fisicamente presente in diversi sportelli diffusi in tutto il Friuli Venezia Giulia, che operano per offrire sostegno e aiuto alla pari alle persone in difficolt\u00e0. \u201cCon aiuto alla pari \u2013 spiega il presidente di IDEA Onlus FVG, <strong>Stefano Baldini<\/strong> \u2013 si intende un aiuto che proviene da persone che si trovano nella stessa situazione di coloro che vengono aiutati. In questo caso specifico, dunque, coloro che offrono assistenza sono individui che hanno vissuto l\u2019esperienza della disabilit\u00e0 in prima persona.<\/p>\n<p> \tOltre che fisicamente, IDEA Onlus FVG \u00e8 presente virtualmente, su Facebook e sul sito ufficiale\u00a0<u><a data-saferedirecturl=\"https:\/\/www.google.com\/url?q=http:\/\/www.ideaonlus.it&#038;source=gmail&#038;ust=1614426143646000&#038;usg=AFQjCNGXFSwA_fRy_NDTNEASfyn9N9Tv_g\" href=\"http:\/\/www.ideaonlus.it\" target=\"_blank\" rel=\"noopener\"><span style=\"color:#0000ff;\">www.ideaonlus.it<\/span><\/a><\/u>.<\/p>\n<p> \tDa met\u00e0 febbraio l\u2019associazione \u00e8 impegnata nel <strong>progetto di raccolta fondi<\/strong> (crowdfunding) <u><a href=\"https:\/\/www.eppela.com\/it\/projects\/29719-idea-onlus-fvg-per-la-vita-indipendente\" target=\"_blank\" rel=\"noopener\"><span style=\"color:#0000ff;\">lanciata sulla <strong>piattaforma Eppela<\/strong><\/span><\/a><\/u>. Le donazioni che verranno raccolte\u00a0saranno destinate alla continuazione delle attivit\u00e0 di informazione, di sostegno e supporto, ai corsi di formazione e alla gestione degli sportelli distribuiti sul territorio regionale.<\/p>\n<p> \tMaggiori informazioni su come donare e molto altro possono essere trovate sul sito di IDEA Onlus FVG e sulla piattaforma Facebook. \u201cSi tratta \u2013 conclude Baldini \u2013 di un\u2019operazione molto semplice che andr\u00e0 ad aiutare moltissime persone: la disabilit\u00e0 \u00e8 una questione che riguarda tutti noi\u201d.<\/p>\n","protected":false},"excerpt":{"rendered":"<p>Ecco come donare il proprio aiuto<\/p>\n","protected":false},"author":28,"featured_media":37954,"comment_status":"closed","ping_status":"closed","sticky":false,"template":"","format":"standard","meta":{"dwc-title":[],"dwc-content":[],"footnotes":""},"categories":[6],"tags":[],"class_list":["post-37953","post","type-post","status-publish","format-standard","has-post-thumbnail","hentry","category-societa"],"rttpg_featured_image_url":{"full":["https:\/\/imagazine.it\/wp-content\/uploads\/2024\/01\/38380-1.webp",1000,667,false],"landscape":["https:\/\/imagazine.it\/wp-content\/uploads\/2024\/01\/38380-1.webp",1000,667,false],"portraits":["https:\/\/imagazine.it\/wp-content\/uploads\/2024\/01\/38380-1.webp",1000,667,false],"thumbnail":["https:\/\/imagazine.it\/wp-content\/uploads\/2024\/01\/38380-1-150x150.webp",150,150,true],"medium":["https:\/\/imagazine.it\/wp-content\/uploads\/2024\/01\/38380-1-300x200.webp",300,200,true],"large":["https:\/\/imagazine.it\/wp-content\/uploads\/2024\/01\/38380-1.webp",640,427,false],"thumblist":["https:\/\/imagazine.it\/wp-content\/uploads\/2024\/01\/38380-1.webp",300,200,false],"thumbrelated":["https:\/\/imagazine.it\/wp-content\/uploads\/2024\/01\/38380-1.webp",500,334,false],"meccarouselthumb":["https:\/\/imagazine.it\/wp-content\/uploads\/2024\/01\/38380-1.webp",474,316,false],"gridsquare":["https:\/\/imagazine.it\/wp-content\/uploads\/2024\/01\/38380-1.webp",391,260,false],"tileview":["https:\/\/imagazine.it\/wp-content\/uploads\/2024\/01\/38380-1.webp",300,200,false],"1536x1536":["https:\/\/imagazine.it\/wp-content\/uploads\/2024\/01\/38380-1.webp",1000,667,false],"2048x2048":["https:\/\/imagazine.it\/wp-content\/uploads\/2024\/01\/38380-1.webp",1000,667,false],"newsup-slider-full":["https:\/\/imagazine.it\/wp-content\/uploads\/2024\/01\/38380-1.webp",1000,667,false],"newsup-featured":["https:\/\/imagazine.it\/wp-content\/uploads\/2024\/01\/38380-1.webp",1000,667,false],"newsup-medium":["https:\/\/imagazine.it\/wp-content\/uploads\/2024\/01\/38380-1-720x380.webp",720,380,true],"tptn_thumbnail":["https:\/\/imagazine.it\/wp-content\/uploads\/2024\/01\/38380-1.webp",250,167,false],"sow-carousel-default":["https:\/\/imagazine.it\/wp-content\/uploads\/2024\/01\/38380-1-272x182.webp",272,182,true]},"rttpg_author":{"display_name":"redazione","author_link":"https:\/\/imagazine.it\/home_desk\/author\/redazione\/"},"rttpg_comment":0,"rttpg_category":"<a href=\"https:\/\/imagazine.it\/home_desk\/category\/societa\/\" rel=\"category tag\">SOCIET\u00c0<\/a>","rttpg_excerpt":"Ecco come donare il proprio aiuto","_links":{"self":[{"href":"https:\/\/imagazine.it\/home_desk\/wp-json\/wp\/v2\/posts\/37953","targetHints":{"allow":["GET"]}}],"collection":[{"href":"https:\/\/imagazine.it\/home_desk\/wp-json\/wp\/v2\/posts"}],"about":[{"href":"https:\/\/imagazine.it\/home_desk\/wp-json\/wp\/v2\/types\/post"}],"author":[{"embeddable":true,"href":"https:\/\/imagazine.it\/home_desk\/wp-json\/wp\/v2\/users\/28"}],"replies":[{"embeddable":true,"href":"https:\/\/imagazine.it\/home_desk\/wp-json\/wp\/v2\/comments?post=37953"}],"version-history":[{"count":0,"href":"https:\/\/imagazine.it\/home_desk\/wp-json\/wp\/v2\/posts\/37953\/revisions"}],"wp:featuredmedia":[{"embeddable":true,"href":"https:\/\/imagazine.it\/home_desk\/wp-json\/wp\/v2\/media\/37954"}],"wp:attachment":[{"href":"https:\/\/imagazine.it\/home_desk\/wp-json\/wp\/v2\/media?parent=37953"}],"wp:term":[{"taxonomy":"category","embeddable":true,"href":"https:\/\/imagazine.it\/home_desk\/wp-json\/wp\/v2\/categories?post=37953"},{"taxonomy":"post_tag","embeddable":true,"href":"https:\/\/imagazine.it\/home_desk\/wp-json\/wp\/v2\/tags?post=37953"}],"curies":[{"name":"wp","href":"https:\/\/api.w.org\/{rel}","templated":true}]}}