{"id":37921,"date":"2021-02-24T00:00:00","date_gmt":"2021-02-23T23:00:00","guid":{"rendered":"https:\/\/imagazine.it\/?p=37921"},"modified":"2021-02-24T00:00:00","modified_gmt":"2021-02-23T23:00:00","slug":"cividale-parcheggi-gratuiti-per-veicoli-ibridi-o-elettrici","status":"publish","type":"post","link":"https:\/\/imagazine.it\/home_desk\/cividale-parcheggi-gratuiti-per-veicoli-ibridi-o-elettrici\/","title":{"rendered":"Cividale, parcheggi gratuiti per veicoli ibridi o elettrici"},"content":{"rendered":"<p> \tLa giunta comunale di Cividale del Friuli ha deciso \u201cdi rendere gratuita la sosta, nell\u2019area a stalli blu di Largo Martiri delle Foibe, dei veicoli ibridi aventi motore termico \u2013 elettrico\u201d, comunica <strong>Davide Cantarutti<\/strong>, assessore alla\u00a0Polizia Locale &#8211;\u00a0Viabilit\u00e0 e Trasporti.<\/p>\n<p> \t\u201cRiteniamo opportuno \u2013 sottolinea <strong>Cantarutti<\/strong> \u2013 incentivare l\u2019utilizzo dei veicoli elettrici e ibridi con motore elettrico e sostenere lo sviluppo di tutte le forme di mobilit\u00e0 a basso impatto. Visto che i veicoli elettrici (ovvero ad esclusiva propulsione elettrica) erano gi\u00e0 stati esentati dal pagamento del ticket, anche su richiesta di alcuni cittadini abbiamo deciso di estendere la gratuit\u00e0 alla sosta dei veicoli ibridi (con motore termico ed elettrico). La gratuit\u00e0 varr\u00e0 solo nel vasto parcheggio in Largo Martiri delle Foibe, dove verranno installate prossimamente anche due postazioni per il rifornimento delle auto elettriche e ibride\u201d.<\/p>\n<p> \tI veicoli in sosta dovranno <strong>esporre in maniera chiara e visibile dietro al parabrezza la carta di circolazione<\/strong> (o copia della stessa) nella parte in cui \u00e8 visibile il tipo di propulsione (punto P.3 della carta di circolazione) e la targa del veicolo stesso.<\/p>\n<p> \t\u201c<strong>La gratuit\u00e0 \u00e8 gi\u00e0 entrata in vigore e varr\u00e0 fino al 31 dicembre 2021<\/strong>\u201d, conclude l\u2019assessore.<\/p>\n<p> \tLa recente delibera di giunta specifica, inoltre, che in tutte le altre aree a pagamento (zone stalli blu) del Comune di Cividale del Friuli (diverse dal parcheggio in Largo Martiri delle Foibe \u2013 dove, fra l\u2019altro, per le auto non ibride e non elettriche \u00e8 possibile parcheggiare per tutta la giornata, nei feriali, alla speciale tariffa di 2 euro), le auto ibride rimangono soggette, senza alcuna agevolazione, al pagamento della tariffa prevista per la sosta cos\u00ec come indicato dalla segnaletica informativa installata in loco.<\/p>\n<p> \t\u00a0<\/p>\n","protected":false},"excerpt":{"rendered":"<p>Negli stalli blu di Largo Martiri delle Foibe<\/p>\n","protected":false},"author":28,"featured_media":37922,"comment_status":"closed","ping_status":"closed","sticky":false,"template":"","format":"standard","meta":{"dwc-title":[],"dwc-content":[],"footnotes":""},"categories":[5],"tags":[],"class_list":["post-37921","post","type-post","status-publish","format-standard","has-post-thumbnail","hentry","category-attualita"],"rttpg_featured_image_url":{"full":["https:\/\/imagazine.it\/wp-content\/uploads\/2024\/01\/38331-1.webp",1280,853,false],"landscape":["https:\/\/imagazine.it\/wp-content\/uploads\/2024\/01\/38331-1.webp",1280,853,false],"portraits":["https:\/\/imagazine.it\/wp-content\/uploads\/2024\/01\/38331-1.webp",1280,853,false],"thumbnail":["https:\/\/imagazine.it\/wp-content\/uploads\/2024\/01\/38331-1-150x150.webp",150,150,true],"medium":["https:\/\/imagazine.it\/wp-content\/uploads\/2024\/01\/38331-1-300x200.webp",300,200,true],"large":["https:\/\/imagazine.it\/wp-content\/uploads\/2024\/01\/38331-1-1024x682.webp",640,426,true],"thumblist":["https:\/\/imagazine.it\/wp-content\/uploads\/2024\/01\/38331-1.webp",300,200,false],"thumbrelated":["https:\/\/imagazine.it\/wp-content\/uploads\/2024\/01\/38331-1.webp",500,333,false],"meccarouselthumb":["https:\/\/imagazine.it\/wp-content\/uploads\/2024\/01\/38331-1.webp",474,316,false],"gridsquare":["https:\/\/imagazine.it\/wp-content\/uploads\/2024\/01\/38331-1.webp",391,260,false],"tileview":["https:\/\/imagazine.it\/wp-content\/uploads\/2024\/01\/38331-1.webp",300,200,false],"1536x1536":["https:\/\/imagazine.it\/wp-content\/uploads\/2024\/01\/38331-1.webp",1280,853,false],"2048x2048":["https:\/\/imagazine.it\/wp-content\/uploads\/2024\/01\/38331-1.webp",1280,853,false],"newsup-slider-full":["https:\/\/imagazine.it\/wp-content\/uploads\/2024\/01\/38331-1-1280x720.webp",1280,720,true],"newsup-featured":["https:\/\/imagazine.it\/wp-content\/uploads\/2024\/01\/38331-1-1024x682.webp",1024,682,true],"newsup-medium":["https:\/\/imagazine.it\/wp-content\/uploads\/2024\/01\/38331-1-720x380.webp",720,380,true],"tptn_thumbnail":["https:\/\/imagazine.it\/wp-content\/uploads\/2024\/01\/38331-1.webp",250,167,false],"sow-carousel-default":["https:\/\/imagazine.it\/wp-content\/uploads\/2024\/01\/38331-1-272x182.webp",272,182,true]},"rttpg_author":{"display_name":"redazione","author_link":"https:\/\/imagazine.it\/home_desk\/author\/redazione\/"},"rttpg_comment":0,"rttpg_category":"<a href=\"https:\/\/imagazine.it\/home_desk\/category\/attualita\/\" rel=\"category tag\">ATTUALIT\u00c0<\/a>","rttpg_excerpt":"Negli stalli blu di Largo Martiri delle Foibe","_links":{"self":[{"href":"https:\/\/imagazine.it\/home_desk\/wp-json\/wp\/v2\/posts\/37921","targetHints":{"allow":["GET"]}}],"collection":[{"href":"https:\/\/imagazine.it\/home_desk\/wp-json\/wp\/v2\/posts"}],"about":[{"href":"https:\/\/imagazine.it\/home_desk\/wp-json\/wp\/v2\/types\/post"}],"author":[{"embeddable":true,"href":"https:\/\/imagazine.it\/home_desk\/wp-json\/wp\/v2\/users\/28"}],"replies":[{"embeddable":true,"href":"https:\/\/imagazine.it\/home_desk\/wp-json\/wp\/v2\/comments?post=37921"}],"version-history":[{"count":0,"href":"https:\/\/imagazine.it\/home_desk\/wp-json\/wp\/v2\/posts\/37921\/revisions"}],"wp:featuredmedia":[{"embeddable":true,"href":"https:\/\/imagazine.it\/home_desk\/wp-json\/wp\/v2\/media\/37922"}],"wp:attachment":[{"href":"https:\/\/imagazine.it\/home_desk\/wp-json\/wp\/v2\/media?parent=37921"}],"wp:term":[{"taxonomy":"category","embeddable":true,"href":"https:\/\/imagazine.it\/home_desk\/wp-json\/wp\/v2\/categories?post=37921"},{"taxonomy":"post_tag","embeddable":true,"href":"https:\/\/imagazine.it\/home_desk\/wp-json\/wp\/v2\/tags?post=37921"}],"curies":[{"name":"wp","href":"https:\/\/api.w.org\/{rel}","templated":true}]}}