{"id":37905,"date":"2021-02-23T00:00:00","date_gmt":"2021-02-22T23:00:00","guid":{"rendered":"https:\/\/imagazine.it\/?p=37905"},"modified":"2021-02-23T00:00:00","modified_gmt":"2021-02-22T23:00:00","slug":"ritmica-partenza-positiva-per-le-farfalle-dellasu","status":"publish","type":"post","link":"https:\/\/imagazine.it\/home_desk\/ritmica-partenza-positiva-per-le-farfalle-dellasu\/","title":{"rendered":"Ritmica, partenza positiva per le farfalle dell&#8217;ASU"},"content":{"rendered":"<p> \tPrima di campionato per le farfalle dell\u2019Associazione Sportiva Udinese che a Napoli sono scese in pedana pi\u00f9 cariche che mai. La corsa ai titoli del 2021 \u00e8 cominciata con una novit\u00e0, gli attrezzi diventano solamente quattro (palla, cerchio, clavette, nastro). Le atlete della ritmica \u201cperdono\u201d la fune, come successo un paio di anni fa con il corpo libero.<\/p>\n<p> \t<strong>GIOVANISSIME<\/strong> &#8211; Quella bianconera \u00e8 stata in assoluto <strong>la squadra pi\u00f9 giovane <\/strong>(tutte del 2007): <strong>Tara Draga\u0161<\/strong>, <strong>Isabelle Tavano<\/strong> e <strong>Miriam Marina<\/strong> sono infatti tutte junior. Inoltre l\u2019Asu \u00e8 stata una delle poche compagini senza il prestito straniero.<\/p>\n<p> \tInfine, grande assente per l\u2019esordio nel 2021 \u00e8 stata anche <strong>Alexandra Agiurgiuculese<\/strong>, forzatamente in pausa causa Covid-19.<\/p>\n<p> \tNonostante questo, la squadra ha raggiunto il 7\u00b0 posto, riempiendo di orgoglio le tecniche <strong>Spela Draga\u0161<\/strong> e <strong>Magda Pigano<\/strong>: \u00abSiamo molto soddisfatte della prova \u2013 ha spiegato Draga\u0161 \u2013 le ragazze ce l\u2019hanno messa tutta. Il loro duro lavoro in palestra \u00e8 stato ripagato. Certamente non siamo fra le prime posizioni in classifica, ma considerata la loro giovane et\u00e0 e la mancanza della ginnasta straniera e di Alex, hanno fatto davvero un\u2019ottima prova. Detto questo, poi, va anche ricordato che per l\u2019accesso alla final six di Torino, verranno considerate le due prove migliori, sulle tre totali\u00bb.<\/p>\n<p> \t<strong>UNA BUONA PROVA<\/strong> &#8211; Ecco allora che Tara Draga\u0161 \u00abha presentato due esercizi completamente nuovi al cerchio (20.550) e alla palla (20.150). Su cui ha cominciato a lavorare a met\u00e0 dicembre. \u00c8 stata anche l\u2019unica a presentare due esercizi di fila in gara. Li ha eseguiti attentamente, senza grossi errori, ma c\u2019\u00e8 stata qualche omissione rispetto programma completo e i pivot, generalmente suo forte, non sono stati realizzati al 100%\u00bb. Bene anche la prova di Miriam Marina alle clavette (17.350), che \u00abconsideriamo la \u201csaltatrice\u201d della squadra. A Napoli era troppo concentrata a non perdere l\u2019attrezzo. Per questa ragione non ha portato sufficiente attenzione alle difficolt\u00e0 corporee, soprattutto in occasione dei salti\u00bb. \u00c8 stata una giornata di sfide anche per Isabelle Tavano che \u00abha eseguito un esercizio con il nastro (16.650), sicuramente non suo attrezzo pi\u00f9 forte. \u00a0\u00c8 stata attenta, un po&#39; meno precisa nei movimenti corporei. I lanci hanno avuto delle traiettorie non perfette, ma il suo esercizio non ha avuto grandi errori\u00bb.<\/p>\n<p> \tAl Pala Vesuvio, inoltre, \u00e8 scesa in pedana anche <strong>Alice del Frate<\/strong>, per la sua prima prova in A2 (in prestito al Pontevecchio). Il suo esercizio con le clavette \u00e8 stato buono, ma con qualche errore.<\/p>\n<p> \tCausa Covid, infine, la squadra con cui avrebbe dovuto gareggiare <strong>Elena Perissinotto <\/strong>(anche lei in prestito), la Gymnics96, non \u00e8 potuta scendere in pedana. Quindi l&#39;esordio in B \u00e8 slittato di qualche settimana.<\/p>\n","protected":false},"excerpt":{"rendered":"<p>Prima di campionato a Napoli<\/p>\n","protected":false},"author":28,"featured_media":37906,"comment_status":"closed","ping_status":"closed","sticky":false,"template":"","format":"standard","meta":{"dwc-title":[],"dwc-content":[],"footnotes":""},"categories":[38],"tags":[],"class_list":["post-37905","post","type-post","status-publish","format-standard","has-post-thumbnail","hentry","category-sport"],"rttpg_featured_image_url":{"full":["https:\/\/imagazine.it\/wp-content\/uploads\/2024\/01\/38314-1.webp",1080,838,false],"landscape":["https:\/\/imagazine.it\/wp-content\/uploads\/2024\/01\/38314-1.webp",1080,838,false],"portraits":["https:\/\/imagazine.it\/wp-content\/uploads\/2024\/01\/38314-1.webp",1080,838,false],"thumbnail":["https:\/\/imagazine.it\/wp-content\/uploads\/2024\/01\/38314-1-150x150.webp",150,150,true],"medium":["https:\/\/imagazine.it\/wp-content\/uploads\/2024\/01\/38314-1-300x233.webp",300,233,true],"large":["https:\/\/imagazine.it\/wp-content\/uploads\/2024\/01\/38314-1-1024x795.webp",640,497,true],"thumblist":["https:\/\/imagazine.it\/wp-content\/uploads\/2024\/01\/38314-1.webp",300,233,false],"thumbrelated":["https:\/\/imagazine.it\/wp-content\/uploads\/2024\/01\/38314-1.webp",500,388,false],"meccarouselthumb":["https:\/\/imagazine.it\/wp-content\/uploads\/2024\/01\/38314-1.webp",418,324,false],"gridsquare":["https:\/\/imagazine.it\/wp-content\/uploads\/2024\/01\/38314-1.webp",335,260,false],"tileview":["https:\/\/imagazine.it\/wp-content\/uploads\/2024\/01\/38314-1.webp",300,233,false],"1536x1536":["https:\/\/imagazine.it\/wp-content\/uploads\/2024\/01\/38314-1.webp",1080,838,false],"2048x2048":["https:\/\/imagazine.it\/wp-content\/uploads\/2024\/01\/38314-1.webp",1080,838,false],"newsup-slider-full":["https:\/\/imagazine.it\/wp-content\/uploads\/2024\/01\/38314-1-1080x720.webp",1080,720,true],"newsup-featured":["https:\/\/imagazine.it\/wp-content\/uploads\/2024\/01\/38314-1-1024x795.webp",1024,795,true],"newsup-medium":["https:\/\/imagazine.it\/wp-content\/uploads\/2024\/01\/38314-1-720x380.webp",720,380,true],"tptn_thumbnail":["https:\/\/imagazine.it\/wp-content\/uploads\/2024\/01\/38314-1.webp",250,194,false],"sow-carousel-default":["https:\/\/imagazine.it\/wp-content\/uploads\/2024\/01\/38314-1-272x182.webp",272,182,true]},"rttpg_author":{"display_name":"redazione","author_link":"https:\/\/imagazine.it\/home_desk\/author\/redazione\/"},"rttpg_comment":0,"rttpg_category":"<a href=\"https:\/\/imagazine.it\/home_desk\/category\/sport\/\" rel=\"category tag\">SPORT<\/a>","rttpg_excerpt":"Prima di campionato a Napoli","_links":{"self":[{"href":"https:\/\/imagazine.it\/home_desk\/wp-json\/wp\/v2\/posts\/37905","targetHints":{"allow":["GET"]}}],"collection":[{"href":"https:\/\/imagazine.it\/home_desk\/wp-json\/wp\/v2\/posts"}],"about":[{"href":"https:\/\/imagazine.it\/home_desk\/wp-json\/wp\/v2\/types\/post"}],"author":[{"embeddable":true,"href":"https:\/\/imagazine.it\/home_desk\/wp-json\/wp\/v2\/users\/28"}],"replies":[{"embeddable":true,"href":"https:\/\/imagazine.it\/home_desk\/wp-json\/wp\/v2\/comments?post=37905"}],"version-history":[{"count":0,"href":"https:\/\/imagazine.it\/home_desk\/wp-json\/wp\/v2\/posts\/37905\/revisions"}],"wp:featuredmedia":[{"embeddable":true,"href":"https:\/\/imagazine.it\/home_desk\/wp-json\/wp\/v2\/media\/37906"}],"wp:attachment":[{"href":"https:\/\/imagazine.it\/home_desk\/wp-json\/wp\/v2\/media?parent=37905"}],"wp:term":[{"taxonomy":"category","embeddable":true,"href":"https:\/\/imagazine.it\/home_desk\/wp-json\/wp\/v2\/categories?post=37905"},{"taxonomy":"post_tag","embeddable":true,"href":"https:\/\/imagazine.it\/home_desk\/wp-json\/wp\/v2\/tags?post=37905"}],"curies":[{"name":"wp","href":"https:\/\/api.w.org\/{rel}","templated":true}]}}