{"id":37901,"date":"2021-02-23T00:00:00","date_gmt":"2021-02-22T23:00:00","guid":{"rendered":"https:\/\/imagazine.it\/?p=37901"},"modified":"2021-02-23T00:00:00","modified_gmt":"2021-02-22T23:00:00","slug":"covid-da-domani-prime-vaccinazioni-per-il-personale-della-scuola","status":"publish","type":"post","link":"https:\/\/imagazine.it\/home_desk\/covid-da-domani-prime-vaccinazioni-per-il-personale-della-scuola\/","title":{"rendered":"Covid, da domani prime vaccinazioni per il personale della scuola"},"content":{"rendered":"<p> \t&#8220;Con la vaccinazione della quasi totalit\u00e0 del personale socio-sanitario e dei residenti nelle strutture per anziani, ovvero circa 46 mila persone su 48 mila previste, la prima fase della campagna vaccinale si pu\u00f2 considerare ultimata e ora dobbiamo concentrarci sulla somministrazione agli over 80 e sulle altre categorie indicate dal Governo: le universit\u00e0, per le quali siamo a buon punto, la scuola, le forze di polizia e i militari. L&#39;adesione ha registrato percentuali considerevoli, a conferma del senso di responsabilit\u00e0 di queste categorie professionali e della fiducia in quella che \u00e8 la nostra arma pi\u00f9 potente nella guerra al Covid-19&#8221;.<\/p>\n<p> \tLo ha evidenziato il vicegovernatore del Friuli Venezia Giulia con delega alla Salute, <strong>Riccardo Riccardi<\/strong>, il quale ha confermato che &#8220;oggi sono state aperte le agende vaccinali riservate agli insegnanti e agli appartenenti ai corpi di Polizia locale, che possono prenotarsi attraverso i Centri unici di prenotazioni delle aziende sanitarie (Cup), le farmacie e il call center regionale (0434-223522), seguendo la stessa procedura adottata per il personale sociosanitario&#8221;.<\/p>\n<p> \t\u00a0<\/p>\n<p> \t<a href=\"http:\/\/imagazinevideotruck.it\/outlet\/relink.html\" target=\"_top\" rel=\"noopener\"><img loading=\"lazy\" decoding=\"async\" align=\"LEFT\" height=\"250\" src=\"http:\/\/imagazinevideotruck.it\/outlet\/outlet30.gif\" width=\"300\" alt=\"\" title=\"\"><\/a><\/p>\n<p> \t\u00a0<\/p>\n<p> \t\u00a0<\/p>\n<p> \t\u00a0<\/p>\n<p> \t\u00a0<\/p>\n<p> \t\u00a0<\/p>\n<p> \t\u00a0<\/p>\n<p> \t\u00a0<\/p>\n<p> \t\u00a0<\/p>\n<p> \t\u00a0<\/p>\n<p> \t\u00a0<\/p>\n<p> \tRiccardi ha spiegato che &#8220;superate le criticit\u00e0 legate alla privacy, da domani, mercoled\u00ec 24 febbraio, l&#39;Azienda sanitaria universitaria Giuliano Isontina eseguir\u00e0 le prime inoculazioni di vaccino per gli insegnanti, mentre l&#39;Azienda sanitaria universitaria Friuli Centrale le avvier\u00e0 sabato 27 febbraio e all&#39;Azienda sanitaria Friuli Occidentale partiranno da luned\u00ec 1\u00b0 marzo&#8221;.<\/p>\n<p> \t\u00a0<\/p>\n<p> \t&#8220;In base alle indicazioni del Governo, prosegue nel frattempo la raccolta delle adesioni da parte delle forze armate e delle forze di polizia, le quali a breve &#8211; prosegue il vicegovernatore &#8211; comunicheranno gli elenchi del personale da vaccinare direttamente alle aziende sanitarie, che definiranno le agende vaccinali&#8221;.<\/p>\n<p> \tRiccardi ha ribadito che &#8220;per queste categorie, in base alle indicazioni nazionali, il siero somministrato \u00e8 quello prodotto dell&#39;azienda AstraZeneca, che proprio questa mattina \u00e8 stato esteso a tutti i soggetti under 65, con la sola esclusione di quelli considerati fragili&#8221;.<\/p>\n","protected":false},"excerpt":{"rendered":"<p>La conferma del vicegovernatore Riccardi<\/p>\n","protected":false},"author":28,"featured_media":37902,"comment_status":"closed","ping_status":"closed","sticky":false,"template":"","format":"standard","meta":{"dwc-title":[],"dwc-content":[],"footnotes":""},"categories":[5],"tags":[],"class_list":["post-37901","post","type-post","status-publish","format-standard","has-post-thumbnail","hentry","category-attualita"],"rttpg_featured_image_url":{"full":["https:\/\/imagazine.it\/wp-content\/uploads\/2024\/01\/38307-1.webp",1280,960,false],"landscape":["https:\/\/imagazine.it\/wp-content\/uploads\/2024\/01\/38307-1.webp",1280,960,false],"portraits":["https:\/\/imagazine.it\/wp-content\/uploads\/2024\/01\/38307-1.webp",1280,960,false],"thumbnail":["https:\/\/imagazine.it\/wp-content\/uploads\/2024\/01\/38307-1-150x150.webp",150,150,true],"medium":["https:\/\/imagazine.it\/wp-content\/uploads\/2024\/01\/38307-1-300x225.webp",300,225,true],"large":["https:\/\/imagazine.it\/wp-content\/uploads\/2024\/01\/38307-1-1024x768.webp",640,480,true],"thumblist":["https:\/\/imagazine.it\/wp-content\/uploads\/2024\/01\/38307-1.webp",300,225,false],"thumbrelated":["https:\/\/imagazine.it\/wp-content\/uploads\/2024\/01\/38307-1.webp",500,375,false],"meccarouselthumb":["https:\/\/imagazine.it\/wp-content\/uploads\/2024\/01\/38307-1.webp",432,324,false],"gridsquare":["https:\/\/imagazine.it\/wp-content\/uploads\/2024\/01\/38307-1.webp",347,260,false],"tileview":["https:\/\/imagazine.it\/wp-content\/uploads\/2024\/01\/38307-1.webp",300,225,false],"1536x1536":["https:\/\/imagazine.it\/wp-content\/uploads\/2024\/01\/38307-1.webp",1280,960,false],"2048x2048":["https:\/\/imagazine.it\/wp-content\/uploads\/2024\/01\/38307-1.webp",1280,960,false],"newsup-slider-full":["https:\/\/imagazine.it\/wp-content\/uploads\/2024\/01\/38307-1-1280x720.webp",1280,720,true],"newsup-featured":["https:\/\/imagazine.it\/wp-content\/uploads\/2024\/01\/38307-1-1024x768.webp",1024,768,true],"newsup-medium":["https:\/\/imagazine.it\/wp-content\/uploads\/2024\/01\/38307-1-720x380.webp",720,380,true],"tptn_thumbnail":["https:\/\/imagazine.it\/wp-content\/uploads\/2024\/01\/38307-1.webp",250,188,false],"sow-carousel-default":["https:\/\/imagazine.it\/wp-content\/uploads\/2024\/01\/38307-1-272x182.webp",272,182,true]},"rttpg_author":{"display_name":"redazione","author_link":"https:\/\/imagazine.it\/home_desk\/author\/redazione\/"},"rttpg_comment":0,"rttpg_category":"<a href=\"https:\/\/imagazine.it\/home_desk\/category\/attualita\/\" rel=\"category tag\">ATTUALIT\u00c0<\/a>","rttpg_excerpt":"La conferma del vicegovernatore Riccardi","_links":{"self":[{"href":"https:\/\/imagazine.it\/home_desk\/wp-json\/wp\/v2\/posts\/37901","targetHints":{"allow":["GET"]}}],"collection":[{"href":"https:\/\/imagazine.it\/home_desk\/wp-json\/wp\/v2\/posts"}],"about":[{"href":"https:\/\/imagazine.it\/home_desk\/wp-json\/wp\/v2\/types\/post"}],"author":[{"embeddable":true,"href":"https:\/\/imagazine.it\/home_desk\/wp-json\/wp\/v2\/users\/28"}],"replies":[{"embeddable":true,"href":"https:\/\/imagazine.it\/home_desk\/wp-json\/wp\/v2\/comments?post=37901"}],"version-history":[{"count":0,"href":"https:\/\/imagazine.it\/home_desk\/wp-json\/wp\/v2\/posts\/37901\/revisions"}],"wp:featuredmedia":[{"embeddable":true,"href":"https:\/\/imagazine.it\/home_desk\/wp-json\/wp\/v2\/media\/37902"}],"wp:attachment":[{"href":"https:\/\/imagazine.it\/home_desk\/wp-json\/wp\/v2\/media?parent=37901"}],"wp:term":[{"taxonomy":"category","embeddable":true,"href":"https:\/\/imagazine.it\/home_desk\/wp-json\/wp\/v2\/categories?post=37901"},{"taxonomy":"post_tag","embeddable":true,"href":"https:\/\/imagazine.it\/home_desk\/wp-json\/wp\/v2\/tags?post=37901"}],"curies":[{"name":"wp","href":"https:\/\/api.w.org\/{rel}","templated":true}]}}