{"id":37893,"date":"2021-02-23T00:00:00","date_gmt":"2021-02-22T23:00:00","guid":{"rendered":"https:\/\/imagazine.it\/?p=37893"},"modified":"2021-02-23T00:00:00","modified_gmt":"2021-02-22T23:00:00","slug":"trieste-semafori-intelligenti-per-non-vedenti-e-ipovedenti","status":"publish","type":"post","link":"https:\/\/imagazine.it\/home_desk\/trieste-semafori-intelligenti-per-non-vedenti-e-ipovedenti\/","title":{"rendered":"Trieste, semafori intelligenti per non vedenti e ipovedenti"},"content":{"rendered":"<p> \tInaugurato oggi, in <strong>piazza della Borsa a Trieste<\/strong>, il semaforo intelligente \u201cLETIsmart\u201d che garantir\u00e0 alle persone non vedenti e ipovedenti una maggiore autonomia urbana.<\/p>\n<p> \tIl progetto LETIsmart \u00e8 stato ideato da <strong>Marino Attini<\/strong> e realizzato da SCEN, ed \u00e8 frutto del lavoro congiunto di <strong>Comune di Trieste, Unione Italiana dei Ciechi e Ipovedenti, Scen, La Semaforica ed HeraLuce<\/strong>. Si completa cos\u00ec l\u2019installazione dei tag del progetto sui semafori triestini.<\/p>\n<p> \tDopo gli autobus, ora anche i semafori triestini sono dotati di un dispositivo che dialoga con un sistema di comunicazione installato nell\u2019impugnatura dei bastoni LETIsmart Voce, fornendo ai cittadini non vedenti informazioni vocali di orientamento urbano.<\/p>\n<p> \tTrieste \u00e8 la prima citt\u00e0 in Italia ad aver adottato il sistema \u201cLETIsmart\u201d, una soluzione tecnologica avanzata che favorisce l\u2019autonomia personale dei disabili visivi nella vita quotidiana in citt\u00e0. LETIsmart oggi offre a Trieste importanti informazioni di orientamento urbano che riguardano i mezzi pubblici e i semafori assistiti, ma che andando verso una citt\u00e0 sempre pi\u00f9 smart, potr\u00e0 riguardare anche attivit\u00e0 commerciali, farmacie, musei, uffici e taxi.<\/p>\n<p> \tA seguito del completamento dell\u2019installazione realizzata da Scen, il sistema LETIsmart sar\u00e0 adesso in grado di dialogare con 110 semafori ubicati sul territorio cittadino grazie alla collaborazione con La Semaforica srl di Padova e Hera Luce. L\u2019azienda di illuminazione pubblica di AcegasApsAmga, in qualit\u00e0 di manutentore degli impianti semaforici, ha seguito per conto del Comune di Trieste la corretta installazione dei radiofari LETIsmart Tag, effettuando le verifiche di corretto funzionamento tra l\u2019impianto semaforico e il dispositivo.<\/p>\n<p> \tL\u2019ubicazione dei dispositivi lungo le strade cittadine \u00e8 stata decisa dalla sezione provinciale di Trieste dell\u2019Unione Italiana dei Ciechi e degli Ipovedenti, in collaborazione con Aniomap, Associazione Nazionale istruttori orientamento mobilit\u00e0 autonomia personale, e riguarda gli itinerari di contesto urbano pi\u00f9 utilizzati dagli ipovedenti.<\/p>\n<p> \t<a href=\"http:\/\/imagazinevideotruck.it\/outlet\/relink_euro.html\" target=\"_top\" rel=\"noopener\"><img loading=\"lazy\" decoding=\"async\" align=\"LEFT\" height=\"250\" src=\"http:\/\/imagazinevideotruck.it\/outlet\/euromobili_banner_art.jpg\" width=\"300\" alt=\"\" title=\"\"><\/a><\/p>\n<p> \t\u00a0<\/p>\n<p> \t\u00a0<\/p>\n<p> \t\u00a0<\/p>\n<p> \t\u00a0<\/p>\n<p> \t\u00a0<\/p>\n<p> \t\u00a0<\/p>\n<p> \t\u00a0<\/p>\n<p> \t\u00a0<\/p>\n<p> \t\u00a0<\/p>\n<p> \tAttraverso il sistema di comunicazione LETIsmart tra semaforo e bastone, l\u2019utente ricever\u00e0 le informazioni audio riguardo i riferimenti dell\u2019attraversamento pedonale e potr\u00e0 interagire con il semaforo stesso, tutto dal proprio bastone bianco: il sistema permette di attivare il sonoro direzionale per farsi guidare fino al punto esatto di attraversamento. Ma non solo, grazie all\u2019utilizzo di un \u2018mini pocket\u2019 con impulsi sonori il non vedente sar\u00e0 facilitato anche durante i viaggi, nei ristoranti e negli autobus (potr\u00e0 comunicare all\u2019autista la necessit\u00e0 di far scendere la pedana).<\/p>\n<p> \tAlla presentazione della seconda fase del progetto sono intervenuti il sindaco <strong>Roberto Dipiazza<\/strong>, <strong>Silvia Fonzari<\/strong>, Posizione Organizzativa Ufficio Mobilit\u00e0 Sostenibile, Sistema Semaforico-Dipartimento Territorio, Mobilit\u00e0 del Comune di Trieste, <strong>Marino Attini<\/strong>, Direzione Nazionale dell\u2019Unione Italiana dei Ciechi e degli Ipovedenti, <strong>Pierpaolo Lenaz<\/strong>, presidente della sezione di Trieste dell\u2019UICI, <strong>Diego Bertocchi<\/strong>, presidente Scen, <strong>Andrea Greggio<\/strong>, titolare de La Semaforica, <strong>Federico Trevisan<\/strong> e <strong>Diego Radin<\/strong>, di AcgeasApsAmga ed HeraLuce.<\/p>\n","protected":false},"excerpt":{"rendered":"<p>Cerimonia in piazza della Borsa<\/p>\n","protected":false},"author":28,"featured_media":37894,"comment_status":"closed","ping_status":"closed","sticky":false,"template":"","format":"standard","meta":{"dwc-title":[],"dwc-content":[],"footnotes":""},"categories":[5],"tags":[],"class_list":["post-37893","post","type-post","status-publish","format-standard","has-post-thumbnail","hentry","category-attualita"],"rttpg_featured_image_url":{"full":["https:\/\/imagazine.it\/wp-content\/uploads\/2024\/01\/38302-1.webp",1000,750,false],"landscape":["https:\/\/imagazine.it\/wp-content\/uploads\/2024\/01\/38302-1.webp",1000,750,false],"portraits":["https:\/\/imagazine.it\/wp-content\/uploads\/2024\/01\/38302-1.webp",1000,750,false],"thumbnail":["https:\/\/imagazine.it\/wp-content\/uploads\/2024\/01\/38302-1-150x150.webp",150,150,true],"medium":["https:\/\/imagazine.it\/wp-content\/uploads\/2024\/01\/38302-1-300x225.webp",300,225,true],"large":["https:\/\/imagazine.it\/wp-content\/uploads\/2024\/01\/38302-1.webp",640,480,false],"thumblist":["https:\/\/imagazine.it\/wp-content\/uploads\/2024\/01\/38302-1.webp",300,225,false],"thumbrelated":["https:\/\/imagazine.it\/wp-content\/uploads\/2024\/01\/38302-1.webp",500,375,false],"meccarouselthumb":["https:\/\/imagazine.it\/wp-content\/uploads\/2024\/01\/38302-1.webp",432,324,false],"gridsquare":["https:\/\/imagazine.it\/wp-content\/uploads\/2024\/01\/38302-1.webp",347,260,false],"tileview":["https:\/\/imagazine.it\/wp-content\/uploads\/2024\/01\/38302-1.webp",300,225,false],"1536x1536":["https:\/\/imagazine.it\/wp-content\/uploads\/2024\/01\/38302-1.webp",1000,750,false],"2048x2048":["https:\/\/imagazine.it\/wp-content\/uploads\/2024\/01\/38302-1.webp",1000,750,false],"newsup-slider-full":["https:\/\/imagazine.it\/wp-content\/uploads\/2024\/01\/38302-1-1000x720.webp",1000,720,true],"newsup-featured":["https:\/\/imagazine.it\/wp-content\/uploads\/2024\/01\/38302-1.webp",1000,750,false],"newsup-medium":["https:\/\/imagazine.it\/wp-content\/uploads\/2024\/01\/38302-1-720x380.webp",720,380,true],"tptn_thumbnail":["https:\/\/imagazine.it\/wp-content\/uploads\/2024\/01\/38302-1.webp",250,188,false],"sow-carousel-default":["https:\/\/imagazine.it\/wp-content\/uploads\/2024\/01\/38302-1-272x182.webp",272,182,true]},"rttpg_author":{"display_name":"redazione","author_link":"https:\/\/imagazine.it\/home_desk\/author\/redazione\/"},"rttpg_comment":0,"rttpg_category":"<a href=\"https:\/\/imagazine.it\/home_desk\/category\/attualita\/\" rel=\"category tag\">ATTUALIT\u00c0<\/a>","rttpg_excerpt":"Cerimonia in piazza della Borsa","_links":{"self":[{"href":"https:\/\/imagazine.it\/home_desk\/wp-json\/wp\/v2\/posts\/37893","targetHints":{"allow":["GET"]}}],"collection":[{"href":"https:\/\/imagazine.it\/home_desk\/wp-json\/wp\/v2\/posts"}],"about":[{"href":"https:\/\/imagazine.it\/home_desk\/wp-json\/wp\/v2\/types\/post"}],"author":[{"embeddable":true,"href":"https:\/\/imagazine.it\/home_desk\/wp-json\/wp\/v2\/users\/28"}],"replies":[{"embeddable":true,"href":"https:\/\/imagazine.it\/home_desk\/wp-json\/wp\/v2\/comments?post=37893"}],"version-history":[{"count":0,"href":"https:\/\/imagazine.it\/home_desk\/wp-json\/wp\/v2\/posts\/37893\/revisions"}],"wp:featuredmedia":[{"embeddable":true,"href":"https:\/\/imagazine.it\/home_desk\/wp-json\/wp\/v2\/media\/37894"}],"wp:attachment":[{"href":"https:\/\/imagazine.it\/home_desk\/wp-json\/wp\/v2\/media?parent=37893"}],"wp:term":[{"taxonomy":"category","embeddable":true,"href":"https:\/\/imagazine.it\/home_desk\/wp-json\/wp\/v2\/categories?post=37893"},{"taxonomy":"post_tag","embeddable":true,"href":"https:\/\/imagazine.it\/home_desk\/wp-json\/wp\/v2\/tags?post=37893"}],"curies":[{"name":"wp","href":"https:\/\/api.w.org\/{rel}","templated":true}]}}