{"id":37861,"date":"2021-02-19T00:00:00","date_gmt":"2021-02-18T23:00:00","guid":{"rendered":"https:\/\/imagazine.it\/?p=37861"},"modified":"2021-02-19T00:00:00","modified_gmt":"2021-02-18T23:00:00","slug":"cividale-nuova-illuminazione-per-valorizzare-duomo-e-ponte-del-diavolo","status":"publish","type":"post","link":"https:\/\/imagazine.it\/home_desk\/cividale-nuova-illuminazione-per-valorizzare-duomo-e-ponte-del-diavolo\/","title":{"rendered":"Cividale, nuova illuminazione per valorizzare Duomo e Ponte del Diavolo"},"content":{"rendered":"<p> \tNuova illuminazione per valorizzare il <strong>Duomo e il Ponte del Diavolo a Cividale del Friuli<\/strong>.<\/p>\n<p> \t\u201cAbbiamo optato su un\u2019illuminazione di tipo architettonico \u2013 spiega <strong>Giuseppe Ruolo<\/strong>, assessore ai Lavori Pubblici \u2013 nonch\u00e9, per questioni invece legate alla sicurezza e al decoro del luogo, \u00e8 stata potenziata l\u2019illuminazione di Parco Italia con l\u2019aggiunta di otto punti luce\u201d.<\/p>\n<p> \t\u201cIl Concessionario CIEL \u2013 aggiunge l\u2019assessore \u2013 sta riqualificando tutti i punti luce sparsi sul territorio, e derivati direttamente dalla rete del distributore, che hanno richiesto ulteriori progetti e soluzioni tecniche, quali nuove forniture. Ad esempio, in <strong>via Sanguarzo<\/strong> si \u00e8 provveduto ad ottenere una nuova fornitura, a realizzare una nuova linea e a installare cinque punti luce, cos\u00ec come all\u2019incrocio tra <strong>via delle Acque e via Viola<\/strong>\u201d.<\/p>\n<p> \tAltri interventi interesseranno anche per il centro cittadino.<\/p>\n<p> \t\u201cSono state avviate tutte le pratiche per procedere all\u2019interramento della linea di <strong>via Udine<\/strong> per cui, una volta ottenuto il nulla osta da parte di ANAS, la CIEL inizier\u00e0 le opere di scavo e di stesura delle linee. L\u2019inizio di tale attivit\u00e0 \u00e8 previsto prima della fine di marzo. Si \u00e8 inoltre ripristinata l\u2019illuminazione di <strong>piazza Alberto Picco<\/strong> e del <strong>Belvedere sul Natisone<\/strong>. Ulteriore beneficio per l\u2019Amministrazione \u00e8 la diminuzione del canone mensile che porter\u00e0 a un risparmio per le casse comunali di circa <strong>10.000 euro nell\u2019arco del 2021<\/strong>, pur essendo aumentato il numero dei punti luce in gestione\u201d, conclude Ruolo.<\/p>\n","protected":false},"excerpt":{"rendered":"<p>Entro marzo i lavori in via Udine<\/p>\n","protected":false},"author":28,"featured_media":37862,"comment_status":"closed","ping_status":"closed","sticky":false,"template":"","format":"standard","meta":{"dwc-title":[],"dwc-content":[],"footnotes":""},"categories":[5],"tags":[],"class_list":["post-37861","post","type-post","status-publish","format-standard","has-post-thumbnail","hentry","category-attualita"],"rttpg_featured_image_url":{"full":["https:\/\/imagazine.it\/wp-content\/uploads\/2024\/01\/38268-1.webp",1000,750,false],"landscape":["https:\/\/imagazine.it\/wp-content\/uploads\/2024\/01\/38268-1.webp",1000,750,false],"portraits":["https:\/\/imagazine.it\/wp-content\/uploads\/2024\/01\/38268-1.webp",1000,750,false],"thumbnail":["https:\/\/imagazine.it\/wp-content\/uploads\/2024\/01\/38268-1-150x150.webp",150,150,true],"medium":["https:\/\/imagazine.it\/wp-content\/uploads\/2024\/01\/38268-1-300x225.webp",300,225,true],"large":["https:\/\/imagazine.it\/wp-content\/uploads\/2024\/01\/38268-1.webp",640,480,false],"thumblist":["https:\/\/imagazine.it\/wp-content\/uploads\/2024\/01\/38268-1.webp",300,225,false],"thumbrelated":["https:\/\/imagazine.it\/wp-content\/uploads\/2024\/01\/38268-1.webp",500,375,false],"meccarouselthumb":["https:\/\/imagazine.it\/wp-content\/uploads\/2024\/01\/38268-1.webp",432,324,false],"gridsquare":["https:\/\/imagazine.it\/wp-content\/uploads\/2024\/01\/38268-1.webp",347,260,false],"tileview":["https:\/\/imagazine.it\/wp-content\/uploads\/2024\/01\/38268-1.webp",300,225,false],"1536x1536":["https:\/\/imagazine.it\/wp-content\/uploads\/2024\/01\/38268-1.webp",1000,750,false],"2048x2048":["https:\/\/imagazine.it\/wp-content\/uploads\/2024\/01\/38268-1.webp",1000,750,false],"newsup-slider-full":["https:\/\/imagazine.it\/wp-content\/uploads\/2024\/01\/38268-1-1000x720.webp",1000,720,true],"newsup-featured":["https:\/\/imagazine.it\/wp-content\/uploads\/2024\/01\/38268-1.webp",1000,750,false],"newsup-medium":["https:\/\/imagazine.it\/wp-content\/uploads\/2024\/01\/38268-1-720x380.webp",720,380,true],"tptn_thumbnail":["https:\/\/imagazine.it\/wp-content\/uploads\/2024\/01\/38268-1.webp",250,188,false],"sow-carousel-default":["https:\/\/imagazine.it\/wp-content\/uploads\/2024\/01\/38268-1-272x182.webp",272,182,true]},"rttpg_author":{"display_name":"redazione","author_link":"https:\/\/imagazine.it\/home_desk\/author\/redazione\/"},"rttpg_comment":0,"rttpg_category":"<a href=\"https:\/\/imagazine.it\/home_desk\/category\/attualita\/\" rel=\"category tag\">ATTUALIT\u00c0<\/a>","rttpg_excerpt":"Entro marzo i lavori in via Udine","_links":{"self":[{"href":"https:\/\/imagazine.it\/home_desk\/wp-json\/wp\/v2\/posts\/37861","targetHints":{"allow":["GET"]}}],"collection":[{"href":"https:\/\/imagazine.it\/home_desk\/wp-json\/wp\/v2\/posts"}],"about":[{"href":"https:\/\/imagazine.it\/home_desk\/wp-json\/wp\/v2\/types\/post"}],"author":[{"embeddable":true,"href":"https:\/\/imagazine.it\/home_desk\/wp-json\/wp\/v2\/users\/28"}],"replies":[{"embeddable":true,"href":"https:\/\/imagazine.it\/home_desk\/wp-json\/wp\/v2\/comments?post=37861"}],"version-history":[{"count":0,"href":"https:\/\/imagazine.it\/home_desk\/wp-json\/wp\/v2\/posts\/37861\/revisions"}],"wp:featuredmedia":[{"embeddable":true,"href":"https:\/\/imagazine.it\/home_desk\/wp-json\/wp\/v2\/media\/37862"}],"wp:attachment":[{"href":"https:\/\/imagazine.it\/home_desk\/wp-json\/wp\/v2\/media?parent=37861"}],"wp:term":[{"taxonomy":"category","embeddable":true,"href":"https:\/\/imagazine.it\/home_desk\/wp-json\/wp\/v2\/categories?post=37861"},{"taxonomy":"post_tag","embeddable":true,"href":"https:\/\/imagazine.it\/home_desk\/wp-json\/wp\/v2\/tags?post=37861"}],"curies":[{"name":"wp","href":"https:\/\/api.w.org\/{rel}","templated":true}]}}