{"id":37835,"date":"2021-02-17T00:00:00","date_gmt":"2021-02-16T23:00:00","guid":{"rendered":"https:\/\/imagazine.it\/?p=37835"},"modified":"2021-02-17T00:00:00","modified_gmt":"2021-02-16T23:00:00","slug":"vaccino-covid-in-fvg-prenotati-oltre-64-mila-over-80-in-tre-giorni","status":"publish","type":"post","link":"https:\/\/imagazine.it\/home_desk\/vaccino-covid-in-fvg-prenotati-oltre-64-mila-over-80-in-tre-giorni\/","title":{"rendered":"Vaccino Covid, in FVG prenotati oltre 64 mila over 80 in tre giorni"},"content":{"rendered":"<p> \t<strong>Aggiornamento ore 19<\/strong><\/p>\n<p> \t&#8220;Hanno raggiunto quota 64.200 le prenotazioni degli over 80 che si dovranno sottoporre al ciclo di vaccinazioni anti-Covid in regione, mentre gli ultraottantenni a cui ad oggi \u00e8 stata inoculata la dose sono 2.503 unit\u00e0&#8221;.<\/p>\n<p> \tLo rende noto il vicegovernatore del Friuli Venezia Giulia con delega alla Salute, <strong>Riccardo Riccardi<\/strong>.<\/p>\n<p> \t&#8220;Tenendo conto che il primo target di quanti si dovranno sottoporre al vaccino sono circa 93 mila persone (a cui si aggiungono le 15 mila unit\u00e0 fragili che verranno direttamente contattate) &#8211; spiega il vicegovernatore &#8211; ci\u00f2 significa che in poco tempo abbiamo gi\u00e0 raggiunto un valore percentuale di prenotazione che si aggira intorno al 70 per cento. Le somministrazioni totali, invece, oggi sono arrivate a quota 80.336, di cui 47.314 risultano essere le prime somministrazioni mentre le seconde sono 33.026. Gli over 80 che hanno gi\u00e0 ricevuto la prima inoculazione sono, ad oggi, 2.503 unit\u00e0&#8221;<\/p>\n<p> \t\u00a0<\/p>\n<p> \t<strong>Aggiornamento ore 17.46<\/strong><\/p>\n<p> \tSono 54 mila le persone over 80 che, in tre giorni, si sono prenotate in Friuli Venezia Giulia alla campagna vaccinale anti-Covid.<\/p>\n<p> \tA confermarlo \u00e8 il vicegovernatore con delega alla Salute, <strong>Riccardo Riccardi<\/strong>.<\/p>\n<p> \tDei circa 15 mila over 80 in situazioni di fragilit\u00e0, in considerazione delle loro condizioni di salute, una parte verr\u00e0 trasportata nelle sedi vaccinali mentre nei casi pi\u00f9 gravi l&#39;operazione verr\u00e0 effettuata a domicilio.<\/p>\n<p> \t<a href=\"http:\/\/imagazinevideotruck.it\/outlet\/relink_euro.html\" target=\"_top\" rel=\"noopener\"><img loading=\"lazy\" decoding=\"async\" align=\"LEFT\" height=\"250\" src=\"http:\/\/imagazinevideotruck.it\/outlet\/euromobili_banner_art.jpg\" width=\"300\" alt=\"\" title=\"\"><\/a><\/p>\n<p> \t\u00a0<\/p>\n<p> \t\u00a0<\/p>\n<p> \t\u00a0<\/p>\n<p> \t\u00a0<\/p>\n<p> \t\u00a0<\/p>\n<p> \t\u00a0<\/p>\n<p> \t\u00a0<\/p>\n<p> \t\u00a0<\/p>\n<p> \t\u00a0<\/p>\n<p> \tNel dettaglio, come ha illustrato il vicegovernatore, tutti i soggetti ultraottantenni che all&#39;atto della prenotazione hanno dichiarato di non potersi recare nelle sedi vaccinali vengono raggiunti telefonicamente e, dopo adeguato triage, viene valutata la possibilit\u00e0 per loro di raggiungere la sede vaccinale con un trasporto protetto programmato e offerto contestualmente all&#39;appuntamento vaccinale. Le persone che saranno considerate intrasportabili e i soggetti allettati, gi\u00e0 noti e in carico ai servizi domiciliari, saranno vaccinati al proprio domicilio avvalendosi del personale infermieristico e medico in forze ai servizi dei distretti, oltre a personale sanitario aggiuntivo proveniente da elenchi e graduatorie dell&#39;Azienda regionale di coordinamento per la salute e della Protezione civile.<\/p>\n<p> \tPer quel che riguarda il personale impiegato, Riccardi ha specificato che sar\u00e0, in parte, lo stesso personale ospedaliero che sta eseguendo le vaccinazioni nelle attuali sedi vaccinali, cos\u00ec come quello dei distretti che sta attualmente terminando le vaccinazioni nelle strutture residenziali e il personale medico individuato tramite il bando della Protezione civile.<\/p>\n<p> \tInfine, relativamente al ruolo dei medici di medicina generale, come ha ribadito Riccardi, &#8220;ci si attiene a delle disposizioni ministeriali molto precise che devono essere osservate. Nel merito &#8211; ha chiarito il vicegovernatore &#8211; riteniamo che i medici di famiglia possano giocare un ruolo fondamentale nelle vaccinazioni nei casi in cui il tipo di siero non richieda particolari condizioni di conservazione, come l&#39;AstraZeneca al momento limitato agli under 55. Per avviare questa collaborazione per\u00f2 siamo obbligati ad attendere la stipula dell&#39;accordo collettivo a livello nazionale. A quel punto &#8211; ha concluso &#8211; seguiremo come da legge le direttive del Governo&#8221;.<\/p>\n","protected":false},"excerpt":{"rendered":"<p>La conferma del vicegovernatore Riccardi<\/p>\n","protected":false},"author":28,"featured_media":37836,"comment_status":"closed","ping_status":"closed","sticky":false,"template":"","format":"standard","meta":{"dwc-title":[],"dwc-content":[],"footnotes":""},"categories":[5],"tags":[],"class_list":["post-37835","post","type-post","status-publish","format-standard","has-post-thumbnail","hentry","category-attualita"],"rttpg_featured_image_url":{"full":["https:\/\/imagazine.it\/wp-content\/uploads\/2024\/01\/38216-1.webp",1000,669,false],"landscape":["https:\/\/imagazine.it\/wp-content\/uploads\/2024\/01\/38216-1.webp",1000,669,false],"portraits":["https:\/\/imagazine.it\/wp-content\/uploads\/2024\/01\/38216-1.webp",1000,669,false],"thumbnail":["https:\/\/imagazine.it\/wp-content\/uploads\/2024\/01\/38216-1-150x150.webp",150,150,true],"medium":["https:\/\/imagazine.it\/wp-content\/uploads\/2024\/01\/38216-1-300x201.webp",300,201,true],"large":["https:\/\/imagazine.it\/wp-content\/uploads\/2024\/01\/38216-1.webp",640,428,false],"thumblist":["https:\/\/imagazine.it\/wp-content\/uploads\/2024\/01\/38216-1.webp",300,201,false],"thumbrelated":["https:\/\/imagazine.it\/wp-content\/uploads\/2024\/01\/38216-1.webp",500,335,false],"meccarouselthumb":["https:\/\/imagazine.it\/wp-content\/uploads\/2024\/01\/38216-1.webp",474,317,false],"gridsquare":["https:\/\/imagazine.it\/wp-content\/uploads\/2024\/01\/38216-1.webp",389,260,false],"tileview":["https:\/\/imagazine.it\/wp-content\/uploads\/2024\/01\/38216-1.webp",300,201,false],"1536x1536":["https:\/\/imagazine.it\/wp-content\/uploads\/2024\/01\/38216-1.webp",1000,669,false],"2048x2048":["https:\/\/imagazine.it\/wp-content\/uploads\/2024\/01\/38216-1.webp",1000,669,false],"newsup-slider-full":["https:\/\/imagazine.it\/wp-content\/uploads\/2024\/01\/38216-1.webp",1000,669,false],"newsup-featured":["https:\/\/imagazine.it\/wp-content\/uploads\/2024\/01\/38216-1.webp",1000,669,false],"newsup-medium":["https:\/\/imagazine.it\/wp-content\/uploads\/2024\/01\/38216-1-720x380.webp",720,380,true],"tptn_thumbnail":["https:\/\/imagazine.it\/wp-content\/uploads\/2024\/01\/38216-1.webp",250,167,false],"sow-carousel-default":["https:\/\/imagazine.it\/wp-content\/uploads\/2024\/01\/38216-1-272x182.webp",272,182,true]},"rttpg_author":{"display_name":"redazione","author_link":"https:\/\/imagazine.it\/home_desk\/author\/redazione\/"},"rttpg_comment":0,"rttpg_category":"<a href=\"https:\/\/imagazine.it\/home_desk\/category\/attualita\/\" rel=\"category tag\">ATTUALIT\u00c0<\/a>","rttpg_excerpt":"La conferma del vicegovernatore Riccardi","_links":{"self":[{"href":"https:\/\/imagazine.it\/home_desk\/wp-json\/wp\/v2\/posts\/37835","targetHints":{"allow":["GET"]}}],"collection":[{"href":"https:\/\/imagazine.it\/home_desk\/wp-json\/wp\/v2\/posts"}],"about":[{"href":"https:\/\/imagazine.it\/home_desk\/wp-json\/wp\/v2\/types\/post"}],"author":[{"embeddable":true,"href":"https:\/\/imagazine.it\/home_desk\/wp-json\/wp\/v2\/users\/28"}],"replies":[{"embeddable":true,"href":"https:\/\/imagazine.it\/home_desk\/wp-json\/wp\/v2\/comments?post=37835"}],"version-history":[{"count":0,"href":"https:\/\/imagazine.it\/home_desk\/wp-json\/wp\/v2\/posts\/37835\/revisions"}],"wp:featuredmedia":[{"embeddable":true,"href":"https:\/\/imagazine.it\/home_desk\/wp-json\/wp\/v2\/media\/37836"}],"wp:attachment":[{"href":"https:\/\/imagazine.it\/home_desk\/wp-json\/wp\/v2\/media?parent=37835"}],"wp:term":[{"taxonomy":"category","embeddable":true,"href":"https:\/\/imagazine.it\/home_desk\/wp-json\/wp\/v2\/categories?post=37835"},{"taxonomy":"post_tag","embeddable":true,"href":"https:\/\/imagazine.it\/home_desk\/wp-json\/wp\/v2\/tags?post=37835"}],"curies":[{"name":"wp","href":"https:\/\/api.w.org\/{rel}","templated":true}]}}