{"id":37827,"date":"2021-02-17T00:00:00","date_gmt":"2021-02-16T23:00:00","guid":{"rendered":"https:\/\/imagazine.it\/?p=37827"},"modified":"2021-02-17T00:00:00","modified_gmt":"2021-02-16T23:00:00","slug":"pesca-sportiva-il-fvg-apre-alle-specie-ittiche-non-autoctone","status":"publish","type":"post","link":"https:\/\/imagazine.it\/home_desk\/pesca-sportiva-il-fvg-apre-alle-specie-ittiche-non-autoctone\/","title":{"rendered":"Pesca sportiva, il FVG apre alle specie ittiche non autoctone"},"content":{"rendered":"<p> \tLa Regione Friuli Venezia Giulia sta completando lo studio del rischio per l&#39;immissione di specie ittiche non autoctone ai fini della pesca sportiva, in particolare di trota iridea e trota fario.<\/p>\n<p> \tLo ha reso noto l&#39;assessore alle Risorse agroalimentari, forestali e ittiche, <strong>Stefano Zannier<\/strong>, in merito allo stato delle attivit\u00e0 per l&#39;immissione di specie e popolazioni non autoctone e le tempistiche per concedere la relativa autorizzazione.<\/p>\n<p> \t&#8220;Un primo studio del rischio \u00e8 stato gi\u00e0 predisposto con riferimento alla possibilit\u00e0 di immettere trota iridea nei canali artificiali &#8211; ha affermato Zannier -; la delibera della Giunta regionale con cui l&#39;Ente tutela patrimonio ittico verr\u00e0 incaricato di inviare lo studio al Ministero dell&#39;ambiente e della tutela del territorio e del mare sar\u00e0 discussa dalla Giunta nella prossima seduta di venerd\u00ec 19&#8221;.<\/p>\n<p> \t\u00a0<\/p>\n<p> \t<a href=\"http:\/\/imagazinevideotruck.it\/outlet\/relink.html\" target=\"_top\" rel=\"noopener\"><img loading=\"lazy\" decoding=\"async\" align=\"LEFT\" height=\"250\" src=\"http:\/\/imagazinevideotruck.it\/outlet\/outlet30.gif\" width=\"300\" alt=\"\" title=\"\"><\/a><\/p>\n<p> \t\u00a0<\/p>\n<p> \t\u00a0<\/p>\n<p> \t\u00a0<\/p>\n<p> \t\u00a0<\/p>\n<p> \t\u00a0<\/p>\n<p> \t\u00a0<\/p>\n<p> \t\u00a0<\/p>\n<p> \t\u00a0<\/p>\n<p> \t\u00a0<\/p>\n<p> \t\u00a0<\/p>\n<p> \t&#8220;Dal momento del ricevimento &#8211; ha spiegato l&#39;assessore &#8211; il Ministero ha sessanta giorni per autorizzare o meno l&#39;immissione; in caso di esito positivo verr\u00e0 immediatamente avviata la procedura&#8221;.<\/p>\n<p> \t&#8220;Contemporaneamente stiamo lavorando per predisporre un secondo studio di rischio riferito alla possibilit\u00e0 di immettere trota fario e iridea in alcuni tratti di corsi d&#39;acqua naturali. Questo secondo studio terr\u00e0 ovviamente conto di eventuali criticit\u00e0 che potrebbero essere segnalate dal Ministero durante l&#39;esame del primo&#8221; ha concluso Zannier.<\/p>\n","protected":false},"excerpt":{"rendered":"<p>La conferma dell&#8217;assessore regionale Zannier<\/p>\n","protected":false},"author":28,"featured_media":37828,"comment_status":"closed","ping_status":"closed","sticky":false,"template":"","format":"standard","meta":{"dwc-title":[],"dwc-content":[],"footnotes":""},"categories":[5],"tags":[],"class_list":["post-37827","post","type-post","status-publish","format-standard","has-post-thumbnail","hentry","category-attualita"],"rttpg_featured_image_url":{"full":["https:\/\/imagazine.it\/wp-content\/uploads\/2024\/01\/38204-1.webp",1280,960,false],"landscape":["https:\/\/imagazine.it\/wp-content\/uploads\/2024\/01\/38204-1.webp",1280,960,false],"portraits":["https:\/\/imagazine.it\/wp-content\/uploads\/2024\/01\/38204-1.webp",1280,960,false],"thumbnail":["https:\/\/imagazine.it\/wp-content\/uploads\/2024\/01\/38204-1-150x150.webp",150,150,true],"medium":["https:\/\/imagazine.it\/wp-content\/uploads\/2024\/01\/38204-1-300x225.webp",300,225,true],"large":["https:\/\/imagazine.it\/wp-content\/uploads\/2024\/01\/38204-1-1024x768.webp",640,480,true],"thumblist":["https:\/\/imagazine.it\/wp-content\/uploads\/2024\/01\/38204-1.webp",300,225,false],"thumbrelated":["https:\/\/imagazine.it\/wp-content\/uploads\/2024\/01\/38204-1.webp",500,375,false],"meccarouselthumb":["https:\/\/imagazine.it\/wp-content\/uploads\/2024\/01\/38204-1.webp",432,324,false],"gridsquare":["https:\/\/imagazine.it\/wp-content\/uploads\/2024\/01\/38204-1.webp",347,260,false],"tileview":["https:\/\/imagazine.it\/wp-content\/uploads\/2024\/01\/38204-1.webp",300,225,false],"1536x1536":["https:\/\/imagazine.it\/wp-content\/uploads\/2024\/01\/38204-1.webp",1280,960,false],"2048x2048":["https:\/\/imagazine.it\/wp-content\/uploads\/2024\/01\/38204-1.webp",1280,960,false],"newsup-slider-full":["https:\/\/imagazine.it\/wp-content\/uploads\/2024\/01\/38204-1-1280x720.webp",1280,720,true],"newsup-featured":["https:\/\/imagazine.it\/wp-content\/uploads\/2024\/01\/38204-1-1024x768.webp",1024,768,true],"newsup-medium":["https:\/\/imagazine.it\/wp-content\/uploads\/2024\/01\/38204-1-720x380.webp",720,380,true],"tptn_thumbnail":["https:\/\/imagazine.it\/wp-content\/uploads\/2024\/01\/38204-1.webp",250,188,false],"sow-carousel-default":["https:\/\/imagazine.it\/wp-content\/uploads\/2024\/01\/38204-1-272x182.webp",272,182,true]},"rttpg_author":{"display_name":"redazione","author_link":"https:\/\/imagazine.it\/home_desk\/author\/redazione\/"},"rttpg_comment":0,"rttpg_category":"<a href=\"https:\/\/imagazine.it\/home_desk\/category\/attualita\/\" rel=\"category tag\">ATTUALIT\u00c0<\/a>","rttpg_excerpt":"La conferma dell'assessore regionale Zannier","_links":{"self":[{"href":"https:\/\/imagazine.it\/home_desk\/wp-json\/wp\/v2\/posts\/37827","targetHints":{"allow":["GET"]}}],"collection":[{"href":"https:\/\/imagazine.it\/home_desk\/wp-json\/wp\/v2\/posts"}],"about":[{"href":"https:\/\/imagazine.it\/home_desk\/wp-json\/wp\/v2\/types\/post"}],"author":[{"embeddable":true,"href":"https:\/\/imagazine.it\/home_desk\/wp-json\/wp\/v2\/users\/28"}],"replies":[{"embeddable":true,"href":"https:\/\/imagazine.it\/home_desk\/wp-json\/wp\/v2\/comments?post=37827"}],"version-history":[{"count":0,"href":"https:\/\/imagazine.it\/home_desk\/wp-json\/wp\/v2\/posts\/37827\/revisions"}],"wp:featuredmedia":[{"embeddable":true,"href":"https:\/\/imagazine.it\/home_desk\/wp-json\/wp\/v2\/media\/37828"}],"wp:attachment":[{"href":"https:\/\/imagazine.it\/home_desk\/wp-json\/wp\/v2\/media?parent=37827"}],"wp:term":[{"taxonomy":"category","embeddable":true,"href":"https:\/\/imagazine.it\/home_desk\/wp-json\/wp\/v2\/categories?post=37827"},{"taxonomy":"post_tag","embeddable":true,"href":"https:\/\/imagazine.it\/home_desk\/wp-json\/wp\/v2\/tags?post=37827"}],"curies":[{"name":"wp","href":"https:\/\/api.w.org\/{rel}","templated":true}]}}