{"id":37825,"date":"2021-02-15T00:00:00","date_gmt":"2021-02-14T23:00:00","guid":{"rendered":"https:\/\/imagazine.it\/?p=37825"},"modified":"2021-02-15T00:00:00","modified_gmt":"2021-02-14T23:00:00","slug":"nasce-a-staranzano-il-fondo-di-comunita","status":"publish","type":"post","link":"https:\/\/imagazine.it\/home_desk\/nasce-a-staranzano-il-fondo-di-comunita\/","title":{"rendered":"Nasce a Staranzano il Fondo di Comunit\u00e0"},"content":{"rendered":"<p> \tLa solidale collaborazione promossa dal Circolo ACLI &#8211; US ACLI \u201cMonsignor Francesco Plet\u201d di Staranzano assieme all\u2019Amministrazione Comunale, alla Pro Loco, alla Parrocchia dei Santi Pietro e Paolo di Staranzano, all&#39;Associazione \u201cLibert\u00e0 Territorio Solidariet\u00e0\u201d di Monfalcone, alla BCC di Staranzano e Villesse, alle ACLI regionali Friuli Venezia Giulia e alla Cooperativa Lybra Coop. Soc. ONLUS di Trieste, che da anni opera nel territorio del Basso Isontino, ha portato alla nascita a <strong>Staranzano<\/strong> del \u201c<strong>Fondo di Comunit\u00e0<\/strong>\u201d.<\/p>\n<p> \tL\u2019iniziativa si colloca all\u2019interno del progetto del Circolo intitolato \u201c<strong>SosteniAMO il Territorio<\/strong>\u201d, attraverso cui la rete di associazioni ed enti, dall\u2019estate 2020, ha messo in atto iniziative volte a dare una risposta concreta alle problematiche scaturite dall\u2019emergenza COVID-19.<\/p>\n<p> \tEsempi concreti di iniziative poste in atto sono: sei settimane di centro estivo a costo contenuto promosso dal Circolo Acli nei mesi di luglio e agosto 2020 per dare sostegno ai genitori che lavoravano in home-working, dando anche possibilit\u00e0 a bambini e ragazzi delle scuole elementari e medie di potersi incontrare in un ambiente protetto a seguito del primo lockdown della primavera 2020; la raccolta solidale di generi alimentari promossa in stretta collaborazione con Pro Loco e Parrocchia di Staranzano nel periodo natalizio, tale iniziativa ha portato la comunit\u00e0 staranzanese a donare una grossa quantit\u00e0 di generi alimentari e prodotti per la pulizia da destinare alle famiglie bisognose del territorio.<\/p>\n<p> \t<a href=\"http:\/\/imagazinevideotruck.it\/outlet\/relink_euro.html\" target=\"_top\" rel=\"noopener\"><img loading=\"lazy\" decoding=\"async\" align=\"LEFT\" height=\"250\" src=\"http:\/\/imagazinevideotruck.it\/outlet\/euromobili_banner_art.jpg\" width=\"300\" alt=\"\" title=\"\"><\/a><\/p>\n<p> \t\u00a0<\/p>\n<p> \t\u00a0<\/p>\n<p> \t\u00a0<\/p>\n<p> \t\u00a0<\/p>\n<p> \t\u00a0<\/p>\n<p> \t\u00a0<\/p>\n<p> \t\u00a0<\/p>\n<p> \t\u00a0<\/p>\n<p> \t\u00a0<\/p>\n<p> \tLa rete che si sta consolidando sempre di pi\u00f9 tra le associazioni, soggetti e comunit\u00e0 locale all\u2019interno di questo progetto \u00e8 la vera forza e ricchezza a cui si aspirava maggiormente. Ora \u00e8 possibile portare all\u2019attenzione della comunit\u00e0 staranzanese e del mandamento la nascita del pi\u00f9 innovativo strumento e della pi\u00f9 complessa azione del progetto: il Fondo di Comunit\u00e0.<\/p>\n<p> \tIl Fondo \u00e8 costituito da quote e donazioni varie di enti, associazioni e privati con lo scopo di erogare alle famiglie di microcrediti senza interessi, per la cifra massima di 2.000 euro, per far fronte alla mancanza di liquidit\u00e0 scaturita dall\u2019emergenza COVID-19 per spese urgenti e necessarie. L\u2019idea \u00e8 nata durante il primo lockdown dall\u2019osservazione del territorio e dal vivere quotidiano delle famiglie con cui si \u00e8 venuti a contatto. Si denotava infatti la difficolt\u00e0 ad attingere liquidit\u00e0 per dipendenti in cassa integrazione e liberi professionisti, anche per affrontare piccole spese straordinarie.<\/p>\n<p> \tCon questo Fondo, valutando le situazioni singolarmente, si \u00e8 in grado di assistere la Comunit\u00e0 per affrontare la ripresa e superare le difficolt\u00e0 che da questo tempo stanno scaturendo. Per regolamento i prestiti potranno essere restituiti in massimo 24 rate, dalla cifra minima di 50 euro, cos\u00ec da poter agevolare il pi\u00f9 possibile le famiglie alla restituzione. Il rientro dei crediti dar\u00e0 cos\u00ec modo di poter nel tempo aiutare nuove famiglie della comunit\u00e0.<\/p>\n<p> \tL\u2019originalit\u00e0 e punto di forza del progetto \u00e8 la presenza di tutor economici, operatori della Cooperativa Lybra, disponibili a supportare gratuitamente le famiglie in un contesto di educazione finanziaria rispetto alla propria gestione del budget, valutando e orientando circa le possibilit\u00e0 che offre il territorio e gli enti pubblici. Le risorse della rete Acli (CAF e Patronato) sono un aiuto che forniscono un valore aggiunto al progetto.<\/p>\n<p> \tL\u2019educazione finanziaria delle famiglie, del singolo e del territorio, \u00e8 un obiettivo importante che permette in primis di poter superare questo momento di crisi con meno fatica, ma \u00e8 uno scoglio non da poco anche per l\u2019ente pubblico e la comunit\u00e0 stessa, permettendo di risparmiare risorse comunitarie che possono essere investite in altri contesti e ambiti ugualmente utili. Per richiedere un\u2019erogazione del Fondo, conoscere le modalit\u00e0 e informazioni sar\u00e0 possibile richiedere un appuntamento presso la sede del Circolo, via E. De Amicis 10, al numero 389-9923516 (dal luned\u00ec al venerd\u00ec dalle 9.00 alle 13.00) o alla e-mail <a href=\"mailto:fondo@aclistaranzano.com\">fondo@aclistaranzano.com<\/a>.<\/p>\n<p> \tLa realizzazione dell\u2019intero progetto per sostenere i costi di realizzazione e dei professionisti \u00e8 avvenuta anche grazie al contributo della Fondazione Cassa di Risparmio di Gorizia, che ha concesso la quota di 7.000 euro a fronte di una spesa totale di 12.000 euro circa; la differenza \u00e8 stata attinta dalle risorse proprie del Circolo per aiutare la propria Comunit\u00e0. Vicina e sensibile a questo progetto \u00e8 anche la Banca di Credito Cooperativo di Staranzano e Villesse, che fa facilitato il Circolo nell\u2019apertura del conto corrente dedicato al Fondo, fornendo una prima dotazione iniziale di 1.000 euro. \u00c8 possibile essere parte di questa rete di solidariet\u00e0 comunitaria con una donazione allo specifico conto presso la BCC di Staranzano e Villesse intestato a \u201cFONDO DI ROTAZIONE CIRCOLO ACLI STARANZANO\u201d C\/C: IT 90 I 08877 64660 00000 03588 18.<\/p>\n","protected":false},"excerpt":{"rendered":"<p>Grazie a una collaborazione promossa dall&#8217;Acli<\/p>\n","protected":false},"author":22,"featured_media":37826,"comment_status":"closed","ping_status":"closed","sticky":false,"template":"","format":"standard","meta":{"dwc-title":[],"dwc-content":[],"footnotes":""},"categories":[5],"tags":[],"class_list":["post-37825","post","type-post","status-publish","format-standard","has-post-thumbnail","hentry","category-attualita"],"rttpg_featured_image_url":{"full":["https:\/\/imagazine.it\/wp-content\/uploads\/2024\/01\/38203-1.webp",1280,853,false],"landscape":["https:\/\/imagazine.it\/wp-content\/uploads\/2024\/01\/38203-1.webp",1280,853,false],"portraits":["https:\/\/imagazine.it\/wp-content\/uploads\/2024\/01\/38203-1.webp",1280,853,false],"thumbnail":["https:\/\/imagazine.it\/wp-content\/uploads\/2024\/01\/38203-1-150x150.webp",150,150,true],"medium":["https:\/\/imagazine.it\/wp-content\/uploads\/2024\/01\/38203-1-300x200.webp",300,200,true],"large":["https:\/\/imagazine.it\/wp-content\/uploads\/2024\/01\/38203-1-1024x682.webp",640,426,true],"thumblist":["https:\/\/imagazine.it\/wp-content\/uploads\/2024\/01\/38203-1.webp",300,200,false],"thumbrelated":["https:\/\/imagazine.it\/wp-content\/uploads\/2024\/01\/38203-1.webp",500,333,false],"meccarouselthumb":["https:\/\/imagazine.it\/wp-content\/uploads\/2024\/01\/38203-1.webp",474,316,false],"gridsquare":["https:\/\/imagazine.it\/wp-content\/uploads\/2024\/01\/38203-1.webp",391,260,false],"tileview":["https:\/\/imagazine.it\/wp-content\/uploads\/2024\/01\/38203-1.webp",300,200,false],"1536x1536":["https:\/\/imagazine.it\/wp-content\/uploads\/2024\/01\/38203-1.webp",1280,853,false],"2048x2048":["https:\/\/imagazine.it\/wp-content\/uploads\/2024\/01\/38203-1.webp",1280,853,false],"newsup-slider-full":["https:\/\/imagazine.it\/wp-content\/uploads\/2024\/01\/38203-1-1280x720.webp",1280,720,true],"newsup-featured":["https:\/\/imagazine.it\/wp-content\/uploads\/2024\/01\/38203-1-1024x682.webp",1024,682,true],"newsup-medium":["https:\/\/imagazine.it\/wp-content\/uploads\/2024\/01\/38203-1-720x380.webp",720,380,true],"tptn_thumbnail":["https:\/\/imagazine.it\/wp-content\/uploads\/2024\/01\/38203-1.webp",250,167,false],"sow-carousel-default":["https:\/\/imagazine.it\/wp-content\/uploads\/2024\/01\/38203-1-272x182.webp",272,182,true]},"rttpg_author":{"display_name":"Livio Nonis","author_link":"https:\/\/imagazine.it\/home_desk\/author\/nonis\/"},"rttpg_comment":0,"rttpg_category":"<a href=\"https:\/\/imagazine.it\/home_desk\/category\/attualita\/\" rel=\"category tag\">ATTUALIT\u00c0<\/a>","rttpg_excerpt":"Grazie a una collaborazione promossa dall'Acli","_links":{"self":[{"href":"https:\/\/imagazine.it\/home_desk\/wp-json\/wp\/v2\/posts\/37825","targetHints":{"allow":["GET"]}}],"collection":[{"href":"https:\/\/imagazine.it\/home_desk\/wp-json\/wp\/v2\/posts"}],"about":[{"href":"https:\/\/imagazine.it\/home_desk\/wp-json\/wp\/v2\/types\/post"}],"author":[{"embeddable":true,"href":"https:\/\/imagazine.it\/home_desk\/wp-json\/wp\/v2\/users\/22"}],"replies":[{"embeddable":true,"href":"https:\/\/imagazine.it\/home_desk\/wp-json\/wp\/v2\/comments?post=37825"}],"version-history":[{"count":0,"href":"https:\/\/imagazine.it\/home_desk\/wp-json\/wp\/v2\/posts\/37825\/revisions"}],"wp:featuredmedia":[{"embeddable":true,"href":"https:\/\/imagazine.it\/home_desk\/wp-json\/wp\/v2\/media\/37826"}],"wp:attachment":[{"href":"https:\/\/imagazine.it\/home_desk\/wp-json\/wp\/v2\/media?parent=37825"}],"wp:term":[{"taxonomy":"category","embeddable":true,"href":"https:\/\/imagazine.it\/home_desk\/wp-json\/wp\/v2\/categories?post=37825"},{"taxonomy":"post_tag","embeddable":true,"href":"https:\/\/imagazine.it\/home_desk\/wp-json\/wp\/v2\/tags?post=37825"}],"curies":[{"name":"wp","href":"https:\/\/api.w.org\/{rel}","templated":true}]}}