{"id":37821,"date":"2021-02-17T00:00:00","date_gmt":"2021-02-16T23:00:00","guid":{"rendered":"https:\/\/imagazine.it\/?p=37821"},"modified":"2021-02-17T00:00:00","modified_gmt":"2021-02-16T23:00:00","slug":"terziario-a-marzo-terza-tranche-di-ristori","status":"publish","type":"post","link":"https:\/\/imagazine.it\/home_desk\/terziario-a-marzo-terza-tranche-di-ristori\/","title":{"rendered":"Terziario, a marzo terza tranche di ristori"},"content":{"rendered":"<p> \t\u201cA marzo, ultimato l&#39;iter di approvazione dei codici Ateco, erogheremo le risorse della terza tranche di ristori: quasi 25 milioni di euro, mirati ad allargare la platea di beneficiari di contributi regionali tra le attivit\u00e0 economiche, culturali e sportive colpite dalla crisi figlia dalla pandemia&#8221;.<\/p>\n<p> \tLo ha annunciato l&#39;assessore regionale alle Attivit\u00e0 produttive, <strong>Sergio Emidio Bini<\/strong>, intervenendo stamane alla presentazione dei dati dell&#39;Osservatorio congiunturale di Confcommercio Fvg. La conferenza stampa, tenutasi a Trieste, ha visto la partecipazione del presidente regionale di Confcommercio, <strong>Giovanni da Pozzo<\/strong>, e del suo omologo per la provincia giuliana, <strong>Antonio Paoletti<\/strong>.<\/p>\n<p> \tTra i dati evidenziati dallo studio, la riduzione dei consumi (-12% sul 2019) e le perdite registrate in particolare dalle attivit\u00e0 di ricezione turistica (-65%), ristorazione (-55%) e di commercio al dettaglio non alimentare (-40%): numeri preoccupanti, dai quali emergono tuttavia una forte resilienza del tessuto produttivo regionale, i cui indicatori risultano migliori rispetto alla media nazionale, e un crescente clima di fiducia sulle prospettive legate alla ripresa dell&#39;economia.<\/p>\n<p> \t<a href=\"http:\/\/imagazinevideotruck.it\/outlet\/relink_euro.html\" target=\"_top\" rel=\"noopener\"><img loading=\"lazy\" decoding=\"async\" align=\"LEFT\" height=\"250\" src=\"http:\/\/imagazinevideotruck.it\/outlet\/euromobili_banner_art.jpg\" width=\"300\" alt=\"\" title=\"\"><\/a><\/p>\n<p> \t\u00a0<\/p>\n<p> \t\u00a0<\/p>\n<p> \t\u00a0<\/p>\n<p> \t\u00a0<\/p>\n<p> \t\u00a0<\/p>\n<p> \t\u00a0<\/p>\n<p> \t\u00a0<\/p>\n<p> \t\u00a0<\/p>\n<p> \t\u00a0<\/p>\n<p> \t&#8220;L&#39;approccio dell&#39;Amministrazione regionale agli effetti dell&#39;emergenza Covid sul mondo delle imprese &#8211; ha sottolineato Bini &#8211; si \u00e8 fondato in primo luogo sull&#39;ascolto delle categorie, pi\u00f9 prossime interpreti delle esigenze del territorio, e si \u00e8 successivamente sviluppato attraverso iniziative a sostegno delle realt\u00e0 pi\u00f9 colpite, mettendo sul piatto un ammontare complessivo di 70 milioni di euro a fondo perduto&#8221;.<\/p>\n","protected":false},"excerpt":{"rendered":"<p>L&#8217;annuncio dell&#8217;assessore regionale Bini<\/p>\n","protected":false},"author":28,"featured_media":37822,"comment_status":"closed","ping_status":"closed","sticky":false,"template":"","format":"standard","meta":{"dwc-title":[],"dwc-content":[],"footnotes":""},"categories":[5],"tags":[],"class_list":["post-37821","post","type-post","status-publish","format-standard","has-post-thumbnail","hentry","category-attualita"],"rttpg_featured_image_url":{"full":["https:\/\/imagazine.it\/wp-content\/uploads\/2024\/01\/38191-1.webp",1000,737,false],"landscape":["https:\/\/imagazine.it\/wp-content\/uploads\/2024\/01\/38191-1.webp",1000,737,false],"portraits":["https:\/\/imagazine.it\/wp-content\/uploads\/2024\/01\/38191-1.webp",1000,737,false],"thumbnail":["https:\/\/imagazine.it\/wp-content\/uploads\/2024\/01\/38191-1-150x150.webp",150,150,true],"medium":["https:\/\/imagazine.it\/wp-content\/uploads\/2024\/01\/38191-1-300x221.webp",300,221,true],"large":["https:\/\/imagazine.it\/wp-content\/uploads\/2024\/01\/38191-1.webp",640,472,false],"thumblist":["https:\/\/imagazine.it\/wp-content\/uploads\/2024\/01\/38191-1.webp",300,221,false],"thumbrelated":["https:\/\/imagazine.it\/wp-content\/uploads\/2024\/01\/38191-1.webp",500,369,false],"meccarouselthumb":["https:\/\/imagazine.it\/wp-content\/uploads\/2024\/01\/38191-1.webp",440,324,false],"gridsquare":["https:\/\/imagazine.it\/wp-content\/uploads\/2024\/01\/38191-1.webp",353,260,false],"tileview":["https:\/\/imagazine.it\/wp-content\/uploads\/2024\/01\/38191-1.webp",300,221,false],"1536x1536":["https:\/\/imagazine.it\/wp-content\/uploads\/2024\/01\/38191-1.webp",1000,737,false],"2048x2048":["https:\/\/imagazine.it\/wp-content\/uploads\/2024\/01\/38191-1.webp",1000,737,false],"newsup-slider-full":["https:\/\/imagazine.it\/wp-content\/uploads\/2024\/01\/38191-1-1000x720.webp",1000,720,true],"newsup-featured":["https:\/\/imagazine.it\/wp-content\/uploads\/2024\/01\/38191-1.webp",1000,737,false],"newsup-medium":["https:\/\/imagazine.it\/wp-content\/uploads\/2024\/01\/38191-1-720x380.webp",720,380,true],"tptn_thumbnail":["https:\/\/imagazine.it\/wp-content\/uploads\/2024\/01\/38191-1.webp",250,184,false],"sow-carousel-default":["https:\/\/imagazine.it\/wp-content\/uploads\/2024\/01\/38191-1-272x182.webp",272,182,true]},"rttpg_author":{"display_name":"redazione","author_link":"https:\/\/imagazine.it\/home_desk\/author\/redazione\/"},"rttpg_comment":0,"rttpg_category":"<a href=\"https:\/\/imagazine.it\/home_desk\/category\/attualita\/\" rel=\"category tag\">ATTUALIT\u00c0<\/a>","rttpg_excerpt":"L'annuncio dell'assessore regionale Bini","_links":{"self":[{"href":"https:\/\/imagazine.it\/home_desk\/wp-json\/wp\/v2\/posts\/37821","targetHints":{"allow":["GET"]}}],"collection":[{"href":"https:\/\/imagazine.it\/home_desk\/wp-json\/wp\/v2\/posts"}],"about":[{"href":"https:\/\/imagazine.it\/home_desk\/wp-json\/wp\/v2\/types\/post"}],"author":[{"embeddable":true,"href":"https:\/\/imagazine.it\/home_desk\/wp-json\/wp\/v2\/users\/28"}],"replies":[{"embeddable":true,"href":"https:\/\/imagazine.it\/home_desk\/wp-json\/wp\/v2\/comments?post=37821"}],"version-history":[{"count":0,"href":"https:\/\/imagazine.it\/home_desk\/wp-json\/wp\/v2\/posts\/37821\/revisions"}],"wp:featuredmedia":[{"embeddable":true,"href":"https:\/\/imagazine.it\/home_desk\/wp-json\/wp\/v2\/media\/37822"}],"wp:attachment":[{"href":"https:\/\/imagazine.it\/home_desk\/wp-json\/wp\/v2\/media?parent=37821"}],"wp:term":[{"taxonomy":"category","embeddable":true,"href":"https:\/\/imagazine.it\/home_desk\/wp-json\/wp\/v2\/categories?post=37821"},{"taxonomy":"post_tag","embeddable":true,"href":"https:\/\/imagazine.it\/home_desk\/wp-json\/wp\/v2\/tags?post=37821"}],"curies":[{"name":"wp","href":"https:\/\/api.w.org\/{rel}","templated":true}]}}