{"id":37789,"date":"2021-02-05T00:00:00","date_gmt":"2021-02-04T23:00:00","guid":{"rendered":"https:\/\/imagazine.it\/?p=37789"},"modified":"2021-02-05T00:00:00","modified_gmt":"2021-02-04T23:00:00","slug":"trieste-gli-inquilini-ater-diventano-manutentori","status":"publish","type":"post","link":"https:\/\/imagazine.it\/home_desk\/trieste-gli-inquilini-ater-diventano-manutentori\/","title":{"rendered":"Trieste, gli inquilini Ater diventano manutentori"},"content":{"rendered":"<p>I residenti del <strong>comprensorio Ater di Melara a Trieste<\/strong> si prendono cura delle proprie palazzine e degli spazi esterni, diventando manutentori. La prima squadra composta da due inquilini ha gi\u00e0 iniziato a lavorare, coordinata dalla cooperativa sociale La Collina. Si tratta del <u><em><a href=\"https:\/\/youtu.be\/IgmNGM_O9rw\" target=\"_blank\" rel=\"noopener\"><span style=\"color:#0000ff;\"><strong>progetto Prius (guarda il video)<\/strong><\/span><\/a><\/em><\/u>, attraverso il quale Ater ha dato vita a un\u2019iniziativa che in futuro coinvolger\u00e0 un numero sempre maggiore di abitanti, anche attraverso incontri e interventi di pulizia partecipata, tutti insieme.<\/p>\n<p>Iniziativa chiamata, con un gioco di parole, &#8220;inquilini fai d&#39;At\u00e8r&#8221;.<\/p>\n<p>\u201c\u00c8 una prima volta importante &#8211; spiega <strong>Riccardo Novacco<\/strong>, presidente dell\u2019Ater &#8211; che poi vorremmo estendere anche agli altri comprensori Ater. Si tratta di un\u2019idea innovativa, che punta alla tutela del bene comune e alla responsabilit\u00e0 di tutti nella salvaguardia degli spazi condivisi. Se gli inquilini iniziano ad essere coinvolti in modo costruttivo contribuiranno a mantenere al meglio ambienti interni ed esterni&#8221;.<\/p>\n<p>\u201cIl progetto Prius &#8211; ricorda <strong>Piergiorgio Garbari<\/strong>, referente manutentivo Ater, area Melara &#8211; si occupa di riqualificazione dell\u2019area urbana e comprende anche l\u2019auto-manutenzione effettuata dai residenti, che ha lo scopo di migliorare la vivibilit\u00e0 del quartiere e l\u2019integrazione tra inquilini che si occuperanno anche pi\u00f9 avanti di piccoli interventi\u201d.\u00a0<\/p>\n<p>Il Comune di Trieste e l\u2019Ater di Trieste hanno sottoscritto un accordo per la partecipazione al Bando allegato al D.P.C.M 25\/05\/2016. Il progetto denominato \u201cPrius Melara\u201d \u00e8 stato positivamente valutato e ammesso a finanziamento con decreto del Presidente del Consiglio dei Ministri nel 2017 per l\u2019importo complessivo di circa 18 milioni di euro a valere sulle risorse del fondo per lo Sviluppo e la Coesione (FSC).<\/p>\n<p>L\u2019Ater di Trieste ha predisposto un quadro di quattordici interventi per complessivi 11 milioni di euro circa, tutti riguardanti il complesso edilizio ATER di Rozzol-Melara \u2013 via Pasteur, che conta complessivamente circa 650 alloggi e 1.200 residenti.<\/p>\n<p>All\u2019interno dei 14 interventi, rientra il progetto relativo ad attivit\u00e0 volte all\u2019integrazione dei residenti sociale del complesso Ater e del quartiere attraverso pratiche di auto-manutenzione assistita.<\/p>\n<p>L\u2019iniziativa fa parte anche delle azioni per il potenziamento delle prestazioni e dei servizi di scala urbana, tra i quali lo sviluppo di pratiche del terzo settore e del servizio civile, per l\u2019inclusione sociale e la realizzazione di nuovi modelli di welfare metropolitano e urbano, previste dal \u201cbando Periferie\u201d.<\/p>\n<p><a href=\"http:\/\/imagazinevideotruck.it\/outlet\/relink_euro.html\" target=\"_top\" rel=\"noopener\"><img loading=\"lazy\" decoding=\"async\" align=\"LEFT\" height=\"250\" src=\"http:\/\/imagazinevideotruck.it\/outlet\/euromobili_banner_art.jpg\" width=\"300\" alt=\"\" title=\"\"><\/a><\/p>\n<p>\u00a0<\/p>\n<p>\u00a0<\/p>\n<p>\u00a0<\/p>\n<p>\u00a0<\/p>\n<p>\u00a0<\/p>\n<p>\u00a0<\/p>\n<p>\u00a0<\/p>\n<p>\u00a0<\/p>\n<p>\u00a0<\/p>\n<p>\u201cLa cooperativa sociale La Collina &#8211; spiega la referente del progetto per la stessa cooperativa, <strong>Fulvia Ferri<\/strong> &#8211; ha vinto il bando Ater per gestire il servizio di auto-manutenzione, che durer\u00e0 3 anni, con 4 squadre di 2 manutentori ciascuna. \u00c8 appena partita la prima, e il requisito fondamentale \u00e8 che sia composta da residenti, perch\u00e9 conoscono le necessit\u00e0 e le problematiche della zona. I primi sono Luca e Federico, e l\u2019idea non \u00e8 solo di coinvolgere le squadre, ma tutti gli abitanti dei condomini, per sollecitare una cura degli spazi comuni. Per questo sono previsti anche incontri e giornate di pulizia partecipata, per capire insieme quali sono i bisogni prioritari del quartiere e come migliorarlo\u201d.<\/p>\n","protected":false},"excerpt":{"rendered":"<p>Progetto Prius, guarda il video<\/p>\n","protected":false},"author":28,"featured_media":37790,"comment_status":"closed","ping_status":"closed","sticky":false,"template":"","format":"standard","meta":{"dwc-title":[],"dwc-content":[],"footnotes":""},"categories":[5],"tags":[],"class_list":["post-37789","post","type-post","status-publish","format-standard","has-post-thumbnail","hentry","category-attualita"],"rttpg_featured_image_url":{"full":["https:\/\/imagazine.it\/wp-content\/uploads\/2024\/01\/38141-1.webp",1000,667,false],"landscape":["https:\/\/imagazine.it\/wp-content\/uploads\/2024\/01\/38141-1.webp",1000,667,false],"portraits":["https:\/\/imagazine.it\/wp-content\/uploads\/2024\/01\/38141-1.webp",1000,667,false],"thumbnail":["https:\/\/imagazine.it\/wp-content\/uploads\/2024\/01\/38141-1-150x150.webp",150,150,true],"medium":["https:\/\/imagazine.it\/wp-content\/uploads\/2024\/01\/38141-1-300x200.webp",300,200,true],"large":["https:\/\/imagazine.it\/wp-content\/uploads\/2024\/01\/38141-1.webp",640,427,false],"thumblist":["https:\/\/imagazine.it\/wp-content\/uploads\/2024\/01\/38141-1.webp",300,200,false],"thumbrelated":["https:\/\/imagazine.it\/wp-content\/uploads\/2024\/01\/38141-1.webp",500,334,false],"meccarouselthumb":["https:\/\/imagazine.it\/wp-content\/uploads\/2024\/01\/38141-1.webp",474,316,false],"gridsquare":["https:\/\/imagazine.it\/wp-content\/uploads\/2024\/01\/38141-1.webp",391,260,false],"tileview":["https:\/\/imagazine.it\/wp-content\/uploads\/2024\/01\/38141-1.webp",300,200,false],"1536x1536":["https:\/\/imagazine.it\/wp-content\/uploads\/2024\/01\/38141-1.webp",1000,667,false],"2048x2048":["https:\/\/imagazine.it\/wp-content\/uploads\/2024\/01\/38141-1.webp",1000,667,false],"newsup-slider-full":["https:\/\/imagazine.it\/wp-content\/uploads\/2024\/01\/38141-1.webp",1000,667,false],"newsup-featured":["https:\/\/imagazine.it\/wp-content\/uploads\/2024\/01\/38141-1.webp",1000,667,false],"newsup-medium":["https:\/\/imagazine.it\/wp-content\/uploads\/2024\/01\/38141-1-720x380.webp",720,380,true],"tptn_thumbnail":["https:\/\/imagazine.it\/wp-content\/uploads\/2024\/01\/38141-1.webp",250,167,false],"sow-carousel-default":["https:\/\/imagazine.it\/wp-content\/uploads\/2024\/01\/38141-1-272x182.webp",272,182,true]},"rttpg_author":{"display_name":"redazione","author_link":"https:\/\/imagazine.it\/home_desk\/author\/redazione\/"},"rttpg_comment":0,"rttpg_category":"<a href=\"https:\/\/imagazine.it\/home_desk\/category\/attualita\/\" rel=\"category tag\">ATTUALIT\u00c0<\/a>","rttpg_excerpt":"Progetto Prius, guarda il video","_links":{"self":[{"href":"https:\/\/imagazine.it\/home_desk\/wp-json\/wp\/v2\/posts\/37789","targetHints":{"allow":["GET"]}}],"collection":[{"href":"https:\/\/imagazine.it\/home_desk\/wp-json\/wp\/v2\/posts"}],"about":[{"href":"https:\/\/imagazine.it\/home_desk\/wp-json\/wp\/v2\/types\/post"}],"author":[{"embeddable":true,"href":"https:\/\/imagazine.it\/home_desk\/wp-json\/wp\/v2\/users\/28"}],"replies":[{"embeddable":true,"href":"https:\/\/imagazine.it\/home_desk\/wp-json\/wp\/v2\/comments?post=37789"}],"version-history":[{"count":0,"href":"https:\/\/imagazine.it\/home_desk\/wp-json\/wp\/v2\/posts\/37789\/revisions"}],"wp:featuredmedia":[{"embeddable":true,"href":"https:\/\/imagazine.it\/home_desk\/wp-json\/wp\/v2\/media\/37790"}],"wp:attachment":[{"href":"https:\/\/imagazine.it\/home_desk\/wp-json\/wp\/v2\/media?parent=37789"}],"wp:term":[{"taxonomy":"category","embeddable":true,"href":"https:\/\/imagazine.it\/home_desk\/wp-json\/wp\/v2\/categories?post=37789"},{"taxonomy":"post_tag","embeddable":true,"href":"https:\/\/imagazine.it\/home_desk\/wp-json\/wp\/v2\/tags?post=37789"}],"curies":[{"name":"wp","href":"https:\/\/api.w.org\/{rel}","templated":true}]}}