{"id":37787,"date":"2021-02-05T00:00:00","date_gmt":"2021-02-04T23:00:00","guid":{"rendered":"https:\/\/imagazine.it\/?p=37787"},"modified":"2021-02-05T00:00:00","modified_gmt":"2021-02-04T23:00:00","slug":"economia-sviluppoimpresa-diventa-realta","status":"publish","type":"post","link":"https:\/\/imagazine.it\/home_desk\/economia-sviluppoimpresa-diventa-realta\/","title":{"rendered":"Economia, SviluppoImpresa diventa realt\u00e0"},"content":{"rendered":"<p>Approvato all\u2019unanimit\u00e0 da parte del Consiglio regionale del Friuli Venezia Giulia <em><a href=\"https:\/\/youtu.be\/oFejo86kpt0\" target=\"_blank\" rel=\"noopener\"><span style=\"color:#0000ff;\">il disegno di legge 123 SviluppoImpresa<\/span><\/a><\/em>.<\/p>\n<p>&#8220;Nonostante anche la nostra regione stia affrontando la peggiore crisi economica dal Secondo dopoguerra \u2013 ha affermato l\u2019assessore alle Attivit\u00e0 produttive e turismo, <strong>Sergio Emidio Bini<\/strong> \u2013 SviluppoImpresa permetter\u00e0 alle imprese di guardare al futuro con un certo ottimismo. Questo provvedimento \u00e8 stato strutturato in continuit\u00e0 con Rilancimpresa, perch\u00e9 non vogliamo abrogare ci\u00f2 che di buono \u00e8 stato fatto nella precedente legislatura, attualizzando e rafforzando una serie di provvedimenti a favore delle imprese di tutti i settori economici del Friuli Venezia Giulia&#8221;.<\/p>\n<p>Bini ha rimarcato &#8220;che i numerosi interventi inseriti nella norma non solo favoriranno la digitalizzazione e l&#39;internazionalizzazione delle nostre aziende, ma daranno anche maggiore rilievo alla sostenibilit\u00e0 e alla responsabilit\u00e0 sociale d&#39;impresa. Inoltre, accanto ai provvedimenti per la valorizzazione del commercio e la promozione del turismo, SviluppoImpresa prevede anche il rafforzamento dei consorzi quali strumenti a supporto della crescita e del consolidamento del tessuto produttivo&#8221;.<\/p>\n<p>Infine, l&#39;assessore ha sottolineato &#8220;l&#39;importanza della riforma dell&#39;accesso al credito agevolato attuata attraverso questa legge. Si tratta di uno dei pilastri del provvedimento, tramite il quale vengono resi di nuovo competitivi i numerosi strumenti messi a disposizione delle realt\u00e0 produttive da parte della Regione. Attraverso di essi il denaro avr\u00e0 infatti un costo prossimo o pari allo zero cos\u00ec da aiutare i giovani, l&#39;imprenditoria femminile, le startup innovative e sostenere le imprese che guardano al futuro e puntano a crescere&#8221;.<\/p>\n","protected":false},"excerpt":{"rendered":"<p>Riformato l&#8217;accesso al credito agevolato<\/p>\n","protected":false},"author":28,"featured_media":37788,"comment_status":"closed","ping_status":"closed","sticky":false,"template":"","format":"standard","meta":{"dwc-title":[],"dwc-content":[],"footnotes":""},"categories":[5],"tags":[],"class_list":["post-37787","post","type-post","status-publish","format-standard","has-post-thumbnail","hentry","category-attualita"],"rttpg_featured_image_url":{"full":["https:\/\/imagazine.it\/wp-content\/uploads\/2024\/01\/38140-1.webp",1000,667,false],"landscape":["https:\/\/imagazine.it\/wp-content\/uploads\/2024\/01\/38140-1.webp",1000,667,false],"portraits":["https:\/\/imagazine.it\/wp-content\/uploads\/2024\/01\/38140-1.webp",1000,667,false],"thumbnail":["https:\/\/imagazine.it\/wp-content\/uploads\/2024\/01\/38140-1-150x150.webp",150,150,true],"medium":["https:\/\/imagazine.it\/wp-content\/uploads\/2024\/01\/38140-1-300x200.webp",300,200,true],"large":["https:\/\/imagazine.it\/wp-content\/uploads\/2024\/01\/38140-1.webp",640,427,false],"thumblist":["https:\/\/imagazine.it\/wp-content\/uploads\/2024\/01\/38140-1.webp",300,200,false],"thumbrelated":["https:\/\/imagazine.it\/wp-content\/uploads\/2024\/01\/38140-1.webp",500,334,false],"meccarouselthumb":["https:\/\/imagazine.it\/wp-content\/uploads\/2024\/01\/38140-1.webp",474,316,false],"gridsquare":["https:\/\/imagazine.it\/wp-content\/uploads\/2024\/01\/38140-1.webp",391,260,false],"tileview":["https:\/\/imagazine.it\/wp-content\/uploads\/2024\/01\/38140-1.webp",300,200,false],"1536x1536":["https:\/\/imagazine.it\/wp-content\/uploads\/2024\/01\/38140-1.webp",1000,667,false],"2048x2048":["https:\/\/imagazine.it\/wp-content\/uploads\/2024\/01\/38140-1.webp",1000,667,false],"newsup-slider-full":["https:\/\/imagazine.it\/wp-content\/uploads\/2024\/01\/38140-1.webp",1000,667,false],"newsup-featured":["https:\/\/imagazine.it\/wp-content\/uploads\/2024\/01\/38140-1.webp",1000,667,false],"newsup-medium":["https:\/\/imagazine.it\/wp-content\/uploads\/2024\/01\/38140-1-720x380.webp",720,380,true],"tptn_thumbnail":["https:\/\/imagazine.it\/wp-content\/uploads\/2024\/01\/38140-1.webp",250,167,false],"sow-carousel-default":["https:\/\/imagazine.it\/wp-content\/uploads\/2024\/01\/38140-1-272x182.webp",272,182,true]},"rttpg_author":{"display_name":"redazione","author_link":"https:\/\/imagazine.it\/home_desk\/author\/redazione\/"},"rttpg_comment":0,"rttpg_category":"<a href=\"https:\/\/imagazine.it\/home_desk\/category\/attualita\/\" rel=\"category tag\">ATTUALIT\u00c0<\/a>","rttpg_excerpt":"Riformato l'accesso al credito agevolato","_links":{"self":[{"href":"https:\/\/imagazine.it\/home_desk\/wp-json\/wp\/v2\/posts\/37787","targetHints":{"allow":["GET"]}}],"collection":[{"href":"https:\/\/imagazine.it\/home_desk\/wp-json\/wp\/v2\/posts"}],"about":[{"href":"https:\/\/imagazine.it\/home_desk\/wp-json\/wp\/v2\/types\/post"}],"author":[{"embeddable":true,"href":"https:\/\/imagazine.it\/home_desk\/wp-json\/wp\/v2\/users\/28"}],"replies":[{"embeddable":true,"href":"https:\/\/imagazine.it\/home_desk\/wp-json\/wp\/v2\/comments?post=37787"}],"version-history":[{"count":0,"href":"https:\/\/imagazine.it\/home_desk\/wp-json\/wp\/v2\/posts\/37787\/revisions"}],"wp:featuredmedia":[{"embeddable":true,"href":"https:\/\/imagazine.it\/home_desk\/wp-json\/wp\/v2\/media\/37788"}],"wp:attachment":[{"href":"https:\/\/imagazine.it\/home_desk\/wp-json\/wp\/v2\/media?parent=37787"}],"wp:term":[{"taxonomy":"category","embeddable":true,"href":"https:\/\/imagazine.it\/home_desk\/wp-json\/wp\/v2\/categories?post=37787"},{"taxonomy":"post_tag","embeddable":true,"href":"https:\/\/imagazine.it\/home_desk\/wp-json\/wp\/v2\/tags?post=37787"}],"curies":[{"name":"wp","href":"https:\/\/api.w.org\/{rel}","templated":true}]}}