{"id":37785,"date":"2021-02-05T00:00:00","date_gmt":"2021-02-04T23:00:00","guid":{"rendered":"https:\/\/imagazine.it\/?p=37785"},"modified":"2021-02-05T00:00:00","modified_gmt":"2021-02-04T23:00:00","slug":"skipass-online-per-sciare-sulle-piste-del-fvg","status":"publish","type":"post","link":"https:\/\/imagazine.it\/home_desk\/skipass-online-per-sciare-sulle-piste-del-fvg\/","title":{"rendered":"Skipass online per sciare sulle piste del FVG"},"content":{"rendered":"<p>Per sciare nei sei poli del Friuli Venezia Giulia occorrer\u00e0\u00a0<strong>registrarsi sul sito di PromoTurismoFVG<\/strong>.<\/p>\n<p>\u00c8 questa la novit\u00e0 della stagione che, dopo la conferma dell\u2019apertura degli impianti dal 15 febbraio (se il Friuli Venezia Giulia si manterr\u00e0 in zona gialla), rappresenta un ulteriore step nel processo di digitalizzazione avviato lo scorso anno dall\u2019ente del turismo regionale.<br \/> Per accedere alle piste occorrer\u00e0 registrarsi prima sul sito di PromoTurismoFVG, che riporta tutte le indicazioni per attivare le procedure, e acquistare successivamente lo\u00a0<strong>skipass nello shop online<\/strong>.<\/p>\n<p>Chi si iscriver\u00e0 alla pagina\u00a0<u><em><a data-saferedirecturl=\"https:\/\/www.google.com\/url?q=http:\/\/link.promoturismo.fvg.it\/c\/6\/?T%3DMjAzNzY4NDk%253AcDEtYjIxMDM0LTQzYTYyOGU0ZjA3MTQ2ODg5ZGZkZTc4YjEwNDY4MmY1%253AcmVkYXppb25lQGltYWdhemluZS5pdA%253AYWNjb3VudC01MGIwZjY1N2ZjNDBlYTExYTgxMzAwMGQzYWIzNjE3MC1mMWU3NDA5MzBiY2U0NTA1YWFjYTZmMmY2ZDVjNmU0OA%253AZmFsc2U%253AMw%253A%253AaHR0cDovL3d3dy50dXJpc21vZnZnLml0L2NhcmQvbXVsdGlzZXJ2aXppP19jbGRlZT1jbVZrWVhwcGIyNWxRR2x0WVdkaGVtbHVaUzVwZEElM2QlM2QmcmVjaXBpZW50aWQ9YWNjb3VudC01MGIwZjY1N2ZjNDBlYTExYTgxMzAwMGQzYWIzNjE3MC1mMWU3NDA5MzBiY2U0NTA1YWFjYTZmMmY2ZDVjNmU0OCZlc2lkPThlYjE0YjQ4LTBlNjYtZWIxMS1hODEyLTAwMGQzYWIxYjE1OQ%26K%3DTVwj8aTyggsuioeRiZDNFA&#038;source=gmail&#038;ust=1612604724468000&#038;usg=AFQjCNEhGy3TxJWX-Vkm8v0vWiJFUtJtnw\" href=\"http:\/\/link.promoturismo.fvg.it\/c\/6\/?T=MjAzNzY4NDk%3AcDEtYjIxMDM0LTQzYTYyOGU0ZjA3MTQ2ODg5ZGZkZTc4YjEwNDY4MmY1%3AcmVkYXppb25lQGltYWdhemluZS5pdA%3AYWNjb3VudC01MGIwZjY1N2ZjNDBlYTExYTgxMzAwMGQzYWIzNjE3MC1mMWU3NDA5MzBiY2U0NTA1YWFjYTZmMmY2ZDVjNmU0OA%3AZmFsc2U%3AMw%3A%3AaHR0cDovL3d3dy50dXJpc21vZnZnLml0L2NhcmQvbXVsdGlzZXJ2aXppP19jbGRlZT1jbVZrWVhwcGIyNWxRR2x0WVdkaGVtbHVaUzVwZEElM2QlM2QmcmVjaXBpZW50aWQ9YWNjb3VudC01MGIwZjY1N2ZjNDBlYTExYTgxMzAwMGQzYWIzNjE3MC1mMWU3NDA5MzBiY2U0NTA1YWFjYTZmMmY2ZDVjNmU0OCZlc2lkPThlYjE0YjQ4LTBlNjYtZWIxMS1hODEyLTAwMGQzYWIxYjE1OQ&#038;K=TVwj8aTyggsuioeRiZDNFA\" target=\"_blank\" rel=\"noopener\"><span style=\"color:#0000ff;\">www.turismofvg.it\/card\/<wbr \/>multiservizi<\/span><\/a><\/em><\/u>\u00a0entro il 25 aprile ricever\u00e0\u00a0<strong>in omaggio la FVGCard multiservizi<\/strong>\u00a0del valore di 5 euro e valida per cinque anni, da ritirare in una delle casse dei poli sciistici della regione quando saranno riaperti al pubblico.<\/p>\n<p><a href=\"http:\/\/imagazinevideotruck.it\/outlet\/relink.html\" target=\"_top\" rel=\"noopener\"><img loading=\"lazy\" decoding=\"async\" align=\"LEFT\" height=\"250\" src=\"http:\/\/imagazinevideotruck.it\/outlet\/outlet30.gif\" width=\"300\" alt=\"\" title=\"\"><\/a><\/p>\n<p>\u00a0<\/p>\n<p>\u00a0<\/p>\n<p>\u00a0<\/p>\n<p>\u00a0<\/p>\n<p>\u00a0<\/p>\n<p>\u00a0<\/p>\n<p>\u00a0<\/p>\n<p>\u00a0<\/p>\n<p>\u00a0<\/p>\n<p>Lo skipass potr\u00e0 essere acquistato\u00a0<strong>direttamente dal proprio smartphone<\/strong>, consentendo cos\u00ec di tenere sotto controllo il numero di presenze sulle piste degli impianti sciistici della regione. L\u2019obiettivo \u00e8 quello di ridurre il pi\u00f9 possibile le file alle casse dei poli, ma sar\u00e0 comunque<strong>\u00a0garantito<\/strong>\u00a0<strong>un servizio minimo<\/strong>\u00a0per situazioni eccezionali.<\/p>\n<p>In un\u2019ottica di innovazione e nel rispetto delle normative anti-assembramento, PromoTurismoFVG ha accelerato il processo di digitalizzazione gi\u00e0 programmato per il 2021 promuovendo la nuova FVGcard multiservizi. Il classico supporto magnetico dello skipass diventa ora\u00a0<strong>una vera e propria smart card universale<\/strong>, sulla quale caricare non solo i biglietti acquistati online, ma tutta una serie di servizi che in futuro si estenderanno anche ad altri ambiti, come gli ingressi in spiaggia e i musei della regione.<\/p>\n","protected":false},"excerpt":{"rendered":"<p>Apertura il 15 febbraio<\/p>\n","protected":false},"author":28,"featured_media":37786,"comment_status":"closed","ping_status":"closed","sticky":false,"template":"","format":"standard","meta":{"dwc-title":[],"dwc-content":[],"footnotes":""},"categories":[8],"tags":[],"class_list":["post-37785","post","type-post","status-publish","format-standard","has-post-thumbnail","hentry","category-turismo"],"rttpg_featured_image_url":{"full":["https:\/\/imagazine.it\/wp-content\/uploads\/2024\/01\/38139-1.webp",1280,853,false],"landscape":["https:\/\/imagazine.it\/wp-content\/uploads\/2024\/01\/38139-1.webp",1280,853,false],"portraits":["https:\/\/imagazine.it\/wp-content\/uploads\/2024\/01\/38139-1.webp",1280,853,false],"thumbnail":["https:\/\/imagazine.it\/wp-content\/uploads\/2024\/01\/38139-1-150x150.webp",150,150,true],"medium":["https:\/\/imagazine.it\/wp-content\/uploads\/2024\/01\/38139-1-300x200.webp",300,200,true],"large":["https:\/\/imagazine.it\/wp-content\/uploads\/2024\/01\/38139-1-1024x682.webp",640,426,true],"thumblist":["https:\/\/imagazine.it\/wp-content\/uploads\/2024\/01\/38139-1.webp",300,200,false],"thumbrelated":["https:\/\/imagazine.it\/wp-content\/uploads\/2024\/01\/38139-1.webp",500,333,false],"meccarouselthumb":["https:\/\/imagazine.it\/wp-content\/uploads\/2024\/01\/38139-1.webp",474,316,false],"gridsquare":["https:\/\/imagazine.it\/wp-content\/uploads\/2024\/01\/38139-1.webp",391,260,false],"tileview":["https:\/\/imagazine.it\/wp-content\/uploads\/2024\/01\/38139-1.webp",300,200,false],"1536x1536":["https:\/\/imagazine.it\/wp-content\/uploads\/2024\/01\/38139-1.webp",1280,853,false],"2048x2048":["https:\/\/imagazine.it\/wp-content\/uploads\/2024\/01\/38139-1.webp",1280,853,false],"newsup-slider-full":["https:\/\/imagazine.it\/wp-content\/uploads\/2024\/01\/38139-1-1280x720.webp",1280,720,true],"newsup-featured":["https:\/\/imagazine.it\/wp-content\/uploads\/2024\/01\/38139-1-1024x682.webp",1024,682,true],"newsup-medium":["https:\/\/imagazine.it\/wp-content\/uploads\/2024\/01\/38139-1-720x380.webp",720,380,true],"tptn_thumbnail":["https:\/\/imagazine.it\/wp-content\/uploads\/2024\/01\/38139-1.webp",250,167,false],"sow-carousel-default":["https:\/\/imagazine.it\/wp-content\/uploads\/2024\/01\/38139-1-272x182.webp",272,182,true]},"rttpg_author":{"display_name":"redazione","author_link":"https:\/\/imagazine.it\/home_desk\/author\/redazione\/"},"rttpg_comment":0,"rttpg_category":"<a href=\"https:\/\/imagazine.it\/home_desk\/category\/turismo\/\" rel=\"category tag\">TURISMO<\/a>","rttpg_excerpt":"Apertura il 15 febbraio","_links":{"self":[{"href":"https:\/\/imagazine.it\/home_desk\/wp-json\/wp\/v2\/posts\/37785","targetHints":{"allow":["GET"]}}],"collection":[{"href":"https:\/\/imagazine.it\/home_desk\/wp-json\/wp\/v2\/posts"}],"about":[{"href":"https:\/\/imagazine.it\/home_desk\/wp-json\/wp\/v2\/types\/post"}],"author":[{"embeddable":true,"href":"https:\/\/imagazine.it\/home_desk\/wp-json\/wp\/v2\/users\/28"}],"replies":[{"embeddable":true,"href":"https:\/\/imagazine.it\/home_desk\/wp-json\/wp\/v2\/comments?post=37785"}],"version-history":[{"count":0,"href":"https:\/\/imagazine.it\/home_desk\/wp-json\/wp\/v2\/posts\/37785\/revisions"}],"wp:featuredmedia":[{"embeddable":true,"href":"https:\/\/imagazine.it\/home_desk\/wp-json\/wp\/v2\/media\/37786"}],"wp:attachment":[{"href":"https:\/\/imagazine.it\/home_desk\/wp-json\/wp\/v2\/media?parent=37785"}],"wp:term":[{"taxonomy":"category","embeddable":true,"href":"https:\/\/imagazine.it\/home_desk\/wp-json\/wp\/v2\/categories?post=37785"},{"taxonomy":"post_tag","embeddable":true,"href":"https:\/\/imagazine.it\/home_desk\/wp-json\/wp\/v2\/tags?post=37785"}],"curies":[{"name":"wp","href":"https:\/\/api.w.org\/{rel}","templated":true}]}}