{"id":37767,"date":"2021-02-03T00:00:00","date_gmt":"2021-02-02T23:00:00","guid":{"rendered":"https:\/\/imagazine.it\/?p=37767"},"modified":"2021-02-03T00:00:00","modified_gmt":"2021-02-02T23:00:00","slug":"crisi-e-lavoro-in-fvg-dati-migliori-rispetto-al-resto-ditalia","status":"publish","type":"post","link":"https:\/\/imagazine.it\/home_desk\/crisi-e-lavoro-in-fvg-dati-migliori-rispetto-al-resto-ditalia\/","title":{"rendered":"Crisi e lavoro, in FVG dati migliori rispetto al resto d&#8217;Italia"},"content":{"rendered":"<p>Il 2020 si \u00e8 chiuso per il Friuli Venezia Giulia con 189 mila 267 nuove assunzioni e 190 mila 363 cessazioni di contratti di lavoro. Il saldo, alla fine, \u00e8 negativo per circa un migliaio di unit\u00e0. \u201cSi tratta di numeri che collocano la nostra regione ai vertici nazionali per quanto riguarda la tenuta del sistema economico&#8221;, afferma <strong>Alessia Rosolen<\/strong>, assessore regionale al Lavoro, nel rilevare che &#8220;i numeri, circoscritti al lavoro dipendente, evidenziati da un recente studio di Banca d&#39;Italia e Ministero del Lavoro, confermano quanto gi\u00e0 prodotto dall&#39;Osservatorio regionale e certificano la tenuta del sistema&#8221;.<\/p>\n<p>&#8220;La pandemia &#8211; prosegue Rosolen &#8211; ha massacrato quasi tutti, colpendo in modo molto pesante anche le regioni pi\u00f9 produttive e trainanti. Noi abbiamo contenuto i danni. Naturalmente, nel diffondere questi dati, resta un atteggiamento cauto, prudente e consapevole della situazione generale&#8221;.<\/p>\n<p>Durante il 2020, a consuntivo, il saldo tra assunzioni e cessazioni in Friuli Venezia Giulia si ferma a -1.000 unit\u00e0 circa, mostrando un forte recupero da giugno fino a novembre. In altre regioni del Centro-Nord questo dato \u00e8 sensibilmente pi\u00f9 grave. In proporzione, infatti, le assunzioni nette sono pi\u00f9 basse per regioni come Lombardia, Liguria, Valle d&#39;Aosta, Trentino Alto Adige, Veneto ed Emilia Romagna.<\/p>\n<p>&#8220;Le differenze non si fermano qui. La fase pi\u00f9 grave della crisi &#8211; spiega Rosolen &#8211; si \u00e8 registrata tra marzo e giugno, concentrata pertanto sulla stagione turistica e sul terziario con contratti temporanei. Da luglio, il cambio di passo \u00e8 stato significativo e marcato e si \u00e8 protratto fino a novembre compreso. La fase autunnale di restrizioni ha pesato soprattutto a dicembre. Mi preme porre l&#39;accento su due aspetti: in FVG la ripresa \u00e8 stata pi\u00f9 marcata e, soprattutto, si \u00e8 protratta nel tempo. Mentre le altre regioni hanno assistito a uno stop brusco al termine di ottobre, noi abbiamo continuato a crescere fino alla fine di novembre. Su questa diversa <em>performance<\/em> di volume e durata della fase di recupero \u00e8 molto probabile abbiano inciso, come anche fa notare Banca d&#39;Italia, specifiche misure di sostegno alle assunzioni. La Regione, infatti, ha sostenuto in modo importante le assunzioni a luglio e a novembre, e i dati di mercato del lavoro ne confermano l&#39;efficacia&#8221;.<\/p>\n<p><a href=\"http:\/\/imagazinevideotruck.it\/outlet\/relink.html\" target=\"_top\" rel=\"noopener\"><img loading=\"lazy\" decoding=\"async\" align=\"LEFT\" height=\"250\" src=\"http:\/\/imagazinevideotruck.it\/outlet\/outlet30.gif\" width=\"300\" alt=\"\" title=\"\"><\/a><\/p>\n<p>\u00a0<\/p>\n<p>\u00a0<\/p>\n<p>\u00a0<\/p>\n<p>\u00a0<\/p>\n<p>\u00a0<\/p>\n<p>\u00a0<\/p>\n<p>\u00a0<\/p>\n<p>\u00a0<\/p>\n<p>\u00a0<\/p>\n<p>L&#39;assessore pone altres\u00ec l&#39;accento sull&#39;equilibrio &#8220;di genere&#8221; registrato.<\/p>\n<p>&#8220;Un&#39;altra notevole differenza rinvenibile in questi dati &#8211; rileva Rosolen &#8211; riguarda l&#39;occupazione femminile: se \u00e8 vero che mediamente a livello nazionale si \u00e8 osservata una concentrazione della crisi soprattutto sulle donne e sui giovani &#8211; offerta di lavoro particolarmente esposta alla stagionalit\u00e0 e alla temporaneit\u00e0 dei rapporti di lavoro &#8211; nel caso del Friuli Venezia Giulia non si osservano grandi differenze tra uomini e donne, mentre si conferma una maggiore incidenza sul calo di assunzioni della componente under 34 anni. Per gli uomini, infatti, la differenza tra assunzioni e cessazioni \u00e8 pari a -577 unit\u00e0 nel 2020, mentre il saldo della componente femminile \u00e8 -519&#8221;.<\/p>\n<p>&#8220;A met\u00e0 marzo l&#39;Istat rilascer\u00e0 i dati degli stock di occupati dipendenti e indipendenti a livello regionale per tutto il 2020. \u00c8 ragionevole prevedere una conferma del livello occupazionale del 2019, con un calo soprattutto dell&#39;occupazione temporanea nel settore del terziario tradizionale e degli alberghi e ristorazione, anche nella componente del lavoro indipendente. Rimane altissima &#8211; conclude l&#39;assessore &#8211; la soglia dell&#39;attenzione rispetto alle misure legato allo sblocco dei licenziamenti e alle azioni necessarie ad affrontare questa fase pandemica&#8221;.\u00a0<\/p>\n","protected":false},"excerpt":{"rendered":"<p>La conferma dell&#8217;assessore Rosolen<\/p>\n","protected":false},"author":28,"featured_media":37768,"comment_status":"closed","ping_status":"closed","sticky":false,"template":"","format":"standard","meta":{"dwc-title":[],"dwc-content":[],"footnotes":""},"categories":[5],"tags":[],"class_list":["post-37767","post","type-post","status-publish","format-standard","has-post-thumbnail","hentry","category-attualita"],"rttpg_featured_image_url":{"full":["https:\/\/imagazine.it\/wp-content\/uploads\/2024\/01\/38119-1.webp",1000,669,false],"landscape":["https:\/\/imagazine.it\/wp-content\/uploads\/2024\/01\/38119-1.webp",1000,669,false],"portraits":["https:\/\/imagazine.it\/wp-content\/uploads\/2024\/01\/38119-1.webp",1000,669,false],"thumbnail":["https:\/\/imagazine.it\/wp-content\/uploads\/2024\/01\/38119-1-150x150.webp",150,150,true],"medium":["https:\/\/imagazine.it\/wp-content\/uploads\/2024\/01\/38119-1-300x201.webp",300,201,true],"large":["https:\/\/imagazine.it\/wp-content\/uploads\/2024\/01\/38119-1.webp",640,428,false],"thumblist":["https:\/\/imagazine.it\/wp-content\/uploads\/2024\/01\/38119-1.webp",300,201,false],"thumbrelated":["https:\/\/imagazine.it\/wp-content\/uploads\/2024\/01\/38119-1.webp",500,335,false],"meccarouselthumb":["https:\/\/imagazine.it\/wp-content\/uploads\/2024\/01\/38119-1.webp",474,317,false],"gridsquare":["https:\/\/imagazine.it\/wp-content\/uploads\/2024\/01\/38119-1.webp",389,260,false],"tileview":["https:\/\/imagazine.it\/wp-content\/uploads\/2024\/01\/38119-1.webp",300,201,false],"1536x1536":["https:\/\/imagazine.it\/wp-content\/uploads\/2024\/01\/38119-1.webp",1000,669,false],"2048x2048":["https:\/\/imagazine.it\/wp-content\/uploads\/2024\/01\/38119-1.webp",1000,669,false],"newsup-slider-full":["https:\/\/imagazine.it\/wp-content\/uploads\/2024\/01\/38119-1.webp",1000,669,false],"newsup-featured":["https:\/\/imagazine.it\/wp-content\/uploads\/2024\/01\/38119-1.webp",1000,669,false],"newsup-medium":["https:\/\/imagazine.it\/wp-content\/uploads\/2024\/01\/38119-1-720x380.webp",720,380,true],"tptn_thumbnail":["https:\/\/imagazine.it\/wp-content\/uploads\/2024\/01\/38119-1.webp",250,167,false],"sow-carousel-default":["https:\/\/imagazine.it\/wp-content\/uploads\/2024\/01\/38119-1-272x182.webp",272,182,true]},"rttpg_author":{"display_name":"redazione","author_link":"https:\/\/imagazine.it\/home_desk\/author\/redazione\/"},"rttpg_comment":0,"rttpg_category":"<a href=\"https:\/\/imagazine.it\/home_desk\/category\/attualita\/\" rel=\"category tag\">ATTUALIT\u00c0<\/a>","rttpg_excerpt":"La conferma dell'assessore Rosolen","_links":{"self":[{"href":"https:\/\/imagazine.it\/home_desk\/wp-json\/wp\/v2\/posts\/37767","targetHints":{"allow":["GET"]}}],"collection":[{"href":"https:\/\/imagazine.it\/home_desk\/wp-json\/wp\/v2\/posts"}],"about":[{"href":"https:\/\/imagazine.it\/home_desk\/wp-json\/wp\/v2\/types\/post"}],"author":[{"embeddable":true,"href":"https:\/\/imagazine.it\/home_desk\/wp-json\/wp\/v2\/users\/28"}],"replies":[{"embeddable":true,"href":"https:\/\/imagazine.it\/home_desk\/wp-json\/wp\/v2\/comments?post=37767"}],"version-history":[{"count":0,"href":"https:\/\/imagazine.it\/home_desk\/wp-json\/wp\/v2\/posts\/37767\/revisions"}],"wp:featuredmedia":[{"embeddable":true,"href":"https:\/\/imagazine.it\/home_desk\/wp-json\/wp\/v2\/media\/37768"}],"wp:attachment":[{"href":"https:\/\/imagazine.it\/home_desk\/wp-json\/wp\/v2\/media?parent=37767"}],"wp:term":[{"taxonomy":"category","embeddable":true,"href":"https:\/\/imagazine.it\/home_desk\/wp-json\/wp\/v2\/categories?post=37767"},{"taxonomy":"post_tag","embeddable":true,"href":"https:\/\/imagazine.it\/home_desk\/wp-json\/wp\/v2\/tags?post=37767"}],"curies":[{"name":"wp","href":"https:\/\/api.w.org\/{rel}","templated":true}]}}