{"id":37761,"date":"2021-02-03T00:00:00","date_gmt":"2021-02-02T23:00:00","guid":{"rendered":"https:\/\/imagazine.it\/?p=37761"},"modified":"2021-02-03T00:00:00","modified_gmt":"2021-02-02T23:00:00","slug":"monfalcone-presentata-la-mostra-su-nino-zoncada","status":"publish","type":"post","link":"https:\/\/imagazine.it\/home_desk\/monfalcone-presentata-la-mostra-su-nino-zoncada\/","title":{"rendered":"Monfalcone, presentata la mostra su Nino Zoncada"},"content":{"rendered":"<p>Inaugurata questa mattina la mostra &#8220;Nino Zoncada. Da Monfalcone al mondo&#8221;,\u00a0realizzata dal Comune di <strong>Monfalcone<\/strong> in collaborazione con il Consorzio Culturale del Monfalconese, con il contributo della Regione Friuli Venezia Giulia, per far conoscere e apprezzare il lavoro del designer <strong>Nino Zoncada<\/strong> nell&#39;ambito dell&#39;evoluzione tecnico-artistica della costruzione navalmeccanica italiana.<\/p>\n<p>Sar\u00e0 aperta al pubblico da gioved\u00ec 4 febbraio ad aprile nelle sedi della <strong>Galleria d&#39;Arte Contemporanea e del MuCa &#8211; Museo della Cantieristica<\/strong> di Monfalcone.<\/p>\n<p>\u201cQuesta mostra \u00e8 un\u2019iniziativa molto importante, e non solo per la nostra citt\u00e0: testimonia la nostra volont\u00e0 &#8211; ha affermato il sindaco\u00a0<strong>Anna Maria Cisint<\/strong>\u00a0&#8211; di offrire una prospettiva a tutto il settore culturale, in questo momento cos\u00ec difficile a causa della pandemia. Vuole essere un abbraccio solidale a tutti i lavoratori che ci consentono di vivere arricchiti nell\u2019anima. Il Comune di Monfalcone vuole fare la sua parte, anche grazie alla collaborazione degli altri soggetti, come la Regione Friuli Venezia Giulia e il Consorzio culturale del Molfanconese, che ci accompagnano in questo percorso\u201d.<\/p>\n<p>&#8220;Inaugurare una mostra, e quindi non riaprirne una che era stata sospesa, immediatamente dopo la possibilit\u00e0 di aprire musei e spazi espositivi nei giorni feriali non \u00e8 solo un atto di coraggio, ma dimostra anche un grande senso delle istituzioni che mai come in questo momento sono chiamate a dare speranza verso il futuro. Per questo ringrazio il sindaco e l&#39;amministrazione comunale di Monfalcone, sia come assessore regionale, sia come cittadina del Friuli Venezia Giulia&#8221;, ha affermato l&#39;assessore regionale alla Cultura, <strong>Tiziana Gibelli<\/strong>.<\/p>\n<p>&#8220;La mostra su Nino Zoncada &#8211; ha concluso l&#39;assessore &#8211; rappresenta un altro omaggio che Monfalcone rende al suo essere la citt\u00e0 dalla quale partivano i bastimenti, come si diceva una volta. Ancora oggi \u00e8 un punto di riferimento per la cantieristica ed un fiore all&#39;occhiello per l&#39;engineering e per l&#39;imprenditoria, ma lo sta diventando anche per il panorama culturale del Friuli Venezia Giulia&#8221;.<\/p>\n<p>\u201cPer il Consorzio culturale del Monfalconese\u00a0&#8211; ha affermato il presidente\u00a0<strong>Davide Iannis<\/strong>\u00a0&#8211;\u00a0questa mostra \u00e8 motivo di grande soddisfazione, per diversi motivi: perch\u00e9 evidenzia il ruolo del CCM come attrattore economico a favore dello sviluppo, perch\u00e9 dimostra la sua capacit\u00e0 nel supportare iniziative culturali di valore e perch\u00e9 conferma la sua attivit\u00e0 nel creare cultura nelle persone\u201d,<\/p>\n<p>\u201cDei tre filoni culturali ospitati in Galleria\u00a0&#8211; ha sottolineato l\u2019assessore comunale\u00a0 alla Cultura\u00a0<strong>Luca<\/strong>\u00a0<strong>Fasan<\/strong>\u00a0&#8211; quello delle eccellenze locali ha una valenza strategica. Questa mostra \u00e8 una specie di link tra il territorio e il mondo, nel proporre la cantieristica non solo come opportunit\u00e0 di lavoro ma per l\u2019aspetto culturale che \u00e8 riuscito a veicolare a livello internazionale\u201d.<\/p>\n<p>Il percorso espositivo, a cura di <strong>Giulia Norbedo e Giulio Princic<\/strong>, si sviluppa a partire da un&#39;introduzione relativa ai cambiamenti tecnici e sociali del territorio tra gli anni 20 e gli anni 60 del Novecento per poi focalizzarsi sul lavoro di Nino Zoncada nell&#39;ambito dell&#39;allestimento e della progettazione dei grandi transatlantici italiani.<\/p>\n<p>Il nome di Zoncada si intreccia, nel percorso di visita, ai nomi degli altri suoi grandi colleghi designer e architetti, come Gio Ponti, portando a un lineare percorso di evoluzione stilistica sulle navi del Novecento.<\/p>\n<p><a href=\"http:\/\/imagazinevideotruck.it\/outlet\/relink_euro.html\" target=\"_top\" rel=\"noopener\"><img loading=\"lazy\" decoding=\"async\" align=\"LEFT\" height=\"250\" src=\"http:\/\/imagazinevideotruck.it\/outlet\/euromobili_banner_art.jpg\" width=\"300\" alt=\"\" title=\"\"><\/a><\/p>\n<p>\u00a0<\/p>\n<p>\u00a0<\/p>\n<p>\u00a0<\/p>\n<p>\u00a0<\/p>\n<p>\u00a0<\/p>\n<p>\u00a0<\/p>\n<p>\u00a0<\/p>\n<p>\u00a0<\/p>\n<p>\u00a0<\/p>\n<p>La mostra, aperta al pubblico nel rispetto di tutte le normative sanitarie, ha i seguenti orari: luned\u00ec e venerd\u00ec 10-18, marted\u00ec e gioved\u00ec 15-18, mercoled\u00ec 10-13.<\/p>\n<p>\u00c8 inoltre visibile online, grazie al tour virtuale in 3D pubblicato sul sito del Comune di Monfalcone.<\/p>\n","protected":false},"excerpt":{"rendered":"<p>Visitabile fino ad aprile<\/p>\n","protected":false},"author":28,"featured_media":37762,"comment_status":"closed","ping_status":"closed","sticky":false,"template":"","format":"standard","meta":{"dwc-title":[],"dwc-content":[],"footnotes":""},"categories":[37],"tags":[],"class_list":["post-37761","post","type-post","status-publish","format-standard","has-post-thumbnail","hentry","category-cultura-e-spettacolo"],"rttpg_featured_image_url":{"full":["https:\/\/imagazine.it\/wp-content\/uploads\/2024\/01\/38113-1.webp",1000,573,false],"landscape":["https:\/\/imagazine.it\/wp-content\/uploads\/2024\/01\/38113-1.webp",1000,573,false],"portraits":["https:\/\/imagazine.it\/wp-content\/uploads\/2024\/01\/38113-1.webp",1000,573,false],"thumbnail":["https:\/\/imagazine.it\/wp-content\/uploads\/2024\/01\/38113-1-150x150.webp",150,150,true],"medium":["https:\/\/imagazine.it\/wp-content\/uploads\/2024\/01\/38113-1-300x172.webp",300,172,true],"large":["https:\/\/imagazine.it\/wp-content\/uploads\/2024\/01\/38113-1.webp",640,367,false],"thumblist":["https:\/\/imagazine.it\/wp-content\/uploads\/2024\/01\/38113-1.webp",300,172,false],"thumbrelated":["https:\/\/imagazine.it\/wp-content\/uploads\/2024\/01\/38113-1.webp",500,287,false],"meccarouselthumb":["https:\/\/imagazine.it\/wp-content\/uploads\/2024\/01\/38113-1.webp",474,272,false],"gridsquare":["https:\/\/imagazine.it\/wp-content\/uploads\/2024\/01\/38113-1.webp",391,224,false],"tileview":["https:\/\/imagazine.it\/wp-content\/uploads\/2024\/01\/38113-1.webp",300,172,false],"1536x1536":["https:\/\/imagazine.it\/wp-content\/uploads\/2024\/01\/38113-1.webp",1000,573,false],"2048x2048":["https:\/\/imagazine.it\/wp-content\/uploads\/2024\/01\/38113-1.webp",1000,573,false],"newsup-slider-full":["https:\/\/imagazine.it\/wp-content\/uploads\/2024\/01\/38113-1.webp",1000,573,false],"newsup-featured":["https:\/\/imagazine.it\/wp-content\/uploads\/2024\/01\/38113-1.webp",1000,573,false],"newsup-medium":["https:\/\/imagazine.it\/wp-content\/uploads\/2024\/01\/38113-1-720x380.webp",720,380,true],"tptn_thumbnail":["https:\/\/imagazine.it\/wp-content\/uploads\/2024\/01\/38113-1.webp",250,143,false],"sow-carousel-default":["https:\/\/imagazine.it\/wp-content\/uploads\/2024\/01\/38113-1-272x182.webp",272,182,true]},"rttpg_author":{"display_name":"redazione","author_link":"https:\/\/imagazine.it\/home_desk\/author\/redazione\/"},"rttpg_comment":0,"rttpg_category":"<a href=\"https:\/\/imagazine.it\/home_desk\/category\/cultura-e-spettacolo\/\" rel=\"category tag\">CULTURA&amp;SPETTACOLO<\/a>","rttpg_excerpt":"Visitabile fino ad aprile","_links":{"self":[{"href":"https:\/\/imagazine.it\/home_desk\/wp-json\/wp\/v2\/posts\/37761","targetHints":{"allow":["GET"]}}],"collection":[{"href":"https:\/\/imagazine.it\/home_desk\/wp-json\/wp\/v2\/posts"}],"about":[{"href":"https:\/\/imagazine.it\/home_desk\/wp-json\/wp\/v2\/types\/post"}],"author":[{"embeddable":true,"href":"https:\/\/imagazine.it\/home_desk\/wp-json\/wp\/v2\/users\/28"}],"replies":[{"embeddable":true,"href":"https:\/\/imagazine.it\/home_desk\/wp-json\/wp\/v2\/comments?post=37761"}],"version-history":[{"count":0,"href":"https:\/\/imagazine.it\/home_desk\/wp-json\/wp\/v2\/posts\/37761\/revisions"}],"wp:featuredmedia":[{"embeddable":true,"href":"https:\/\/imagazine.it\/home_desk\/wp-json\/wp\/v2\/media\/37762"}],"wp:attachment":[{"href":"https:\/\/imagazine.it\/home_desk\/wp-json\/wp\/v2\/media?parent=37761"}],"wp:term":[{"taxonomy":"category","embeddable":true,"href":"https:\/\/imagazine.it\/home_desk\/wp-json\/wp\/v2\/categories?post=37761"},{"taxonomy":"post_tag","embeddable":true,"href":"https:\/\/imagazine.it\/home_desk\/wp-json\/wp\/v2\/tags?post=37761"}],"curies":[{"name":"wp","href":"https:\/\/api.w.org\/{rel}","templated":true}]}}