{"id":37759,"date":"2021-02-01T00:00:00","date_gmt":"2021-01-31T23:00:00","guid":{"rendered":"https:\/\/imagazine.it\/?p=37759"},"modified":"2021-02-01T00:00:00","modified_gmt":"2021-01-31T23:00:00","slug":"lomaggio-di-tapogliano-a-giancarlo-bearzotti","status":"publish","type":"post","link":"https:\/\/imagazine.it\/home_desk\/lomaggio-di-tapogliano-a-giancarlo-bearzotti\/","title":{"rendered":"L&#8217;omaggio di Tapogliano a Giancarlo Bearzotti"},"content":{"rendered":"<p>A quasi 93 anni \u2013 li avrebbe computi il prossimo 9 febbraio \u2013 \u00e8 morto <strong>Giancarlo Bearzotti<\/strong>.<\/p>\n<p>Nato a Jalmicco il 9 febbraio 1928, ancora in fasce si \u00e8 trasferito a Tapogliano dove vi \u00e8 rimasto tutta la vita.<\/p>\n<p>Giancarlo, dopo un primo periodo nel quale ha fatto il rappresentante, ha seguito le orme del padre Amedeo nell&#39;azienda di famiglia, per la coltivazione di mele, pesche, con la vigna e le serre per ortaggi vari, che \u00e8 stato non solo il suo lavoro ma anche la sua grande passione.<\/p>\n<p>Nel 1959 si \u00e8 sposato con Diletta e con l&#39;arrivo dei tre figli Emanuele, Francesco e Mario \u00e8 riuscito a conciliare la sua vita privata di padre amorevole e giusto, ma anche di uomo pubblico: fu sindaco dell\u2019allora comune di Tapogliano al 1964 al 1970.<\/p>\n<p>Di lui si ricorder\u00e0 la costruzione del municipio in piazzale dell&#39;Esercito, la fondazione della squadra di calcio \u201cTorre\u201d, della quale \u00e8 stato il primo presidente. Nei sette anni da primo amministratore del paese \u00e8 stato sempre presente in mezzo alla gente. \u00c8 stato, anche, tra i fondatori a fine anni &#39;70 della Cantina di produzione Vini di Corm\u00f2ns, e per un periodo, negli anni &#39;80, presidente del COFI di Papariano.\u00a0<\/p>\n<p><a href=\"http:\/\/imagazinevideotruck.it\/outlet\/relink.html\" target=\"_top\" rel=\"noopener\"><img loading=\"lazy\" decoding=\"async\" align=\"LEFT\" height=\"250\" src=\"http:\/\/imagazinevideotruck.it\/outlet\/outlet30.gif\" width=\"300\" alt=\"\" title=\"\"><\/a><\/p>\n<p>\u00a0<\/p>\n<p>\u00a0<\/p>\n<p>\u00a0<\/p>\n<p>\u00a0<\/p>\n<p>\u00a0<\/p>\n<p>\u00a0<\/p>\n<p>\u00a0<\/p>\n<p>\u00a0<\/p>\n<p>\u00a0<\/p>\n<p>Il suo attaccamento alla comunit\u00e0 si \u00e8 visto nel giorno delle esequie officiate dal parroco <strong>don Franco Gismano<\/strong>, anche se ormai fuori dalla vita pubblica da molto tempo, tante persone si son ricordate di lui anche per la sua convivialit\u00e0, il piacere di stare tra la gente e la porta di casa sempre aperta, e nonostante tutte le limitazioni per il Covid-19 hanno voluto essere presenti e portare l&#39;ultimo saluto.<\/p>\n<p>Oltre alla moglie e ai figli, Bearzotti lascia i nipoti Caterina, Gaia, Vittoria, Giovanni e Rodolfo.\u00a0<\/p>\n","protected":false},"excerpt":{"rendered":"<p>Scomparso all&#8217;et\u00e0 di 92 anni<\/p>\n","protected":false},"author":22,"featured_media":37760,"comment_status":"closed","ping_status":"closed","sticky":false,"template":"","format":"standard","meta":{"dwc-title":[],"dwc-content":[],"footnotes":""},"categories":[5],"tags":[],"class_list":["post-37759","post","type-post","status-publish","format-standard","has-post-thumbnail","hentry","category-attualita"],"rttpg_featured_image_url":{"full":["https:\/\/imagazine.it\/wp-content\/uploads\/2024\/01\/38110-1.webp",900,609,false],"landscape":["https:\/\/imagazine.it\/wp-content\/uploads\/2024\/01\/38110-1.webp",900,609,false],"portraits":["https:\/\/imagazine.it\/wp-content\/uploads\/2024\/01\/38110-1.webp",900,609,false],"thumbnail":["https:\/\/imagazine.it\/wp-content\/uploads\/2024\/01\/38110-1-150x150.webp",150,150,true],"medium":["https:\/\/imagazine.it\/wp-content\/uploads\/2024\/01\/38110-1-300x203.webp",300,203,true],"large":["https:\/\/imagazine.it\/wp-content\/uploads\/2024\/01\/38110-1.webp",640,433,false],"thumblist":["https:\/\/imagazine.it\/wp-content\/uploads\/2024\/01\/38110-1.webp",300,203,false],"thumbrelated":["https:\/\/imagazine.it\/wp-content\/uploads\/2024\/01\/38110-1.webp",500,338,false],"meccarouselthumb":["https:\/\/imagazine.it\/wp-content\/uploads\/2024\/01\/38110-1.webp",474,321,false],"gridsquare":["https:\/\/imagazine.it\/wp-content\/uploads\/2024\/01\/38110-1.webp",384,260,false],"tileview":["https:\/\/imagazine.it\/wp-content\/uploads\/2024\/01\/38110-1.webp",300,203,false],"1536x1536":["https:\/\/imagazine.it\/wp-content\/uploads\/2024\/01\/38110-1.webp",900,609,false],"2048x2048":["https:\/\/imagazine.it\/wp-content\/uploads\/2024\/01\/38110-1.webp",900,609,false],"newsup-slider-full":["https:\/\/imagazine.it\/wp-content\/uploads\/2024\/01\/38110-1.webp",900,609,false],"newsup-featured":["https:\/\/imagazine.it\/wp-content\/uploads\/2024\/01\/38110-1.webp",900,609,false],"newsup-medium":["https:\/\/imagazine.it\/wp-content\/uploads\/2024\/01\/38110-1-720x380.webp",720,380,true],"tptn_thumbnail":["https:\/\/imagazine.it\/wp-content\/uploads\/2024\/01\/38110-1.webp",250,169,false],"sow-carousel-default":["https:\/\/imagazine.it\/wp-content\/uploads\/2024\/01\/38110-1-272x182.webp",272,182,true]},"rttpg_author":{"display_name":"Livio Nonis","author_link":"https:\/\/imagazine.it\/home_desk\/author\/nonis\/"},"rttpg_comment":0,"rttpg_category":"<a href=\"https:\/\/imagazine.it\/home_desk\/category\/attualita\/\" rel=\"category tag\">ATTUALIT\u00c0<\/a>","rttpg_excerpt":"Scomparso all'et\u00e0 di 92 anni","_links":{"self":[{"href":"https:\/\/imagazine.it\/home_desk\/wp-json\/wp\/v2\/posts\/37759","targetHints":{"allow":["GET"]}}],"collection":[{"href":"https:\/\/imagazine.it\/home_desk\/wp-json\/wp\/v2\/posts"}],"about":[{"href":"https:\/\/imagazine.it\/home_desk\/wp-json\/wp\/v2\/types\/post"}],"author":[{"embeddable":true,"href":"https:\/\/imagazine.it\/home_desk\/wp-json\/wp\/v2\/users\/22"}],"replies":[{"embeddable":true,"href":"https:\/\/imagazine.it\/home_desk\/wp-json\/wp\/v2\/comments?post=37759"}],"version-history":[{"count":0,"href":"https:\/\/imagazine.it\/home_desk\/wp-json\/wp\/v2\/posts\/37759\/revisions"}],"wp:featuredmedia":[{"embeddable":true,"href":"https:\/\/imagazine.it\/home_desk\/wp-json\/wp\/v2\/media\/37760"}],"wp:attachment":[{"href":"https:\/\/imagazine.it\/home_desk\/wp-json\/wp\/v2\/media?parent=37759"}],"wp:term":[{"taxonomy":"category","embeddable":true,"href":"https:\/\/imagazine.it\/home_desk\/wp-json\/wp\/v2\/categories?post=37759"},{"taxonomy":"post_tag","embeddable":true,"href":"https:\/\/imagazine.it\/home_desk\/wp-json\/wp\/v2\/tags?post=37759"}],"curies":[{"name":"wp","href":"https:\/\/api.w.org\/{rel}","templated":true}]}}