{"id":37753,"date":"2021-02-02T00:00:00","date_gmt":"2021-02-01T23:00:00","guid":{"rendered":"https:\/\/imagazine.it\/?p=37753"},"modified":"2021-02-02T00:00:00","modified_gmt":"2021-02-01T23:00:00","slug":"edilizia-scolastica-oltre-70-milioni-per-larea-triestina","status":"publish","type":"post","link":"https:\/\/imagazine.it\/home_desk\/edilizia-scolastica-oltre-70-milioni-per-larea-triestina\/","title":{"rendered":"Edilizia scolastica, oltre 70 milioni per l&#8217;area triestina"},"content":{"rendered":"<p>Sfiorano i 70 milioni di euro le risorse per gli edifici scolastici pubblici di ogni ordine e grado nel territorio dell&#39;ex provincia di Trieste: 36 milioni per gli istituti superiori e oltre 32 milioni per tutte le altre scuole.<\/p>\n<p>Lo hanno rivelato oggi gli assessori regionali all&#39;Istruzione, <strong>Alessia Rosolen<\/strong>, e alle Infrastrutture, <strong>Graziano Pizzimenti<\/strong>, <em><a href=\"https:\/\/www.youtube.com\/watch?v=o6ecxfmZLH4&#038;feature=youtu.be\" target=\"_blank\" rel=\"noopener\"><span style=\"color:#0000ff;\">nel corso di una conferenza stampa (giarda il video)<\/span><\/a><\/em>.<\/p>\n<p>&#8220;Oggi &#8211; ha spiegato l&#39;assessore Rosolen &#8211; presentiamo il Piano per l&#39;edilizia scolastica per l&#39;ex Provincia di Trieste che \u00e8 suddiviso in due settori diversi e finanziati con modalit\u00e0 differenti. Il primo &#8211; di competenza della Direzione centrale lavoro, formazione e istruzione &#8211; \u00e8 quello contenuto nella Programmazione degli Enti di decentramento regionale (Edr) e che riguarda quindi esclusivamente i 25 plessi che ospitano le scuole secondarie di secondo grado con circa 8.600 studenti; il secondo riguarda invece lo scorrimento di graduatorie per gli interventi puntuali per tutti gli altri istituti di ogni ordine e grado in capo alla Direzione centrale infrastrutture, mobilit\u00e0, pianificazione territoriale, lavori pubblici, universit\u00e0&#8221;.<\/p>\n<p>&#8220;In questo momento stiamo investendo circa 36 milioni di euro per il triennio 2021-2023 su tutte le scuole secondarie di secondo grado sulla base di un Piano complessivo per l&#39;edilizia scolastica che &#8211; ha specificato Rosolen &#8211; \u00e8 frutto di finanziamenti misti: Regione Friuli Venezia Giulia, Ministero Istruzione e residui delle ex Uti, gestiti oggi dai nuovi Enti di decentramento regionale (Edr). Si tratta di 19 milioni di euro gi\u00e0 programmati, ai quali andranno aggiunti 6,6 milioni di euro che rappresentano la seconda tranche di un finanziamento ministeriale in arrivo nei prossimi giorni. Inoltre ci sono\u00a0gli\u00a011\u00a0milioni di euro che l&#39;Amministrazione regionale ha gi\u00e0 messo in campo direttamente per i fabbisogni di quasi tutti gli istituti di Trieste&#8221;.<\/p>\n<p>\u201cA breve pubblicheremo un nuovo bando, valido per tutto il Friuli Venezia Giulia, per ulteriori interventi destinati agli edifici che ospitano asili, scuole elementari e medie. Un bando &#8211; ha rivelato Pizzimenti in conclusione &#8211; che dovrebbe avere a disposizione circa 15 milioni di euro&#8221;.<\/p>\n","protected":false},"excerpt":{"rendered":"<p>La conferma degli assessori Rosolen e Pizzimenti<\/p>\n","protected":false},"author":28,"featured_media":37754,"comment_status":"closed","ping_status":"closed","sticky":false,"template":"","format":"standard","meta":{"dwc-title":[],"dwc-content":[],"footnotes":""},"categories":[5],"tags":[],"class_list":["post-37753","post","type-post","status-publish","format-standard","has-post-thumbnail","hentry","category-attualita"],"rttpg_featured_image_url":{"full":["https:\/\/imagazine.it\/wp-content\/uploads\/2024\/01\/38104-1.webp",1000,595,false],"landscape":["https:\/\/imagazine.it\/wp-content\/uploads\/2024\/01\/38104-1.webp",1000,595,false],"portraits":["https:\/\/imagazine.it\/wp-content\/uploads\/2024\/01\/38104-1.webp",1000,595,false],"thumbnail":["https:\/\/imagazine.it\/wp-content\/uploads\/2024\/01\/38104-1-150x150.webp",150,150,true],"medium":["https:\/\/imagazine.it\/wp-content\/uploads\/2024\/01\/38104-1-300x179.webp",300,179,true],"large":["https:\/\/imagazine.it\/wp-content\/uploads\/2024\/01\/38104-1.webp",640,381,false],"thumblist":["https:\/\/imagazine.it\/wp-content\/uploads\/2024\/01\/38104-1.webp",300,179,false],"thumbrelated":["https:\/\/imagazine.it\/wp-content\/uploads\/2024\/01\/38104-1.webp",500,298,false],"meccarouselthumb":["https:\/\/imagazine.it\/wp-content\/uploads\/2024\/01\/38104-1.webp",474,282,false],"gridsquare":["https:\/\/imagazine.it\/wp-content\/uploads\/2024\/01\/38104-1.webp",391,233,false],"tileview":["https:\/\/imagazine.it\/wp-content\/uploads\/2024\/01\/38104-1.webp",300,179,false],"1536x1536":["https:\/\/imagazine.it\/wp-content\/uploads\/2024\/01\/38104-1.webp",1000,595,false],"2048x2048":["https:\/\/imagazine.it\/wp-content\/uploads\/2024\/01\/38104-1.webp",1000,595,false],"newsup-slider-full":["https:\/\/imagazine.it\/wp-content\/uploads\/2024\/01\/38104-1.webp",1000,595,false],"newsup-featured":["https:\/\/imagazine.it\/wp-content\/uploads\/2024\/01\/38104-1.webp",1000,595,false],"newsup-medium":["https:\/\/imagazine.it\/wp-content\/uploads\/2024\/01\/38104-1-720x380.webp",720,380,true],"tptn_thumbnail":["https:\/\/imagazine.it\/wp-content\/uploads\/2024\/01\/38104-1.webp",250,149,false],"sow-carousel-default":["https:\/\/imagazine.it\/wp-content\/uploads\/2024\/01\/38104-1-272x182.webp",272,182,true]},"rttpg_author":{"display_name":"redazione","author_link":"https:\/\/imagazine.it\/home_desk\/author\/redazione\/"},"rttpg_comment":0,"rttpg_category":"<a href=\"https:\/\/imagazine.it\/home_desk\/category\/attualita\/\" rel=\"category tag\">ATTUALIT\u00c0<\/a>","rttpg_excerpt":"La conferma degli assessori Rosolen e Pizzimenti","_links":{"self":[{"href":"https:\/\/imagazine.it\/home_desk\/wp-json\/wp\/v2\/posts\/37753","targetHints":{"allow":["GET"]}}],"collection":[{"href":"https:\/\/imagazine.it\/home_desk\/wp-json\/wp\/v2\/posts"}],"about":[{"href":"https:\/\/imagazine.it\/home_desk\/wp-json\/wp\/v2\/types\/post"}],"author":[{"embeddable":true,"href":"https:\/\/imagazine.it\/home_desk\/wp-json\/wp\/v2\/users\/28"}],"replies":[{"embeddable":true,"href":"https:\/\/imagazine.it\/home_desk\/wp-json\/wp\/v2\/comments?post=37753"}],"version-history":[{"count":0,"href":"https:\/\/imagazine.it\/home_desk\/wp-json\/wp\/v2\/posts\/37753\/revisions"}],"wp:featuredmedia":[{"embeddable":true,"href":"https:\/\/imagazine.it\/home_desk\/wp-json\/wp\/v2\/media\/37754"}],"wp:attachment":[{"href":"https:\/\/imagazine.it\/home_desk\/wp-json\/wp\/v2\/media?parent=37753"}],"wp:term":[{"taxonomy":"category","embeddable":true,"href":"https:\/\/imagazine.it\/home_desk\/wp-json\/wp\/v2\/categories?post=37753"},{"taxonomy":"post_tag","embeddable":true,"href":"https:\/\/imagazine.it\/home_desk\/wp-json\/wp\/v2\/tags?post=37753"}],"curies":[{"name":"wp","href":"https:\/\/api.w.org\/{rel}","templated":true}]}}