{"id":37729,"date":"2021-02-01T00:00:00","date_gmt":"2021-01-31T23:00:00","guid":{"rendered":"https:\/\/imagazine.it\/?p=37729"},"modified":"2021-02-01T00:00:00","modified_gmt":"2021-01-31T23:00:00","slug":"economia-in-fvg-altri-21-milioni-per-ristori-urgenti","status":"publish","type":"post","link":"https:\/\/imagazine.it\/home_desk\/economia-in-fvg-altri-21-milioni-per-ristori-urgenti\/","title":{"rendered":"Economia, in FVG altri 21 milioni per ristori urgenti"},"content":{"rendered":"<p>Il ddl 121 &#8220;<em>Ulteriori misure urgenti per il sostegno dei settori produttivi<\/em>&#8221; presentato dalla Giunta regionale \u00e8 stato approvato oggi all&#39;unanimit\u00e0 dal Consiglio regionale.<\/p>\n<p>La norma mette a disposizione contributi a fondo perduto per un importo complessivo di <strong>oltre 21 milioni di euro<\/strong>, copertura finanziaria determinata con la legge di Stabilit\u00e0 per il 2021. I destinatari dei contributi saranno individuati con un atto di Giunta successivo alla presente legge, in ogni caso a favore dei settori economici interessati dalle misure restrittive introdotte per contenere la diffusione dell&#39;epidemia.<\/p>\n<p>&#8220;Con questa ulteriore manovra arriveremo a 70 milioni complessivi di risorse a fondo perduto erogate dall&#39;inizio della pandemia, certi che non risolvano i mali delle nostre imprese, ma costituiscano un piccolo importante aiuto che \u00e8 stato apprezzato&#8221; ha dichiarato l&#39;assessore regionale alle Attivit\u00e0 produttive e turismo, <strong>Sergio Emidio Bini<\/strong>, intervenendo in Aula.<\/p>\n<p>Al testo di legge licenziato in commissione si \u00e8 aggiunto un articolo (il 2bis), inserito con un emendamento della Giunta, che concede 150 mila euro per l&#39;anno in corso ai tre consorzi turistici della montagna a titolo di ristoro della riduzione di fatturato registrata tra febbraio 2020 e gennaio di quest&#39;anno (per un importo massimo di 50 mila euro ciascuno). Allo stesso modo vengono concessi 100 mila euro alle reti di impresa turistiche (per contributi fino a 20 mila euro a ciascuna).<\/p>\n<p>\u00c8 stata inoltre introdotta la possibilit\u00e0, qualora vi fossero diponibilit\u00e0 economiche residue, di scorrere la graduatoria riguardante la domanda di contributo ai fini dell&#39;ottenimento della Carta di qualificazione del conducente (art. 3bis, inserito con emendamento di maggioranza).<\/p>\n<p>Con il ddl 121, si apre di fatto la terza tranche di ristori a fondo perduto per le attivit\u00e0 economiche colpite dalla pandemia, nel solco della LR 3\/2020.<\/p>\n<p>&#8220;Di questi provvedimenti sono stati apprezzati soprattutto i tempi di erogazione e la semplificazione delle domande basata sull&#39;autocertificazione&#8221; ha sottolineato Bini, aggiungendo che &#8220;abbiamo dimostrato che si possono semplificare i procedimenti spingendo sull&#39;informatizzazione, ma abbiamo anche constatato che la digitalizzazione esterna \u00e8 scarsa e queste procedure hanno contribuito all&#39;attivazione dell&#39;identit\u00e0 digitale. Un ulteriore elemento di efficienza \u00e8 stata la task force messa a punto dai funzionari regionali per dare risposte a centinaia di telefonate da parte dei cittadini. In ogni caso, siamo la prima regione in Italia per risorse messe a disposizione dei ristori, in rapporto al numero di abitanti&#8221; ha concluso Bini.<\/p>\n<p><a href=\"http:\/\/imagazinevideotruck.it\/outlet\/relink_euro.html\" target=\"_top\" rel=\"noopener\"><img loading=\"lazy\" decoding=\"async\" align=\"LEFT\" height=\"250\" src=\"http:\/\/imagazinevideotruck.it\/outlet\/euromobili_banner_art.jpg\" width=\"300\" alt=\"\" title=\"\"><\/a><\/p>\n<p>\u00a0<\/p>\n<p>\u00a0<\/p>\n<p>\u00a0<\/p>\n<p>\u00a0<\/p>\n<p>\u00a0<\/p>\n<p>\u00a0<\/p>\n<p>\u00a0<\/p>\n<p>\u00a0<\/p>\n<p>\u00a0<\/p>\n<p>Nel periodo compreso fra la fine di aprile 2020 e la fine di gennaio 2021 sono state istruite 44.701 domande di ristoro e di queste sono state valutate ammissibili 41.845. Con il supporto del Cata e del Catt Fvg sono stati liquidati complessivamente quasi 48,5 milioni di euro per una media di 1.157 euro circa a domanda.<\/p>\n<p>I contributi erogati a fondo perduto hanno riguardato il sostegno del canone di locazione finalizzati alla maggiorazione dell&#39;intervento di cui all&#39;articolo 65 del decreto legge 18\/2020, riservati a esercenti arti e professioni, imprese artigiane, imprese dei settori ricettivo, turistico e commerciale. Altri contributi sono andati a ristoro dei danni causati dall&#39;emergenza Covid-19 a sostegno delle strutture ricettive turistiche, commerciali, artigianali nonch\u00e9 dei servizi alla persona con estensione della prima linea contributiva verso nuovi e ulteriori codici Ateco. I tempi medi di adozione dei provvedimenti di concessione e contestuale erogazione dei contributi si sono attestati fra i 30 e i 50 giorni dal termine finale di chiusura delle procedure di presentazione di tutte le domande di contributo.<\/p>\n","protected":false},"excerpt":{"rendered":"<p>Approvazione all&#8217;unanimit\u00e0 del Consiglio regionale<\/p>\n","protected":false},"author":28,"featured_media":37730,"comment_status":"closed","ping_status":"closed","sticky":false,"template":"","format":"standard","meta":{"dwc-title":[],"dwc-content":[],"footnotes":""},"categories":[5],"tags":[],"class_list":["post-37729","post","type-post","status-publish","format-standard","has-post-thumbnail","hentry","category-attualita"],"rttpg_featured_image_url":{"full":["https:\/\/imagazine.it\/wp-content\/uploads\/2024\/01\/38075-1.webp",1000,669,false],"landscape":["https:\/\/imagazine.it\/wp-content\/uploads\/2024\/01\/38075-1.webp",1000,669,false],"portraits":["https:\/\/imagazine.it\/wp-content\/uploads\/2024\/01\/38075-1.webp",1000,669,false],"thumbnail":["https:\/\/imagazine.it\/wp-content\/uploads\/2024\/01\/38075-1-150x150.webp",150,150,true],"medium":["https:\/\/imagazine.it\/wp-content\/uploads\/2024\/01\/38075-1-300x201.webp",300,201,true],"large":["https:\/\/imagazine.it\/wp-content\/uploads\/2024\/01\/38075-1.webp",640,428,false],"thumblist":["https:\/\/imagazine.it\/wp-content\/uploads\/2024\/01\/38075-1.webp",300,201,false],"thumbrelated":["https:\/\/imagazine.it\/wp-content\/uploads\/2024\/01\/38075-1.webp",500,335,false],"meccarouselthumb":["https:\/\/imagazine.it\/wp-content\/uploads\/2024\/01\/38075-1.webp",474,317,false],"gridsquare":["https:\/\/imagazine.it\/wp-content\/uploads\/2024\/01\/38075-1.webp",389,260,false],"tileview":["https:\/\/imagazine.it\/wp-content\/uploads\/2024\/01\/38075-1.webp",300,201,false],"1536x1536":["https:\/\/imagazine.it\/wp-content\/uploads\/2024\/01\/38075-1.webp",1000,669,false],"2048x2048":["https:\/\/imagazine.it\/wp-content\/uploads\/2024\/01\/38075-1.webp",1000,669,false],"newsup-slider-full":["https:\/\/imagazine.it\/wp-content\/uploads\/2024\/01\/38075-1.webp",1000,669,false],"newsup-featured":["https:\/\/imagazine.it\/wp-content\/uploads\/2024\/01\/38075-1.webp",1000,669,false],"newsup-medium":["https:\/\/imagazine.it\/wp-content\/uploads\/2024\/01\/38075-1-720x380.webp",720,380,true],"tptn_thumbnail":["https:\/\/imagazine.it\/wp-content\/uploads\/2024\/01\/38075-1.webp",250,167,false],"sow-carousel-default":["https:\/\/imagazine.it\/wp-content\/uploads\/2024\/01\/38075-1-272x182.webp",272,182,true]},"rttpg_author":{"display_name":"redazione","author_link":"https:\/\/imagazine.it\/home_desk\/author\/redazione\/"},"rttpg_comment":0,"rttpg_category":"<a href=\"https:\/\/imagazine.it\/home_desk\/category\/attualita\/\" rel=\"category tag\">ATTUALIT\u00c0<\/a>","rttpg_excerpt":"Approvazione all'unanimit\u00e0 del Consiglio regionale","_links":{"self":[{"href":"https:\/\/imagazine.it\/home_desk\/wp-json\/wp\/v2\/posts\/37729","targetHints":{"allow":["GET"]}}],"collection":[{"href":"https:\/\/imagazine.it\/home_desk\/wp-json\/wp\/v2\/posts"}],"about":[{"href":"https:\/\/imagazine.it\/home_desk\/wp-json\/wp\/v2\/types\/post"}],"author":[{"embeddable":true,"href":"https:\/\/imagazine.it\/home_desk\/wp-json\/wp\/v2\/users\/28"}],"replies":[{"embeddable":true,"href":"https:\/\/imagazine.it\/home_desk\/wp-json\/wp\/v2\/comments?post=37729"}],"version-history":[{"count":0,"href":"https:\/\/imagazine.it\/home_desk\/wp-json\/wp\/v2\/posts\/37729\/revisions"}],"wp:featuredmedia":[{"embeddable":true,"href":"https:\/\/imagazine.it\/home_desk\/wp-json\/wp\/v2\/media\/37730"}],"wp:attachment":[{"href":"https:\/\/imagazine.it\/home_desk\/wp-json\/wp\/v2\/media?parent=37729"}],"wp:term":[{"taxonomy":"category","embeddable":true,"href":"https:\/\/imagazine.it\/home_desk\/wp-json\/wp\/v2\/categories?post=37729"},{"taxonomy":"post_tag","embeddable":true,"href":"https:\/\/imagazine.it\/home_desk\/wp-json\/wp\/v2\/tags?post=37729"}],"curies":[{"name":"wp","href":"https:\/\/api.w.org\/{rel}","templated":true}]}}