{"id":37725,"date":"2021-02-01T00:00:00","date_gmt":"2021-01-31T23:00:00","guid":{"rendered":"https:\/\/imagazine.it\/?p=37725"},"modified":"2021-02-01T00:00:00","modified_gmt":"2021-01-31T23:00:00","slug":"cohousing-sociale-consegnati-a-casarsa-quattro-appartamenti","status":"publish","type":"post","link":"https:\/\/imagazine.it\/home_desk\/cohousing-sociale-consegnati-a-casarsa-quattro-appartamenti\/","title":{"rendered":"Cohousing sociale, consegnati a Casarsa quattro appartamenti"},"content":{"rendered":"<p>Tutti assegnati a <strong>San Giovanni di Casarsa<\/strong> i quattro appartamenti del progetto di <strong><em>cohousing sociale<\/em><\/strong> dell&#39;associazione Laluna: si tratta di un nuovo\u00a0modo di abitare collaborativo e sostenibile con costi agevolati, in cui si condividono spazi comuni e dove il reciproco sostegno diventa pratica quotidiana. A scegliere il <em>cohousing<\/em> una famiglia con figli, una giovane coppia, una madre con bambino e utenti del progetto dell&#39;associazione sull&#39;autonomia abitativa.<\/p>\n<p>Il secondo bando\u00a0aperto a novembre\u00a0(relativo a 3 appartamenti, mentre uno era gi\u00e0 stato assegnato con il primo bando),\u00a0per gli spazi disponibili attorno alla comunit\u00e0 Cjasaluna all\u2019interno del progetto \u201cLalunanuova\u201d,\u00a0ha visto in questi giorni, dopo la valutazione delle candidature da parte di una commissione, la sua conclusione con la consegna delle chiavi degli appartamenti, realizzati di recente e progettati\u00a0per essere accessibili e funzionali all&#39;autonomia abitativa delle persone con disabilit\u00e0.<\/p>\n<p>\u201cSiamo felici di poter assegnare anche questi tre appartamenti &#8211; commenta il presidente de Laluna, <strong>Francesco Osquino<\/strong> &#8211; a persone che condividono i principi del <em>cohousing<\/em> stesso ovvero: solidariet\u00e0, vicinato attivo e sostegno reciproco. Gli appartamenti verranno abitati da due nuclei familiari: si tratta di una famiglia composta da una coppia con due figli e di una giovane coppia del territorio. Un altro appartamento invece verr\u00e0 occupato da due ragazzi che hanno partecipato ai progetti di propedeutica dell&#39;abitare e hanno scelto di vivere insieme in autonomia. Il quarto appartamento era invece gi\u00e0 stato assegnato ad una mamma con bambino, con il primo bando che avevamo aperto\u201d.<\/p>\n<p>Il bando, aperto a tutti i cittadini (famiglie o singoli), prevedeva l\u2019accettazione di valori come solidariet\u00e0, accoglienza, reciproco sostegno e rispetto dell\u2019ambiente. \u201cIl <em>cohousing<\/em> de Laluna \u00e8 stato pensato come un modello di abitare rivolto a persone con fragilit\u00e0 e non &#8211; ha specificato Osquino -. Perch\u00e8 vivere in <em>cohousing<\/em> \u00e8 accomunarsi al di l\u00e0 della diversit\u00e0. Quando abbiamo progettato questo nuovo contesto di <em>cohousing<\/em> attorno alla comunit\u00e0 Cjasaluna, l\u2019abbiamo proprio pensato per le famiglie che vogliono fare una scelta abitativa innovativa, in un contesto di socialit\u00e0, tra orti e vita all\u2019aria aperta in un contesto inclusivo\u201d.<\/p>\n<p>A selezionare le candidature \u00e8 stata una commissione formata\u00a0da Francesco Osquino\u00a0in rappresentanza\u00a0del Consiglio di amministrazione de Laluna,\u00a0da <strong>Erika Biasutti<\/strong> direttrice de Laluna,\u00a0dal\u00a0progettista educativo de Laluna, <strong>Daniele Ferraresso<\/strong>, da\u00a0<strong>Claudia Tomba<\/strong> assessore alle politiche sociali di Casarsa (rappresentante delegato dal sindaco Lavinia Clarotto) e da <strong>Pamela Franceschetto<\/strong>, delegata per l\u2019AsFo e responsabile per il Coordinamento dell\u2019area Abitare. Il progetto complessivo de Lalunanuova\u00a02.0, inaugurato nel settembre 2019, \u00e8 stato realizzato con un investimento dell&#39;Associazione Laluna e in parte con un sostegno economico da parte della Regione. Sono poi intervenuti negli anni i contributi della Fondazione Friuli a sostegno delle progettazioni avviate.<\/p>\n<p>Laluna \u00e8 attiva come Associazione di Volontariato dal 1994 a San Giovanni di Casarsa della Delizia, in provincia di Pordenone. Fondata da un gruppo di giovani volontari, con l&#39;obiettivo iniziale di proporre una serie di attivit\u00e0 per le persone con disabilit\u00e0, negli anni l&#39;associazione si \u00e8 trasformata fino a diventare un riferimento sul territorio per i progetti di vita a forte spinta evolutiva con un&#39;attenzione particolare al tema della vita indipendente.\u00a0<\/p>\n<p><a href=\"http:\/\/imagazinevideotruck.it\/outlet\/relink_euro.html\" target=\"_top\" rel=\"noopener\"><img loading=\"lazy\" decoding=\"async\" align=\"LEFT\" height=\"250\" src=\"http:\/\/imagazinevideotruck.it\/outlet\/euromobili_banner_art.jpg\" width=\"300\" alt=\"\" title=\"\"><\/a><\/p>\n<p>\u00a0<\/p>\n<p>\u00a0<\/p>\n<p>\u00a0<\/p>\n<p>\u00a0<\/p>\n<p>\u00a0<\/p>\n<p>\u00a0<\/p>\n<p>\u00a0<\/p>\n<p>\u00a0<\/p>\n<p>\u00a0<\/p>\n<p>A oggi Laluna gestisce: la Comunit\u00e0 Alloggio \u201cCjasaluna Paola Fabris\u201d a San Giovanni che ospita 8 persone con disabilit\u00e0, l\u2019appartamento per l&#39;autonomia abitativa di Cjasaluna, il progetto di <em>cohousing<\/em> &#8220;Lalunanuova&#8221; sempre a San Giovanni, il progetto &#8220;Gravitiamo a casa nostra&#8221; che si propone di sviluppare un&#39;autonomia possibile per persone per persone con disabilit\u00e0 gravi, il progetto di &#8220;abitare sociale&#8221; in casa Facca a Fiume Veneto e il progetto di &#8220;Propedeutica all\u2019abitare&#8221; a Sacile, ideato per allenare alla vita indipendente ragazzi con una disabilit\u00e0 intellettiva. Oltre a questi, Laluna si occupa anche di\u00a0progetti di autonomia individualizzati e di gruppo, nonch\u00e9 di\u00a0percorsi formativi.\u00a0Parte di queste progettazioni \u00e8 gestita tramite ATS\u00a0(Associazione Temporanea di Scopo) costituita in collaborazione con la Fondazione Down Friuli Venezia Giulia.<\/p>\n","protected":false},"excerpt":{"rendered":"<p>A San Giovanni il progetto di Laluna<\/p>\n","protected":false},"author":28,"featured_media":37726,"comment_status":"closed","ping_status":"closed","sticky":false,"template":"","format":"standard","meta":{"dwc-title":[],"dwc-content":[],"footnotes":""},"categories":[5],"tags":[],"class_list":["post-37725","post","type-post","status-publish","format-standard","has-post-thumbnail","hentry","category-attualita"],"rttpg_featured_image_url":{"full":["https:\/\/imagazine.it\/wp-content\/uploads\/2024\/01\/38071-1.webp",1000,750,false],"landscape":["https:\/\/imagazine.it\/wp-content\/uploads\/2024\/01\/38071-1.webp",1000,750,false],"portraits":["https:\/\/imagazine.it\/wp-content\/uploads\/2024\/01\/38071-1.webp",1000,750,false],"thumbnail":["https:\/\/imagazine.it\/wp-content\/uploads\/2024\/01\/38071-1-150x150.webp",150,150,true],"medium":["https:\/\/imagazine.it\/wp-content\/uploads\/2024\/01\/38071-1-300x225.webp",300,225,true],"large":["https:\/\/imagazine.it\/wp-content\/uploads\/2024\/01\/38071-1.webp",640,480,false],"thumblist":["https:\/\/imagazine.it\/wp-content\/uploads\/2024\/01\/38071-1.webp",300,225,false],"thumbrelated":["https:\/\/imagazine.it\/wp-content\/uploads\/2024\/01\/38071-1.webp",500,375,false],"meccarouselthumb":["https:\/\/imagazine.it\/wp-content\/uploads\/2024\/01\/38071-1.webp",432,324,false],"gridsquare":["https:\/\/imagazine.it\/wp-content\/uploads\/2024\/01\/38071-1.webp",347,260,false],"tileview":["https:\/\/imagazine.it\/wp-content\/uploads\/2024\/01\/38071-1.webp",300,225,false],"1536x1536":["https:\/\/imagazine.it\/wp-content\/uploads\/2024\/01\/38071-1.webp",1000,750,false],"2048x2048":["https:\/\/imagazine.it\/wp-content\/uploads\/2024\/01\/38071-1.webp",1000,750,false],"newsup-slider-full":["https:\/\/imagazine.it\/wp-content\/uploads\/2024\/01\/38071-1-1000x720.webp",1000,720,true],"newsup-featured":["https:\/\/imagazine.it\/wp-content\/uploads\/2024\/01\/38071-1.webp",1000,750,false],"newsup-medium":["https:\/\/imagazine.it\/wp-content\/uploads\/2024\/01\/38071-1-720x380.webp",720,380,true],"tptn_thumbnail":["https:\/\/imagazine.it\/wp-content\/uploads\/2024\/01\/38071-1.webp",250,188,false],"sow-carousel-default":["https:\/\/imagazine.it\/wp-content\/uploads\/2024\/01\/38071-1-272x182.webp",272,182,true]},"rttpg_author":{"display_name":"redazione","author_link":"https:\/\/imagazine.it\/home_desk\/author\/redazione\/"},"rttpg_comment":0,"rttpg_category":"<a href=\"https:\/\/imagazine.it\/home_desk\/category\/attualita\/\" rel=\"category tag\">ATTUALIT\u00c0<\/a>","rttpg_excerpt":"A San Giovanni il progetto di Laluna","_links":{"self":[{"href":"https:\/\/imagazine.it\/home_desk\/wp-json\/wp\/v2\/posts\/37725","targetHints":{"allow":["GET"]}}],"collection":[{"href":"https:\/\/imagazine.it\/home_desk\/wp-json\/wp\/v2\/posts"}],"about":[{"href":"https:\/\/imagazine.it\/home_desk\/wp-json\/wp\/v2\/types\/post"}],"author":[{"embeddable":true,"href":"https:\/\/imagazine.it\/home_desk\/wp-json\/wp\/v2\/users\/28"}],"replies":[{"embeddable":true,"href":"https:\/\/imagazine.it\/home_desk\/wp-json\/wp\/v2\/comments?post=37725"}],"version-history":[{"count":0,"href":"https:\/\/imagazine.it\/home_desk\/wp-json\/wp\/v2\/posts\/37725\/revisions"}],"wp:featuredmedia":[{"embeddable":true,"href":"https:\/\/imagazine.it\/home_desk\/wp-json\/wp\/v2\/media\/37726"}],"wp:attachment":[{"href":"https:\/\/imagazine.it\/home_desk\/wp-json\/wp\/v2\/media?parent=37725"}],"wp:term":[{"taxonomy":"category","embeddable":true,"href":"https:\/\/imagazine.it\/home_desk\/wp-json\/wp\/v2\/categories?post=37725"},{"taxonomy":"post_tag","embeddable":true,"href":"https:\/\/imagazine.it\/home_desk\/wp-json\/wp\/v2\/tags?post=37725"}],"curies":[{"name":"wp","href":"https:\/\/api.w.org\/{rel}","templated":true}]}}