{"id":37713,"date":"2021-01-31T00:00:00","date_gmt":"2021-01-30T23:00:00","guid":{"rendered":"https:\/\/imagazine.it\/?p=37713"},"modified":"2021-01-31T00:00:00","modified_gmt":"2021-01-30T23:00:00","slug":"nuova-ordinanza-in-fvg-dalle-11-consumazioni-solo-da-seduti-nei-locali","status":"publish","type":"post","link":"https:\/\/imagazine.it\/home_desk\/nuova-ordinanza-in-fvg-dalle-11-consumazioni-solo-da-seduti-nei-locali\/","title":{"rendered":"Nuova ordinanza in FVG: dalle 11 consumazioni solo da seduti nei locali"},"content":{"rendered":"<p><strong>Divieto di consumare alimenti e bevande per asporto nelle vicinanze dell&#39;esercizio di vendita<\/strong> e, comunque, nei luoghi dove siano possibili assembramenti; <strong>divieto di consumazione al banco nei locali dopo le ore 11<\/strong>; forti raccomandazioni per contenere al massimo i contagi in Friuli Venezia Giulia.<\/p>\n<p> E&#39; quanto dispone l&#39;<em><a href=\"http:\/\/www.regione.fvg.it\/rafvg\/export\/sites\/default\/RAFVG\/hp-new\/in-evidenza\/allegati\/Ordinanza_3_PC_FVG_dd_31_01_2021.pdf\" target=\"_blank\" rel=\"noopener\"><span style=\"color:#0000ff;\">ordinanza contingibile e urgente numero 3\/2021 (leggi il testo completo)<\/span><\/a><\/em> firmata oggi dal governatore <strong>Massimiliano Fedriga<\/strong>.<\/p>\n<p> L&#39;ordinanza, che sar\u00e0 in vigore da luned\u00ec 1 febbraio al prossimo 5 marzo, ripropone una serie di limitazioni gi\u00e0 previste nell&#39;ordinanza dello scorso 5 dicembre, nonostante il rientro del Friuli Venezia Giulia in zona gialla a partire da domani.<\/p>\n<p> Nelle sue premesse il provvedimento ravvisa, infatti, che i dati epidemiologici indicano &#8220;una situazione ancora seria che richiede di ridurre al minimo le possibilit\u00e0 di assembramento&#8221;.<\/p>\n<p> Come nell&#39;ordinanza 45 del 5 dicembre 2020, \u00e8 consentita <strong>dalle ore 11\u00a0fino a chiusura l&#39;attivit\u00e0 di somministrazione di alimenti e bevande esclusivamente con consumazione da seduti<\/strong> sia all&#39;interno che all&#39;esterno dei locali, su posti regolarmente collocati e in ogni caso nel rispetto delle Linee Guida approvate dalla Conferenza delle Regioni relativamente alla distanza minima interpersonale di un metro.<\/p>\n<p>Analogamente, i servizi di ristorazione devono esporre all&#39;ingresso un cartello indicando il <strong>numero massimo di persone ammesse nel locale<\/strong>.<\/p>\n<p>L&#39;ordinanza siglata oggi dal governatore del Friuli Venezia Giulia ribadisce alcune forti raccomandazioni: a vendere alimenti e bevande con consegna a domicilio; a non usare mezzi di trasporto pubblico salvo che per necessit\u00e0 non espletabili con altri mezzi; a svolgere attivit\u00e0 sportiva, attivit\u00e0 motoria e passeggiate all&#39;aperto in aree solitamente non affollate e comunque rimanendo l&#39;obbligo del rispetto della distanza di sicurezza interpersonale di almeno due metri per l&#39;attivit\u00e0 sportiva e di almeno un metro per ogni altra attivit\u00e0.<\/p>\n<p> Sono <strong>confermati tutti gli obblighi gi\u00e0 previsti relativi all&#39;uso della mascherina a copertura di naso e bocca.<\/strong> A tale proposito, va ricordato che, nel caso di momentaneo abbassamento della mascherina per la regolare consumazione di cibo o bevande o tabacchi, dovr\u00e0 in ogni caso essere assicurata una distanza minima di un metro e che \u00e8 obbligatorio l&#39;utilizzo della mascherina sui mezzi privati se presenti a bordo persone tra loro non conviventi.<\/p>\n","protected":false},"excerpt":{"rendered":"<p>Leggi il testo completo<\/p>\n","protected":false},"author":28,"featured_media":37714,"comment_status":"closed","ping_status":"closed","sticky":false,"template":"","format":"standard","meta":{"dwc-title":[],"dwc-content":[],"footnotes":""},"categories":[5],"tags":[],"class_list":["post-37713","post","type-post","status-publish","format-standard","has-post-thumbnail","hentry","category-attualita"],"rttpg_featured_image_url":{"full":["https:\/\/imagazine.it\/wp-content\/uploads\/2024\/01\/38051-1.webp",1000,755,false],"landscape":["https:\/\/imagazine.it\/wp-content\/uploads\/2024\/01\/38051-1.webp",1000,755,false],"portraits":["https:\/\/imagazine.it\/wp-content\/uploads\/2024\/01\/38051-1.webp",1000,755,false],"thumbnail":["https:\/\/imagazine.it\/wp-content\/uploads\/2024\/01\/38051-1-150x150.webp",150,150,true],"medium":["https:\/\/imagazine.it\/wp-content\/uploads\/2024\/01\/38051-1-300x227.webp",300,227,true],"large":["https:\/\/imagazine.it\/wp-content\/uploads\/2024\/01\/38051-1.webp",640,483,false],"thumblist":["https:\/\/imagazine.it\/wp-content\/uploads\/2024\/01\/38051-1.webp",300,227,false],"thumbrelated":["https:\/\/imagazine.it\/wp-content\/uploads\/2024\/01\/38051-1.webp",500,378,false],"meccarouselthumb":["https:\/\/imagazine.it\/wp-content\/uploads\/2024\/01\/38051-1.webp",429,324,false],"gridsquare":["https:\/\/imagazine.it\/wp-content\/uploads\/2024\/01\/38051-1.webp",344,260,false],"tileview":["https:\/\/imagazine.it\/wp-content\/uploads\/2024\/01\/38051-1.webp",300,227,false],"1536x1536":["https:\/\/imagazine.it\/wp-content\/uploads\/2024\/01\/38051-1.webp",1000,755,false],"2048x2048":["https:\/\/imagazine.it\/wp-content\/uploads\/2024\/01\/38051-1.webp",1000,755,false],"newsup-slider-full":["https:\/\/imagazine.it\/wp-content\/uploads\/2024\/01\/38051-1-1000x720.webp",1000,720,true],"newsup-featured":["https:\/\/imagazine.it\/wp-content\/uploads\/2024\/01\/38051-1.webp",1000,755,false],"newsup-medium":["https:\/\/imagazine.it\/wp-content\/uploads\/2024\/01\/38051-1-720x380.webp",720,380,true],"tptn_thumbnail":["https:\/\/imagazine.it\/wp-content\/uploads\/2024\/01\/38051-1.webp",250,189,false],"sow-carousel-default":["https:\/\/imagazine.it\/wp-content\/uploads\/2024\/01\/38051-1-272x182.webp",272,182,true]},"rttpg_author":{"display_name":"redazione","author_link":"https:\/\/imagazine.it\/home_desk\/author\/redazione\/"},"rttpg_comment":0,"rttpg_category":"<a href=\"https:\/\/imagazine.it\/home_desk\/category\/attualita\/\" rel=\"category tag\">ATTUALIT\u00c0<\/a>","rttpg_excerpt":"Leggi il testo completo","_links":{"self":[{"href":"https:\/\/imagazine.it\/home_desk\/wp-json\/wp\/v2\/posts\/37713","targetHints":{"allow":["GET"]}}],"collection":[{"href":"https:\/\/imagazine.it\/home_desk\/wp-json\/wp\/v2\/posts"}],"about":[{"href":"https:\/\/imagazine.it\/home_desk\/wp-json\/wp\/v2\/types\/post"}],"author":[{"embeddable":true,"href":"https:\/\/imagazine.it\/home_desk\/wp-json\/wp\/v2\/users\/28"}],"replies":[{"embeddable":true,"href":"https:\/\/imagazine.it\/home_desk\/wp-json\/wp\/v2\/comments?post=37713"}],"version-history":[{"count":0,"href":"https:\/\/imagazine.it\/home_desk\/wp-json\/wp\/v2\/posts\/37713\/revisions"}],"wp:featuredmedia":[{"embeddable":true,"href":"https:\/\/imagazine.it\/home_desk\/wp-json\/wp\/v2\/media\/37714"}],"wp:attachment":[{"href":"https:\/\/imagazine.it\/home_desk\/wp-json\/wp\/v2\/media?parent=37713"}],"wp:term":[{"taxonomy":"category","embeddable":true,"href":"https:\/\/imagazine.it\/home_desk\/wp-json\/wp\/v2\/categories?post=37713"},{"taxonomy":"post_tag","embeddable":true,"href":"https:\/\/imagazine.it\/home_desk\/wp-json\/wp\/v2\/tags?post=37713"}],"curies":[{"name":"wp","href":"https:\/\/api.w.org\/{rel}","templated":true}]}}