{"id":37701,"date":"2021-01-29T00:00:00","date_gmt":"2021-01-28T23:00:00","guid":{"rendered":"https:\/\/imagazine.it\/?p=37701"},"modified":"2021-01-29T00:00:00","modified_gmt":"2021-01-28T23:00:00","slug":"il-ccm-si-rinnova-a-breve-il-nuovo-sito","status":"publish","type":"post","link":"https:\/\/imagazine.it\/home_desk\/il-ccm-si-rinnova-a-breve-il-nuovo-sito\/","title":{"rendered":"Il CCM si rinnova, a breve il nuovo sito"},"content":{"rendered":"<p>Il <strong>Consorzio culturale del Monfalcone<\/strong> si prepara al lancio del suo nuovo sito web, che accorper\u00e0 il <strong>sito Ecomuseo<\/strong>, rinnovandolo con modalit\u00e0 aggiornate (l\u2019attuale sito risale al 2004) e con strumenti anche di condivisione delle attivit\u00e0 a uso delle associazioni e degli aderenti all\u2019Ecomuseo.<\/p>\n<p>Anche i sistemi informativi verranno meglio valorizzati nelle pagine dedicate del nuovo sito <em><a href=\"http:\/\/www.ccm.it\/\" target=\"_blank\" rel=\"noopener\"><span style=\"color:#0000ff;\">www.ccm.it<\/span><\/a><\/em>. I sistemi informativi per la catalogazione e la messa a disposizione sul web dei beni culturali emersi dalle ricerche saranno fruibili in una sezione del sito dedicata. L\u2019attivit\u00e0, affidata a Ikon Srl, \u00e8 oggi in una fase avanzata di realizzazione.<\/p>\n<p>Da inizio anno \u00e8 invece gi\u00e0 operativo il nuovo Albo pretorio, dove pu\u00f2 essere trovata anche l\u2019ultima deliberazione dell\u2019assemblea dei Comuni soci relativa all\u2019individuazione della sede del nuovo Centro multifunzioni per la conservazione del patrimonio dell\u2019ente. L\u2019albo pretorio del Consorzio culturale del Monfalconese \u00a0pu\u00f2 essere interrogato al link <em><a href=\"http:\/\/albopretorio.regione.fvg.it\/ap\/CCM\" target=\"_blank\" rel=\"noopener\"><span style=\"color:#0000ff;\">http:\/\/albopretorio.regione.fvg.it\/ap\/CCM<\/span><\/a><\/em>.<\/p>\n<p>Tra le attivit\u00e0 principali per il 2021 si prevedono, oltre al rilascio del nuovo sito: il riordino dei fondi principali della Fototeca per cui \u00e8 stato creato un database ad hoc; l\u2019adeguamento e implementazione del sistema di cartellonistica turistico-culturale del territorio; la realizzazione di un punto informativo in Villa Vicentini &#8211; Centro di interpretazione dell\u2019Ecomuseo; attivit\u00e0 di raccolta e valorizzazione della storia del territorio nel progetto \u201cLa provincia si racconta\u201d; la valorizzazione della storia dell\u2019arte isontina con il progetto \u201cVerificare il limite dell\u2019infinito. Pino Furlan 1920 \u2013 1987\u201d; il progetto divulgativo e didattico sul tema dell\u2019amianto \u201cTe lo racconto io l\u2019amianto!\u201d; la seconda edizione del MemoFestival; la collaborazione con Nova Gorica\/Gorizia Capitale Europea della Cultura 2025;<\/p>\n<p>Per il 2021 sono gi\u00e0 attivi partenariati, non onerosi, con l\u2019associazione Scienza Under 18 isontina per il prossimo Festival della scienza Under 18, con l\u2019associazione Leali delle Notizie per il Festival del giornalismo, con l\u2019associazione Zero Pixel per Progetto festival, con l\u2019associazione IoDeposito per il progetto Come ho visto il Friuli e con Enaip Fvg per il progetto Personaggi interessanti in cerca di Autore.<\/p>\n<p>Istituito nel 1977, il Consorzio Culturale \u00e8 \u201cpartecipato\u201d dai Comuni di Monfalcone, Ronchi dei Legionari, Staranzano, San Canzian d\u2019Isonzo,\u00a0 Fogliano Redipuglia, Turriaco, San Pier d\u2019Isonzo e Sagrado.\u00a0 Dal 2008 ha aderito al Ccm anche il Consorzio di Bonifica pianura isontina.<\/p>\n<p>Il Ccm gestisce l\u2019<strong>Ecomuseo<\/strong> \u201cTerritori. Genti e memorie tra Carso e Isonzo\u201d, che raccoglie al momento la partecipazione di 58 associazioni, e il Sistema <strong>BiblioGO!<\/strong>, e quindi l\u2019interprestito per 28 biblioteche dell\u2019Isontino, oltre alla biblioteca centro sistema, specializzata in storia del territorio, fotografia, cinema e biblioteconomia. Il Ccm coordina il progetto regionale <strong>LeggiAMO 0-18<\/strong> e il progetto di <strong>Servizio Civile Universale,<\/strong> che quest\u2019anno coinvolger\u00e0 38 giovani, per 23 enti della provincia di Gorizia. Attivit\u00e0 alle quali si aggiunge anche lo sportello sloveno.<\/p>\n<p>Ccm \u00e8 anche <strong>editore<\/strong> di storia locale, poesia, fotografia e cataloghi delle mostre e, negli ultimi anni, ha dedicato specifica attenzione alle tematiche della valorizzazione territoriale storica e paesaggistica.<\/p>\n<p><a href=\"http:\/\/imagazinevideotruck.it\/outlet\/relink_euro.html\" target=\"_top\" rel=\"noopener\"><img loading=\"lazy\" decoding=\"async\" align=\"LEFT\" height=\"250\" src=\"http:\/\/imagazinevideotruck.it\/outlet\/euromobili_banner_art.jpg\" width=\"300\" alt=\"\" title=\"\"><\/a><\/p>\n<p>\u00a0<\/p>\n<p>\u00a0<\/p>\n<p>\u00a0<\/p>\n<p>\u00a0<\/p>\n<p>\u00a0<\/p>\n<p>\u00a0<\/p>\n<p>\u00a0<\/p>\n<p>\u00a0<\/p>\n<p>\u00a0<\/p>\n<p>Negli oltre quarant\u2019anni di attivit\u00e0 il Ccm ha costruito l\u2019<strong>Archivio della Memoria<\/strong>, composto da documenti, testimonianze, opere poetiche e artistiche, e custodisce il pi\u00f9 corposo archivio fotografico storico presente sul territorio del monfalconese.<\/p>\n<p>Il personale interno \u00e8 formato da 4 dipendenti, compreso il direttore, mentre in particolare i servizi per la biblioteca specializzata, il servizio di interprestito e una serie di servizi nell\u2019ambito delle attivit\u00e0 dell\u2019Ecomuseo sono affidati a cooperative. Le collaborazioni continuative e occasionali hanno impegnato nel 2020 una trentina di persone di cui una ventina legate all\u2019ambito culturale. Per il 2021 \u00e8 prevista l\u2019ospitalit\u00e0 di 4 tirocinanti e 4 giovani del Servizio civile universale.<\/p>\n","protected":false},"excerpt":{"rendered":"<p>Tra le novit\u00e0 del 2021<\/p>\n","protected":false},"author":22,"featured_media":37702,"comment_status":"closed","ping_status":"closed","sticky":false,"template":"","format":"standard","meta":{"dwc-title":[],"dwc-content":[],"footnotes":""},"categories":[5],"tags":[],"class_list":["post-37701","post","type-post","status-publish","format-standard","has-post-thumbnail","hentry","category-attualita"],"rttpg_featured_image_url":{"full":["https:\/\/imagazine.it\/wp-content\/uploads\/2024\/01\/38041-1.webp",1000,750,false],"landscape":["https:\/\/imagazine.it\/wp-content\/uploads\/2024\/01\/38041-1.webp",1000,750,false],"portraits":["https:\/\/imagazine.it\/wp-content\/uploads\/2024\/01\/38041-1.webp",1000,750,false],"thumbnail":["https:\/\/imagazine.it\/wp-content\/uploads\/2024\/01\/38041-1-150x150.webp",150,150,true],"medium":["https:\/\/imagazine.it\/wp-content\/uploads\/2024\/01\/38041-1-300x225.webp",300,225,true],"large":["https:\/\/imagazine.it\/wp-content\/uploads\/2024\/01\/38041-1.webp",640,480,false],"thumblist":["https:\/\/imagazine.it\/wp-content\/uploads\/2024\/01\/38041-1.webp",300,225,false],"thumbrelated":["https:\/\/imagazine.it\/wp-content\/uploads\/2024\/01\/38041-1.webp",500,375,false],"meccarouselthumb":["https:\/\/imagazine.it\/wp-content\/uploads\/2024\/01\/38041-1.webp",432,324,false],"gridsquare":["https:\/\/imagazine.it\/wp-content\/uploads\/2024\/01\/38041-1.webp",347,260,false],"tileview":["https:\/\/imagazine.it\/wp-content\/uploads\/2024\/01\/38041-1.webp",300,225,false],"1536x1536":["https:\/\/imagazine.it\/wp-content\/uploads\/2024\/01\/38041-1.webp",1000,750,false],"2048x2048":["https:\/\/imagazine.it\/wp-content\/uploads\/2024\/01\/38041-1.webp",1000,750,false],"newsup-slider-full":["https:\/\/imagazine.it\/wp-content\/uploads\/2024\/01\/38041-1-1000x720.webp",1000,720,true],"newsup-featured":["https:\/\/imagazine.it\/wp-content\/uploads\/2024\/01\/38041-1.webp",1000,750,false],"newsup-medium":["https:\/\/imagazine.it\/wp-content\/uploads\/2024\/01\/38041-1-720x380.webp",720,380,true],"tptn_thumbnail":["https:\/\/imagazine.it\/wp-content\/uploads\/2024\/01\/38041-1.webp",250,188,false],"sow-carousel-default":["https:\/\/imagazine.it\/wp-content\/uploads\/2024\/01\/38041-1-272x182.webp",272,182,true]},"rttpg_author":{"display_name":"Livio Nonis","author_link":"https:\/\/imagazine.it\/home_desk\/author\/nonis\/"},"rttpg_comment":0,"rttpg_category":"<a href=\"https:\/\/imagazine.it\/home_desk\/category\/attualita\/\" rel=\"category tag\">ATTUALIT\u00c0<\/a>","rttpg_excerpt":"Tra le novit\u00e0 del 2021","_links":{"self":[{"href":"https:\/\/imagazine.it\/home_desk\/wp-json\/wp\/v2\/posts\/37701","targetHints":{"allow":["GET"]}}],"collection":[{"href":"https:\/\/imagazine.it\/home_desk\/wp-json\/wp\/v2\/posts"}],"about":[{"href":"https:\/\/imagazine.it\/home_desk\/wp-json\/wp\/v2\/types\/post"}],"author":[{"embeddable":true,"href":"https:\/\/imagazine.it\/home_desk\/wp-json\/wp\/v2\/users\/22"}],"replies":[{"embeddable":true,"href":"https:\/\/imagazine.it\/home_desk\/wp-json\/wp\/v2\/comments?post=37701"}],"version-history":[{"count":0,"href":"https:\/\/imagazine.it\/home_desk\/wp-json\/wp\/v2\/posts\/37701\/revisions"}],"wp:featuredmedia":[{"embeddable":true,"href":"https:\/\/imagazine.it\/home_desk\/wp-json\/wp\/v2\/media\/37702"}],"wp:attachment":[{"href":"https:\/\/imagazine.it\/home_desk\/wp-json\/wp\/v2\/media?parent=37701"}],"wp:term":[{"taxonomy":"category","embeddable":true,"href":"https:\/\/imagazine.it\/home_desk\/wp-json\/wp\/v2\/categories?post=37701"},{"taxonomy":"post_tag","embeddable":true,"href":"https:\/\/imagazine.it\/home_desk\/wp-json\/wp\/v2\/tags?post=37701"}],"curies":[{"name":"wp","href":"https:\/\/api.w.org\/{rel}","templated":true}]}}