{"id":37697,"date":"2021-01-29T00:00:00","date_gmt":"2021-01-28T23:00:00","guid":{"rendered":"https:\/\/imagazine.it\/?p=37697"},"modified":"2021-01-29T00:00:00","modified_gmt":"2021-01-28T23:00:00","slug":"staranzano-nuovi-investimenti-per-lefficienza-energetica","status":"publish","type":"post","link":"https:\/\/imagazine.it\/home_desk\/staranzano-nuovi-investimenti-per-lefficienza-energetica\/","title":{"rendered":"Staranzano, nuovi investimenti per l&#8217;efficienza energetica"},"content":{"rendered":"<p>\u201cLe azioni dirette per la riduzione dei consumi energetici e dell\u2019emissione di gas serra insieme alla produzione di energia pulita sono due tra gli obiettivi prioritari che l\u2019amministrazione comunale di Staranzano persegue, insieme al controllo per la riduzione e il conferimento differenziato dei rifiuti\u201d: ad affermarlo \u00e8 l\u2019assessore comunale ai Lavori Pubblici e Urbanistica, <strong>Manuela Tomadin<\/strong>.<\/p>\n<p>Risale al 2010 l\u2019installazione di <strong>due impianti fotovoltaici, uno in Piazzale UNICEF e uno presso l\u2019Isola della Cona che producono mediamente tra i 70.000-80.000 KW annui<\/strong>. Per quanto riguarda le azioni pi\u00f9 recenti, in particolare per gli edifici scolastici, nel corso del 2019 e 2020 \u00e8 stato realizzato in lotti l\u2019efficientamento energetico delle schermature esterne della scuola secondaria di primo grado, con la sostituzione di tutti i serramenti con nuovi a taglio termico e vetrature schermanti basso emissive e antisfondamento nel rispetto delle norme di sicurezza, dotate di oscuranti elettrificati.<\/p>\n<p>Il terzo lotto di completamento \u00e8 programmato per l\u2019anno in corso. Nello stesso edificio in questi giorni sono stati avviati i lavori per l\u2019efficientamento <strong>dell\u2019impianto di illuminazione di sicurezza con corpi a LED<\/strong>.<\/p>\n<p>Altrettanti lavori sono in corso a fine gennaio presso il <strong>Palazzetto dello sport \u201cLucio Foschian\u201d di via Montes per l\u2019efficientamento energetico dell\u2019impianto illuminotecnico a LED e la posa del nuovo generatore di calore<\/strong>, mentre presso il <strong>Palaroller \u201cFabio Conti\u201d <\/strong>\u00e8 stata ultimata la sostituzione di tutti i corpi illuminanti con nuovi elementi LED ad alto rendimento.<\/p>\n<p>Nel corso del 2021 \u00e8 programmato l\u2019efficientamento dell\u2019impianto di illuminazione presso il campo sportivo comunale \u201cFogar\u201d, nell\u2019area Atleti Azzurri d\u2019Italia. <em>\u201c<\/em>Anche nei progetti di manutenzione ordinaria e straordinaria degli edifici pubblici, reti viarie e opere di urbanizzazione nei nuovi comparti residenziali \u2013 specifica Tomadin \u2013 massima attenzione si sta ponendo alla sostenibilit\u00e0 ambientale degli interventi, alla riciclabilit\u00e0 e durabilit\u00e0 dei materiali, all\u2019efficienza energetica delle soluzioni individuate e ai costi di manutenzione\u201d<\/p>\n<p>L\u2019adesione a settembre 2019 da parte dell\u2019amministrazione staranzanese al <strong>Patto dei Sindaci \u00e8 un punto fermo dei programmi e delle azioni promosse a favore del clima e dell\u2019energia, per contenere i consumi e ridurre l\u2019emissione di CO2<\/strong>, maggiore responsabile dell\u2019effetto serra e innalzamento delle temperature terrestri.<\/p>\n<p><a href=\"http:\/\/imagazinevideotruck.it\/outlet\/relink_euro.html\" target=\"_top\" rel=\"noopener\"><img loading=\"lazy\" decoding=\"async\" align=\"LEFT\" height=\"250\" src=\"http:\/\/imagazinevideotruck.it\/outlet\/euromobili_banner_art.jpg\" width=\"300\" alt=\"\" title=\"\"><\/a><\/p>\n<p>\u00a0<\/p>\n<p>\u00a0<\/p>\n<p>\u00a0<\/p>\n<p>\u00a0<\/p>\n<p>\u00a0<\/p>\n<p>\u00a0<\/p>\n<p>\u00a0<\/p>\n<p>\u00a0<\/p>\n<p>\u00a0<\/p>\n<p><em>\u201c<\/em>Il Patto dei Sindaci \u2013 spiega l\u2019assessore all\u2019Ambiente, <strong>Andrea Cor\u00e0<\/strong> \u2013 \u00e8 stato lanciato nel 2008 in Europa con l\u2019ambizione di riunire i governi locali impegnati su base volontaria a raggiungere e superare gli obiettivi comunitari su clima ed energia, condividendo una visione per il 2050: accelerare la decarbonizzazione dei loro territori, rafforzando la loro capacit\u00e0 di adattarsi agli inevitabili impatti del cambiamento climatico e consentendo ai loro cittadini di accedere a un&#39;energia sicura, sostenibile e accessibile. I comuni firmatari s&#39;impegnano a sostenere l&#39;attuazione dell&#39;obiettivo comunitario di riduzione del 40% dei gas a effetto serra entro il 2030, e l&#39;adozione di un approccio comune per affrontare la mitigazione e l&#39;adattamento ai cambiamenti climatici. Ad oggi l&#39;iniziativa riunisce oltre 7.000 enti locali e regionali in 57 Paesi del mondo. Al fine di tradurre tale impegno politico in misure e progetti pratici, i firmatari del Patto s&#39;impegnano a presentare, entro due anni dalla data della decisione del consiglio locale un <strong>Piano d&#39;Azione per l&#39;Energia Sostenibile e il Clima (PAESC)<\/strong> che indichi le azioni chiave che intendono intraprendere nel proprio territorio\u201d.<\/p>\n<p>Nel corso del 2020 l\u2019amministrazione di Staranzano ha affidato la <strong>stesura di tale Piano all\u2019APE FVG, l\u2019Agenzia per l\u2019Energia della Regione<\/strong>, che provveder\u00e0 a redigere un Inventario di Base delle Emissioni per monitorare le azioni di mitigazione e la Valutazione di Vulnerabilit\u00e0 e Rischi Climatici nel nostro territorio. Le strategie di adattamento costituiranno parte integrante di tale strumento di pianificazione. Questo impegno politico segna pertanto l&#39;inizio di un processo a lungo termine che vedr\u00e0 il comune di Staranzano impegnato a riferire ogni anno sul progresso operativo di tale piano.\u00a0<\/p>\n","protected":false},"excerpt":{"rendered":"<p>Per ridurre consumi ed emissioni<\/p>\n","protected":false},"author":22,"featured_media":37698,"comment_status":"closed","ping_status":"closed","sticky":false,"template":"","format":"standard","meta":{"dwc-title":[],"dwc-content":[],"footnotes":""},"categories":[5],"tags":[],"class_list":["post-37697","post","type-post","status-publish","format-standard","has-post-thumbnail","hentry","category-attualita"],"rttpg_featured_image_url":{"full":["https:\/\/imagazine.it\/wp-content\/uploads\/2024\/01\/38038-1.webp",1000,563,false],"landscape":["https:\/\/imagazine.it\/wp-content\/uploads\/2024\/01\/38038-1.webp",1000,563,false],"portraits":["https:\/\/imagazine.it\/wp-content\/uploads\/2024\/01\/38038-1.webp",1000,563,false],"thumbnail":["https:\/\/imagazine.it\/wp-content\/uploads\/2024\/01\/38038-1-150x150.webp",150,150,true],"medium":["https:\/\/imagazine.it\/wp-content\/uploads\/2024\/01\/38038-1-300x169.webp",300,169,true],"large":["https:\/\/imagazine.it\/wp-content\/uploads\/2024\/01\/38038-1.webp",640,360,false],"thumblist":["https:\/\/imagazine.it\/wp-content\/uploads\/2024\/01\/38038-1.webp",300,169,false],"thumbrelated":["https:\/\/imagazine.it\/wp-content\/uploads\/2024\/01\/38038-1.webp",500,282,false],"meccarouselthumb":["https:\/\/imagazine.it\/wp-content\/uploads\/2024\/01\/38038-1.webp",474,267,false],"gridsquare":["https:\/\/imagazine.it\/wp-content\/uploads\/2024\/01\/38038-1.webp",391,220,false],"tileview":["https:\/\/imagazine.it\/wp-content\/uploads\/2024\/01\/38038-1.webp",300,169,false],"1536x1536":["https:\/\/imagazine.it\/wp-content\/uploads\/2024\/01\/38038-1.webp",1000,563,false],"2048x2048":["https:\/\/imagazine.it\/wp-content\/uploads\/2024\/01\/38038-1.webp",1000,563,false],"newsup-slider-full":["https:\/\/imagazine.it\/wp-content\/uploads\/2024\/01\/38038-1.webp",1000,563,false],"newsup-featured":["https:\/\/imagazine.it\/wp-content\/uploads\/2024\/01\/38038-1.webp",1000,563,false],"newsup-medium":["https:\/\/imagazine.it\/wp-content\/uploads\/2024\/01\/38038-1-720x380.webp",720,380,true],"tptn_thumbnail":["https:\/\/imagazine.it\/wp-content\/uploads\/2024\/01\/38038-1.webp",250,141,false],"sow-carousel-default":["https:\/\/imagazine.it\/wp-content\/uploads\/2024\/01\/38038-1-272x182.webp",272,182,true]},"rttpg_author":{"display_name":"Livio Nonis","author_link":"https:\/\/imagazine.it\/home_desk\/author\/nonis\/"},"rttpg_comment":0,"rttpg_category":"<a href=\"https:\/\/imagazine.it\/home_desk\/category\/attualita\/\" rel=\"category tag\">ATTUALIT\u00c0<\/a>","rttpg_excerpt":"Per ridurre consumi ed emissioni","_links":{"self":[{"href":"https:\/\/imagazine.it\/home_desk\/wp-json\/wp\/v2\/posts\/37697","targetHints":{"allow":["GET"]}}],"collection":[{"href":"https:\/\/imagazine.it\/home_desk\/wp-json\/wp\/v2\/posts"}],"about":[{"href":"https:\/\/imagazine.it\/home_desk\/wp-json\/wp\/v2\/types\/post"}],"author":[{"embeddable":true,"href":"https:\/\/imagazine.it\/home_desk\/wp-json\/wp\/v2\/users\/22"}],"replies":[{"embeddable":true,"href":"https:\/\/imagazine.it\/home_desk\/wp-json\/wp\/v2\/comments?post=37697"}],"version-history":[{"count":0,"href":"https:\/\/imagazine.it\/home_desk\/wp-json\/wp\/v2\/posts\/37697\/revisions"}],"wp:featuredmedia":[{"embeddable":true,"href":"https:\/\/imagazine.it\/home_desk\/wp-json\/wp\/v2\/media\/37698"}],"wp:attachment":[{"href":"https:\/\/imagazine.it\/home_desk\/wp-json\/wp\/v2\/media?parent=37697"}],"wp:term":[{"taxonomy":"category","embeddable":true,"href":"https:\/\/imagazine.it\/home_desk\/wp-json\/wp\/v2\/categories?post=37697"},{"taxonomy":"post_tag","embeddable":true,"href":"https:\/\/imagazine.it\/home_desk\/wp-json\/wp\/v2\/tags?post=37697"}],"curies":[{"name":"wp","href":"https:\/\/api.w.org\/{rel}","templated":true}]}}