{"id":37679,"date":"2021-01-28T00:00:00","date_gmt":"2021-01-27T23:00:00","guid":{"rendered":"https:\/\/imagazine.it\/?p=37679"},"modified":"2021-01-28T00:00:00","modified_gmt":"2021-01-27T23:00:00","slug":"via-i-cassonetti-a-cervignano-parte-il-casa-per-casa-hybrid","status":"publish","type":"post","link":"https:\/\/imagazine.it\/home_desk\/via-i-cassonetti-a-cervignano-parte-il-casa-per-casa-hybrid\/","title":{"rendered":"Via i cassonetti, a Cervignano parte il \u201cCasa per Casa hybrid\u201d"},"content":{"rendered":"<p>Ai nastri di partenza a <strong>Cervignano del Friuli<\/strong> la <em><a href=\"http:\/\/www.imagazine.it\/notizie-trieste-gorizia-udine-friuli\/9067\" target=\"_blank\" rel=\"noopener\"><span style=\"color:#0000ff;\">nuova raccolta dei rifiuti\u00a0\u201cCasa per Casa hybrid\u201d<\/span><\/a><\/em>.<\/p>\n<p><strong>Net<\/strong>, in accordo con l&#39;Amministrazione comunale, avvia con oggi lo svuotamento e il prelievo dei cassonetti stradali, ubicati lungo le vie cittadine, e riguardanti gli imballaggi tipo &#8220;carta, cartone e tetra pak&#8221;, &#8220;plastica&#8221; e il rifiuto &#8220;secco residuo indifferenziato&#8221;. \u00a0<\/p>\n<p>Contestualmente si proceder\u00e0 con la sostituzione dei cassonetti di colore marrone riguardanti il rifiuto &#8220;organico-umido&#8221; con i nuovi contenitori tecnologici dotati di serratura elettro\/meccanica (apertura del coperchio mediate smart card).<\/p>\n<p>Il ritiro dei vecchi cassonetti sar\u00e0 di tipo progressivo e per zone e verr\u00e0 avviato dalle zone periferiche e frazioni. Le operazioni si protrarranno indicativamente per circa cinque giorni.<\/p>\n<p>Rimarranno invece nelle attuali postazioni i cassonetti e le campane riguardanti gli imballaggi tipo &#8220;vetro e barattolame&#8221; e i rifiuti tipo &#8220;verde da sfalci e piccole potature&#8221;. Questo genere di rifiuti, infatti, cos\u00ec come quello \u201corganico-umido\u201d, potr\u00e0 essere <strong>conferito in qualsiasi giornata<\/strong>.<\/p>\n<p><strong>Mercoled\u00ec 3 febbraio<\/strong> partir\u00e0 invece il porta a porta, con la raccolta della <strong>carta<\/strong> i cui cassonetti con <strong>coperchio di colore blu<\/strong> dovranno essere posizionati all\u2019esterno della propria abitazione a partire dalle ore 19 di marted\u00ec 2 febbraio.<\/p>\n<p>Il <strong>gioved\u00ec <\/strong>(esposizione mercoled\u00ec sera) toccher\u00e0 ai <strong>rifiuti indifferenziati<\/strong> posizionati nel bidone con <strong>coperchio grigio<\/strong>. Infine il <strong>venerd\u00ec<\/strong> (esposizione gioved\u00ec sera) sar\u00e0 la volta della <strong>plastica<\/strong>, conferita negli appositi <strong>sacchi gialli <\/strong>(o cassonetti condominiali con coperchio giallo).<\/p>\n<p>In via eccezionale, e solo per gli utenti che ne hanno fatto specifica richiesta, viene avviato in anticipo il servizio di raccolta dei\u00a0rifiuti tipo &#8220;pannolini e pannoloni&#8221; (conferiti all&#39;interno del contenitore personale con il coperchio di colore grigio)\u00a0con\u00a0esposizione nella serata di <strong>domenica 31 gennaio<\/strong> e raccolta entro la giornata successiva (1\u00b0 febbraio).<\/p>\n<p><a href=\"http:\/\/imagazinevideotruck.it\/outlet\/relink.html\" target=\"_top\" rel=\"noopener\"><img loading=\"lazy\" decoding=\"async\" align=\"LEFT\" height=\"250\" src=\"http:\/\/imagazinevideotruck.it\/outlet\/outlet30.gif\" width=\"300\" alt=\"\" title=\"\"><\/a><\/p>\n<p>\u00a0<\/p>\n<p>\u00a0<\/p>\n<p>\u00a0<\/p>\n<p>\u00a0<\/p>\n<p>\u00a0<\/p>\n<p>\u00a0<\/p>\n<p>\u00a0<\/p>\n<p>\u00a0<\/p>\n<p>\u00a0<\/p>\n<p>Gli ultimi dettagli sono stati definiti in una riunione in municipio alla presenza del sindaco <strong>Gianluigi Savino<\/strong>, degli assessori <strong>Loris Petenel<\/strong> e <strong>Federica Maule<\/strong>, dei consiglieri comunali <strong>Ivan Snidero<\/strong> e <strong>Barbara Nalon<\/strong>, dei rappresentanti dell\u2019ufficio tecnico e del direttore generale di Net S.p.A., <strong>Massimo Fuccaro<\/strong>, coadiuvato da <strong>Marco Botosso<\/strong> (responsabile servizi operativi) e <strong>Davide Bonetto<\/strong> (ricerca e sviluppo).<\/p>\n<p>\u00a0<\/p>\n<p>Per urgenze e conferimenti straordinari di rifiuti, \u00e8 attivo e disponibile per le ricezioni, il centro di raccolta in via Cai\u00f9 con le seguenti giornate ed orari di apertura:<\/p>\n<ul>\n<li>mercoled\u00ec dalle ore 09:00 alle ore 12:00 (ultimo ingresso alle ore 11:45)<\/li>\n<li>sabato dalle ore 09:00 alle ore 16:00 (ultimo ingresso alle ore 15:45)<\/li>\n<\/ul>\n<p>Per l&#39;eventuale ritiro kit contenitori (singola utenza) dei 2 contenitori, dei sacchi e della smart card:<\/p>\n<ul>\n<li>Attivo Eco-Sportello in via III Armata 1 (fino al 13\/02\/2021) con le seguenti giornate ed orari di apertura: Luned\u00ec &#8211; mercoled\u00ec &#8211; venerd\u00ec &#8211; sabato dalle 09:00 alle 12:00<\/li>\n<\/ul>\n<p>Per ulteriori informazioni:<\/p>\n<ul>\n<li>Numero call-center 348 7615378 \u2013 attivo luned\u00ec &#8211; mercoled\u00ec &#8211; venerd\u00ec dalle 09:00 alle 12:00<\/li>\n<li>indirizzo e-mail dedicato:\u00a0<a href=\"mailto:casapercasa@comune.cervignanodelfriuli.ud.it\">casapercasa@comune.cervignanodelfriuli.ud.it<\/a><\/li>\n<\/ul>\n<p>Di seguito specifiche e contatti per informazioni riguardanti servizio \u201ccasa per casa hybrid\u201d:<\/p>\n<ul>\n<li><em><a href=\"https:\/\/netaziendapulita.it\/news\/comuni\/cervignano-del-friuli\" target=\"_blank\" rel=\"noopener\"><span style=\"color:#0000ff;\">Pagina web dedicata<\/span><\/a><\/em>\u00a0<\/li>\n<li><em><a href=\"https:\/\/www.net-education.it\/videotutorial-cervignano\/\" target=\"_blank\" rel=\"noopener\"><span style=\"color:#0000ff;\">Videotutorial dedicati<\/span><\/a><\/em>\u00a0<\/li>\n<li><em><a href=\"https:\/\/www.net-education.it\/app\/\" target=\"_blank\" rel=\"noopener\"><span style=\"color:#0000ff;\">App Net &#8211; Casa per Casa \u2013 disponibile sugli store Google e Apple<\/span><\/a><\/em>\u00a0<\/li>\n<\/ul>\n<p>\u00a0<\/p>\n<p><img decoding=\"async\" alt=\"\" src=\"\/ckeditor_assets\/pictures\/1225\/content_scovazze_locandina.jpg\" style=\"width: 600px; height: 2286px;\" title=\"\"><\/p>\n","protected":false},"excerpt":{"rendered":"<p>Dalla prossima settimana la nuova raccolta<\/p>\n","protected":false},"author":28,"featured_media":37680,"comment_status":"closed","ping_status":"closed","sticky":false,"template":"","format":"standard","meta":{"dwc-title":[],"dwc-content":[],"footnotes":""},"categories":[5],"tags":[],"class_list":["post-37679","post","type-post","status-publish","format-standard","has-post-thumbnail","hentry","category-attualita"],"rttpg_featured_image_url":{"full":["https:\/\/imagazine.it\/wp-content\/uploads\/2024\/01\/38017-1.webp",1024,768,false],"landscape":["https:\/\/imagazine.it\/wp-content\/uploads\/2024\/01\/38017-1.webp",1024,768,false],"portraits":["https:\/\/imagazine.it\/wp-content\/uploads\/2024\/01\/38017-1.webp",1024,768,false],"thumbnail":["https:\/\/imagazine.it\/wp-content\/uploads\/2024\/01\/38017-1-150x150.webp",150,150,true],"medium":["https:\/\/imagazine.it\/wp-content\/uploads\/2024\/01\/38017-1-300x225.webp",300,225,true],"large":["https:\/\/imagazine.it\/wp-content\/uploads\/2024\/01\/38017-1.webp",640,480,false],"thumblist":["https:\/\/imagazine.it\/wp-content\/uploads\/2024\/01\/38017-1.webp",300,225,false],"thumbrelated":["https:\/\/imagazine.it\/wp-content\/uploads\/2024\/01\/38017-1.webp",500,375,false],"meccarouselthumb":["https:\/\/imagazine.it\/wp-content\/uploads\/2024\/01\/38017-1.webp",432,324,false],"gridsquare":["https:\/\/imagazine.it\/wp-content\/uploads\/2024\/01\/38017-1.webp",347,260,false],"tileview":["https:\/\/imagazine.it\/wp-content\/uploads\/2024\/01\/38017-1.webp",300,225,false],"1536x1536":["https:\/\/imagazine.it\/wp-content\/uploads\/2024\/01\/38017-1.webp",1024,768,false],"2048x2048":["https:\/\/imagazine.it\/wp-content\/uploads\/2024\/01\/38017-1.webp",1024,768,false],"newsup-slider-full":["https:\/\/imagazine.it\/wp-content\/uploads\/2024\/01\/38017-1-1024x720.webp",1024,720,true],"newsup-featured":["https:\/\/imagazine.it\/wp-content\/uploads\/2024\/01\/38017-1.webp",1024,768,false],"newsup-medium":["https:\/\/imagazine.it\/wp-content\/uploads\/2024\/01\/38017-1-720x380.webp",720,380,true],"tptn_thumbnail":["https:\/\/imagazine.it\/wp-content\/uploads\/2024\/01\/38017-1.webp",250,188,false],"sow-carousel-default":["https:\/\/imagazine.it\/wp-content\/uploads\/2024\/01\/38017-1-272x182.webp",272,182,true]},"rttpg_author":{"display_name":"redazione","author_link":"https:\/\/imagazine.it\/home_desk\/author\/redazione\/"},"rttpg_comment":0,"rttpg_category":"<a href=\"https:\/\/imagazine.it\/home_desk\/category\/attualita\/\" rel=\"category tag\">ATTUALIT\u00c0<\/a>","rttpg_excerpt":"Dalla prossima settimana la nuova raccolta","_links":{"self":[{"href":"https:\/\/imagazine.it\/home_desk\/wp-json\/wp\/v2\/posts\/37679","targetHints":{"allow":["GET"]}}],"collection":[{"href":"https:\/\/imagazine.it\/home_desk\/wp-json\/wp\/v2\/posts"}],"about":[{"href":"https:\/\/imagazine.it\/home_desk\/wp-json\/wp\/v2\/types\/post"}],"author":[{"embeddable":true,"href":"https:\/\/imagazine.it\/home_desk\/wp-json\/wp\/v2\/users\/28"}],"replies":[{"embeddable":true,"href":"https:\/\/imagazine.it\/home_desk\/wp-json\/wp\/v2\/comments?post=37679"}],"version-history":[{"count":0,"href":"https:\/\/imagazine.it\/home_desk\/wp-json\/wp\/v2\/posts\/37679\/revisions"}],"wp:featuredmedia":[{"embeddable":true,"href":"https:\/\/imagazine.it\/home_desk\/wp-json\/wp\/v2\/media\/37680"}],"wp:attachment":[{"href":"https:\/\/imagazine.it\/home_desk\/wp-json\/wp\/v2\/media?parent=37679"}],"wp:term":[{"taxonomy":"category","embeddable":true,"href":"https:\/\/imagazine.it\/home_desk\/wp-json\/wp\/v2\/categories?post=37679"},{"taxonomy":"post_tag","embeddable":true,"href":"https:\/\/imagazine.it\/home_desk\/wp-json\/wp\/v2\/tags?post=37679"}],"curies":[{"name":"wp","href":"https:\/\/api.w.org\/{rel}","templated":true}]}}