{"id":37677,"date":"2021-01-28T00:00:00","date_gmt":"2021-01-27T23:00:00","guid":{"rendered":"https:\/\/imagazine.it\/?p=37677"},"modified":"2021-01-28T00:00:00","modified_gmt":"2021-01-27T23:00:00","slug":"premio-luchetta-alberto-matano-nominato-presidente-di-giuria","status":"publish","type":"post","link":"https:\/\/imagazine.it\/home_desk\/premio-luchetta-alberto-matano-nominato-presidente-di-giuria\/","title":{"rendered":"Premio Luchetta, Alberto Matano nominato presidente di Giuria"},"content":{"rendered":"<p><strong>Alberto Matano,<\/strong>\u00a0\u201canchor\u201d del TG1 RAI, dal 2020 al timone del programma quotidiano di attualit\u00e0 \u201cLa vita in diretta\u201d su Rai1,\u00a0\u00e8 <strong>il presidente di Giuria del Premio Giornalistico internazionale Marco Luchetta 2021<\/strong>.<\/p>\n<p>Sar\u00e0 lui a guidare la selezione degli elaborati in concorso e a premiare i vincitori della\u00a0<strong>18^ edizione del Premio Luchetta<\/strong>.<\/p>\n<p>\u00abSono molto onorato ed emozionato di essere il presidente della 18^ edizione del Premio Luchetta, un premio entrato nel mio cuore non appena sono stato scelto per presentare la serata \u201cI nostri Angeli\u201d, nel 2015 \u2013\u00a0ha dichiarato Matano\u00a0\u2013. Accolgo questo compito con grande responsabilit\u00e0 e grande gioia, consapevole che segna un legame importante con la Fondazione, con la famiglia e con Trieste.\u00a0<strong>Il Premio Luchetta \u00e8 il Premio del buon giornalismo. Incarna valori estremamente attuali, legati ai colleghi che non ci sono pi\u00f9.\u00a0<\/strong>Oggi, in un mondo globalizzato e apparentemente connesso, ma dominato da grande confusione e incertezza,\u00a0\u00e8 ancora pi\u00f9 cruciale che siano i giornalisti a raccontare ci\u00f2 che accade e a testimoniare la verit\u00e0. Nel tempo delle fake news, a noi il compito di fare questa informazione\u00bb.<\/p>\n<p><strong>Il Premio Luchetta 2021 si apre simbolicamente nel 27\u00b0 <em><a href=\"http:\/\/www.imagazine.it\/notizie-trieste-gorizia-udine-friuli\/313\" target=\"_blank\" rel=\"noopener\"><span style=\"color:#0000ff;\">anniversario dalla strage di Mostar,\u00a0<\/span><\/a><\/em><\/strong><em><a href=\"http:\/\/www.imagazine.it\/notizie-trieste-gorizia-udine-friuli\/313\" target=\"_blank\" rel=\"noopener\"><span style=\"color:#0000ff;\">che ricorda i giornalisti RAI\u00a0<strong>Marco Luchetta, Alessandro Ota e Dario D\u2019Angelo<\/strong>, uccisi da una granata il\u00a0<strong>28 gennaio 1994<\/strong><\/span><\/a><\/em>, mentre stavano realizzando un servizio giornalistico sui bambini vittime della guerra balcanica. Pochi mesi dopo un analogo destino toccava al cineoperatore\u00a0<strong>Miran Hrovatin<\/strong>, assassinato a Mogadiscio con la giornalista\u00a0<strong>Ilaria Alpi.<\/strong>\u00a0<\/p>\n<p>Per ricordare questi giornalisti, e perch\u00e9 nuove generazioni di colleghi diventassero \u201csentinella\u201d delle violenze e sopraffazioni sui bambini,\u00a0<strong>nel 2004 la Fondazione Luchetta, Ota, D\u2019Angelo, Hrovatin ha istituito il Premio giornalistico Internazionale Marco Luchetta<\/strong>.<\/p>\n<p>\u00abSono passati 27 anni \u2013 osserva la presidente\u00a0<strong>della Fondazione, Daniela Luchetta<\/strong>\u00a0\u2013. Se ripenso a quei giorni, mi sembra impossibile che da tanto dolore siano nate la\u00a0<strong>Fondazione<\/strong>\u00a0e il\u00a0<strong>Premio intitolato a Marco<\/strong>,\u00a0due\u00a0<strong>realt\u00e0 generate dalla volont\u00e0 di ricordare<\/strong>\u00a0lui, i suoi colleghi e il giornalismo di qualit\u00e0,\u00a0<strong>accomunate dal desiderio di proteggere i bambini pi\u00f9 fragili<\/strong>, cos\u00ec come avevano fatto loro con il piccolo Zlatko\u00bb.<\/p>\n<p><a href=\"http:\/\/imagazinevideotruck.it\/outlet\/relink_euro.html\" target=\"_top\" rel=\"noopener\"><img loading=\"lazy\" decoding=\"async\" align=\"LEFT\" height=\"250\" src=\"http:\/\/imagazinevideotruck.it\/outlet\/euromobili_banner_art.jpg\" width=\"300\" alt=\"\" title=\"\"><\/a><\/p>\n<p>\u00a0<\/p>\n<p>\u00a0<\/p>\n<p>\u00a0<\/p>\n<p>\u00a0<\/p>\n<p>\u00a0<\/p>\n<p>\u00a0<\/p>\n<p>\u00a0<\/p>\n<p>\u00a0<\/p>\n<p>\u00a0<\/p>\n<p><strong>La 18^ edizione del Premio<\/strong>\u00a0sar\u00e0 ancora una volta dedicata a giornalisti e fotoreporter che, da qualsiasi latitudine del pianeta, sapranno\u00a0<strong>testimoniare e raccontare con sensibilit\u00e0\u00a0le ingiustizie e le violenze sui pi\u00f9 piccoli:<\/strong>\u00a0uno spirito umanitario fatto proprio dalla Fondazione Luchetta, nata proprio per garantire accoglienza e intervento sanitario ai bambini provenienti da ogni parte del mondo, affetti da malattie non curabili nel loro Paese d\u2019origine.\u00a0<\/p>\n<p>Sono in gara quest\u2019anno al Premio Luchetta<strong> gli elaborati pubblicati o diffusi fra il 2 marzo 2020 e il 21 marzo 2021<\/strong>: le opere in concorso devono essere state pubblicate su una testata giornalistica registrata, sia essa cartacea, televisiva o web. Ogni lavoro in gara, non pi\u00f9 di tre per ciascun candidato, dovr\u00e0 essere inviato online e accompagnato da sintesi descrittiva, breve profilo professionale e scheda autore compilata.\u00a0Sono cinque, anche quest\u2019anno, le sezioni in concorso:<strong>\u00a0TV NEWS<\/strong>, riservata al giornalista che ha realizzato il miglior servizio giornalistico della durata massima di 8 minuti;\u00a0<strong>STAMPA ITALIANA<\/strong>, riservata all\u2019autore del miglior articolo pubblicato su quotidiani o periodici nazionali anche web;\u00a0<strong>REPORTAGE<\/strong>, riservato al giornalista che ha realizzato il miglior reportage della durata massima di 80 minuti;\u00a0<strong>STAMPA INTERNAZIONALE<\/strong>, riservato al giornalista, autore del miglior articolo non italiano anche web;\u00a0<strong>FOTOGRAFIA<\/strong>, riservato al fotografo per il miglior scatto pubblicato su un periodico o quotidiano anche web a corredo di un articolo o commento didascalico.\u00a0<\/p>\n<p>Dettagli e bando consultabili sui siti\u00a0<em><a data-saferedirecturl=\"https:\/\/www.google.com\/url?q=https:\/\/urlsand.esvalabs.com\/?u%3Dhttp%253A%252F%252Fwww.premioluchetta.com%26e%3D19ac813c%26h%3D45a62249%26f%3Dy%26p%3Dn&#038;source=gmail&#038;ust=1611911053159000&#038;usg=AFQjCNGufJ5ybsgn6lIjZ0HvhtYERfG14g\" href=\"https:\/\/urlsand.esvalabs.com\/?u=http%3A%2F%2Fwww.premioluchetta.com&#038;e=19ac813c&#038;h=45a62249&#038;f=y&#038;p=n\" target=\"_blank\" rel=\"noopener\"><span style=\"color:#0000ff;\">www.premioluchetta.com<\/span><\/a><\/em>\u00a0\u00a0<em><a data-saferedirecturl=\"https:\/\/www.google.com\/url?q=https:\/\/urlsand.esvalabs.com\/?u%3Dhttp%253A%252F%252Fwww.fondazioneluchetta.eu%26e%3D19ac813c%26h%3Df51cc2e3%26f%3Dy%26p%3Dn&#038;source=gmail&#038;ust=1611911053159000&#038;usg=AFQjCNH1TnCa2xXbWV2RczRkVGNFRrYPvQ\" href=\"https:\/\/urlsand.esvalabs.com\/?u=http%3A%2F%2Fwww.fondazioneluchetta.eu&#038;e=19ac813c&#038;h=f51cc2e3&#038;f=y&#038;p=n\" target=\"_blank\" rel=\"noopener\"><span style=\"color:#0000ff;\">www.fondazioneluchetta.eu<\/span><\/a><\/em><\/p>\n","protected":false},"excerpt":{"rendered":"<p>Per la 18^ edizione<\/p>\n","protected":false},"author":28,"featured_media":37678,"comment_status":"closed","ping_status":"closed","sticky":false,"template":"","format":"standard","meta":{"dwc-title":[],"dwc-content":[],"footnotes":""},"categories":[37],"tags":[],"class_list":["post-37677","post","type-post","status-publish","format-standard","has-post-thumbnail","hentry","category-cultura-e-spettacolo"],"rttpg_featured_image_url":{"full":["https:\/\/imagazine.it\/wp-content\/uploads\/2024\/01\/38015-1.webp",1000,677,false],"landscape":["https:\/\/imagazine.it\/wp-content\/uploads\/2024\/01\/38015-1.webp",1000,677,false],"portraits":["https:\/\/imagazine.it\/wp-content\/uploads\/2024\/01\/38015-1.webp",1000,677,false],"thumbnail":["https:\/\/imagazine.it\/wp-content\/uploads\/2024\/01\/38015-1-150x150.webp",150,150,true],"medium":["https:\/\/imagazine.it\/wp-content\/uploads\/2024\/01\/38015-1-300x203.webp",300,203,true],"large":["https:\/\/imagazine.it\/wp-content\/uploads\/2024\/01\/38015-1.webp",640,433,false],"thumblist":["https:\/\/imagazine.it\/wp-content\/uploads\/2024\/01\/38015-1.webp",300,203,false],"thumbrelated":["https:\/\/imagazine.it\/wp-content\/uploads\/2024\/01\/38015-1.webp",500,339,false],"meccarouselthumb":["https:\/\/imagazine.it\/wp-content\/uploads\/2024\/01\/38015-1.webp",474,321,false],"gridsquare":["https:\/\/imagazine.it\/wp-content\/uploads\/2024\/01\/38015-1.webp",384,260,false],"tileview":["https:\/\/imagazine.it\/wp-content\/uploads\/2024\/01\/38015-1.webp",300,203,false],"1536x1536":["https:\/\/imagazine.it\/wp-content\/uploads\/2024\/01\/38015-1.webp",1000,677,false],"2048x2048":["https:\/\/imagazine.it\/wp-content\/uploads\/2024\/01\/38015-1.webp",1000,677,false],"newsup-slider-full":["https:\/\/imagazine.it\/wp-content\/uploads\/2024\/01\/38015-1.webp",1000,677,false],"newsup-featured":["https:\/\/imagazine.it\/wp-content\/uploads\/2024\/01\/38015-1.webp",1000,677,false],"newsup-medium":["https:\/\/imagazine.it\/wp-content\/uploads\/2024\/01\/38015-1-720x380.webp",720,380,true],"tptn_thumbnail":["https:\/\/imagazine.it\/wp-content\/uploads\/2024\/01\/38015-1.webp",250,169,false],"sow-carousel-default":["https:\/\/imagazine.it\/wp-content\/uploads\/2024\/01\/38015-1-272x182.webp",272,182,true]},"rttpg_author":{"display_name":"redazione","author_link":"https:\/\/imagazine.it\/home_desk\/author\/redazione\/"},"rttpg_comment":0,"rttpg_category":"<a href=\"https:\/\/imagazine.it\/home_desk\/category\/cultura-e-spettacolo\/\" rel=\"category tag\">CULTURA&amp;SPETTACOLO<\/a>","rttpg_excerpt":"Per la 18^ edizione","_links":{"self":[{"href":"https:\/\/imagazine.it\/home_desk\/wp-json\/wp\/v2\/posts\/37677","targetHints":{"allow":["GET"]}}],"collection":[{"href":"https:\/\/imagazine.it\/home_desk\/wp-json\/wp\/v2\/posts"}],"about":[{"href":"https:\/\/imagazine.it\/home_desk\/wp-json\/wp\/v2\/types\/post"}],"author":[{"embeddable":true,"href":"https:\/\/imagazine.it\/home_desk\/wp-json\/wp\/v2\/users\/28"}],"replies":[{"embeddable":true,"href":"https:\/\/imagazine.it\/home_desk\/wp-json\/wp\/v2\/comments?post=37677"}],"version-history":[{"count":0,"href":"https:\/\/imagazine.it\/home_desk\/wp-json\/wp\/v2\/posts\/37677\/revisions"}],"wp:featuredmedia":[{"embeddable":true,"href":"https:\/\/imagazine.it\/home_desk\/wp-json\/wp\/v2\/media\/37678"}],"wp:attachment":[{"href":"https:\/\/imagazine.it\/home_desk\/wp-json\/wp\/v2\/media?parent=37677"}],"wp:term":[{"taxonomy":"category","embeddable":true,"href":"https:\/\/imagazine.it\/home_desk\/wp-json\/wp\/v2\/categories?post=37677"},{"taxonomy":"post_tag","embeddable":true,"href":"https:\/\/imagazine.it\/home_desk\/wp-json\/wp\/v2\/tags?post=37677"}],"curies":[{"name":"wp","href":"https:\/\/api.w.org\/{rel}","templated":true}]}}