{"id":37675,"date":"2021-01-27T00:00:00","date_gmt":"2021-01-26T23:00:00","guid":{"rendered":"https:\/\/imagazine.it\/?p=37675"},"modified":"2021-01-27T00:00:00","modified_gmt":"2021-01-26T23:00:00","slug":"duino-aurisina-donati-500-tamponi-rapidi-allazienda-sanitaria","status":"publish","type":"post","link":"https:\/\/imagazine.it\/home_desk\/duino-aurisina-donati-500-tamponi-rapidi-allazienda-sanitaria\/","title":{"rendered":"Duino-Aurisina, donati 500 tamponi rapidi all&#8217;Azienda sanitaria"},"content":{"rendered":"<p>Il direttore della gara S1 Trail \u2013 La Corsa della Bora, <strong>Tommaso de Mottoni<\/strong>, ha donato all\u2019Azienda Sanitaria Universitaria Giuliano Isontina (ASUGI) 500 tamponi rapidi, che verranno utilizzati dal 118 e dall\u2019USCA (Unit\u00e0 Speciale di Continuit\u00e0 Assistenziale) nell\u2019ambito dell\u2019emergenza territoriale.<\/p>\n<p>I tamponi, testati e certificati dall\u2019Azienda Sanitaria, erano stati acquistati dalla ASD SentieroUno nell\u2019eventualit\u00e0 in cui fosse stato necessario eseguire il test prima della corsa, che si \u00e8 svolta il 9 e 10 gennaio scorsi. Poich\u00e9 la norma ha permesso di gareggiare senza dover effettuare il tampone, ma sempre in osservanza del protocollo anti-Covid messo a punto dall\u2019organizzazione sportiva insieme ad ASUGI, gli organizzatori hanno deciso di donare i dispositivi medici gi\u00e0 acquistati.<\/p>\n<p>Alla cerimonia di donazione, svoltasi nella Sala del Consiglio del Comune di Duino-Aurisina, hanno partecipato <strong>Daniela Pallotta<\/strong>, sindaco di Duino-Aurisina, Tommaso de Mottoni e Alberto Peratoner, responsabile SSD 118 e gestione delle urgenze territoriali.<\/p>\n<p><a href=\"http:\/\/imagazinevideotruck.it\/outlet\/relink_euro.html\" target=\"_top\" rel=\"noopener\"><img loading=\"lazy\" decoding=\"async\" align=\"LEFT\" height=\"250\" src=\"http:\/\/imagazinevideotruck.it\/outlet\/euromobili_banner_art.jpg\" width=\"300\" alt=\"\" title=\"\"><\/a><\/p>\n<p>\u00a0<\/p>\n<p>\u00a0<\/p>\n<p>\u00a0<\/p>\n<p>\u00a0<\/p>\n<p>\u00a0<\/p>\n<p>\u00a0<\/p>\n<p>\u00a0<\/p>\n<p>\u00a0<\/p>\n<p>\u00a0<\/p>\n<p>&#8220;La Corsa della Bora &#8211; ha dichiarato l&#39;assessore allo Sport, <strong>Massimo Romita<\/strong> &#8211; \u00e8 stata senza ombra di dubbio la sfida dell&#39;anno, vinta e superata grazie alla magnifica organizzazione. Un evento sportivo apprezzato in Italia, in Europa e nel resto del Mondo per le splendide immagini che il percorso \u00e8 in grado di offrire&#8221;.<\/p>\n","protected":false},"excerpt":{"rendered":"<p>Da parte di ASD SentieroUno<\/p>\n","protected":false},"author":28,"featured_media":37676,"comment_status":"closed","ping_status":"closed","sticky":false,"template":"","format":"standard","meta":{"dwc-title":[],"dwc-content":[],"footnotes":""},"categories":[5],"tags":[],"class_list":["post-37675","post","type-post","status-publish","format-standard","has-post-thumbnail","hentry","category-attualita"],"rttpg_featured_image_url":{"full":["https:\/\/imagazine.it\/wp-content\/uploads\/2024\/01\/38012-1.webp",1600,900,false],"landscape":["https:\/\/imagazine.it\/wp-content\/uploads\/2024\/01\/38012-1.webp",1600,900,false],"portraits":["https:\/\/imagazine.it\/wp-content\/uploads\/2024\/01\/38012-1.webp",1600,900,false],"thumbnail":["https:\/\/imagazine.it\/wp-content\/uploads\/2024\/01\/38012-1-150x150.webp",150,150,true],"medium":["https:\/\/imagazine.it\/wp-content\/uploads\/2024\/01\/38012-1-300x169.webp",300,169,true],"large":["https:\/\/imagazine.it\/wp-content\/uploads\/2024\/01\/38012-1-1024x576.webp",640,360,true],"thumblist":["https:\/\/imagazine.it\/wp-content\/uploads\/2024\/01\/38012-1.webp",300,169,false],"thumbrelated":["https:\/\/imagazine.it\/wp-content\/uploads\/2024\/01\/38012-1.webp",500,281,false],"meccarouselthumb":["https:\/\/imagazine.it\/wp-content\/uploads\/2024\/01\/38012-1.webp",474,267,false],"gridsquare":["https:\/\/imagazine.it\/wp-content\/uploads\/2024\/01\/38012-1.webp",391,220,false],"tileview":["https:\/\/imagazine.it\/wp-content\/uploads\/2024\/01\/38012-1.webp",300,169,false],"1536x1536":["https:\/\/imagazine.it\/wp-content\/uploads\/2024\/01\/38012-1-1536x864.webp",1536,864,true],"2048x2048":["https:\/\/imagazine.it\/wp-content\/uploads\/2024\/01\/38012-1.webp",1600,900,false],"newsup-slider-full":["https:\/\/imagazine.it\/wp-content\/uploads\/2024\/01\/38012-1-1280x720.webp",1280,720,true],"newsup-featured":["https:\/\/imagazine.it\/wp-content\/uploads\/2024\/01\/38012-1-1024x576.webp",1024,576,true],"newsup-medium":["https:\/\/imagazine.it\/wp-content\/uploads\/2024\/01\/38012-1-720x380.webp",720,380,true],"tptn_thumbnail":["https:\/\/imagazine.it\/wp-content\/uploads\/2024\/01\/38012-1.webp",250,141,false],"sow-carousel-default":["https:\/\/imagazine.it\/wp-content\/uploads\/2024\/01\/38012-1-272x182.webp",272,182,true]},"rttpg_author":{"display_name":"redazione","author_link":"https:\/\/imagazine.it\/home_desk\/author\/redazione\/"},"rttpg_comment":0,"rttpg_category":"<a href=\"https:\/\/imagazine.it\/home_desk\/category\/attualita\/\" rel=\"category tag\">ATTUALIT\u00c0<\/a>","rttpg_excerpt":"Da parte di ASD SentieroUno","_links":{"self":[{"href":"https:\/\/imagazine.it\/home_desk\/wp-json\/wp\/v2\/posts\/37675","targetHints":{"allow":["GET"]}}],"collection":[{"href":"https:\/\/imagazine.it\/home_desk\/wp-json\/wp\/v2\/posts"}],"about":[{"href":"https:\/\/imagazine.it\/home_desk\/wp-json\/wp\/v2\/types\/post"}],"author":[{"embeddable":true,"href":"https:\/\/imagazine.it\/home_desk\/wp-json\/wp\/v2\/users\/28"}],"replies":[{"embeddable":true,"href":"https:\/\/imagazine.it\/home_desk\/wp-json\/wp\/v2\/comments?post=37675"}],"version-history":[{"count":0,"href":"https:\/\/imagazine.it\/home_desk\/wp-json\/wp\/v2\/posts\/37675\/revisions"}],"wp:featuredmedia":[{"embeddable":true,"href":"https:\/\/imagazine.it\/home_desk\/wp-json\/wp\/v2\/media\/37676"}],"wp:attachment":[{"href":"https:\/\/imagazine.it\/home_desk\/wp-json\/wp\/v2\/media?parent=37675"}],"wp:term":[{"taxonomy":"category","embeddable":true,"href":"https:\/\/imagazine.it\/home_desk\/wp-json\/wp\/v2\/categories?post=37675"},{"taxonomy":"post_tag","embeddable":true,"href":"https:\/\/imagazine.it\/home_desk\/wp-json\/wp\/v2\/tags?post=37675"}],"curies":[{"name":"wp","href":"https:\/\/api.w.org\/{rel}","templated":true}]}}