{"id":37665,"date":"2021-01-26T00:00:00","date_gmt":"2021-01-25T23:00:00","guid":{"rendered":"https:\/\/imagazine.it\/?p=37665"},"modified":"2021-01-26T00:00:00","modified_gmt":"2021-01-25T23:00:00","slug":"i-corsi-di-lingua-friulana-sbarcano-online","status":"publish","type":"post","link":"https:\/\/imagazine.it\/home_desk\/i-corsi-di-lingua-friulana-sbarcano-online\/","title":{"rendered":"I corsi di lingua friulana sbarcano online"},"content":{"rendered":"<p>Nuova versione per i corsi pratici di lingua friulana realizzati dalla Societ\u00e0 Filologica Friulana e sostenuti dall\u2019ARLeF &#8211; Agenzia Regionale per la Lingua Friulana.<\/p>\n<p>L&#39;attivit\u00e0 formativa <strong>gratuita<\/strong>, quest&#39;anno, sar\u00e0 caratterizzata da una novit\u00e0: le lezioni di alfabetizzazione (<strong>al via l\u20198 febbraio<\/strong>), destinate a un massimo di 90 partecipanti, si terranno <strong>interamente online<\/strong>, sulle piattaforme Moodle e Zoom, come chiarito oggi in occasione della conferenza stampa di presentazione alla quale sono intervenuti l\u2019assessore alle autonomie locali della Regione Friuli Venezia Giulia, <strong>Pierpaolo Roberti<\/strong>, <strong>Eros Cisilino<\/strong>, presidente dell\u2019ARLeF, e <strong>Federico Vicario<\/strong>, presidente della Societ\u00e0 Filologica Friulana (SFF).<\/p>\n<p>\u00abRafforzare l&#39;uso della lingua friulana \u00e8 importante: il corso che ARLeF e Filologica organizzano insieme per garantire continuit\u00e0 alla formazione in marilenghe, anche in tempi di pandemia, dar\u00e0 il suo valido aiuto per fornire prime basi di grammatica per incrementare la conoscenza e uso della lingua e per continuare a coltivare l&#39;orgoglio di essere friulani\u00bb, <strong>ha sottolineato l&#39;assessore Roberti<\/strong>.<\/p>\n<p>\u00abCrediamo molto in questa nuova proposta formativa, che aderisce perfettamente al contesto in cui attualmente ci troviamo \u2013 <strong>ha precisato Cisilino<\/strong> \u2013. La pandemia ha radicalmente modificato molte nostre abitudini, comprese le tradizionali modalit\u00e0 della didattica. Con la scelta di portare sul web i corsi di friulano stiamo cogliendo l\u2019occasione di rivolgerci a un pubblico sempre pi\u00f9 ampio, a coloro che per le pi\u00f9 svariate ragioni non sarebbero stati in grado di partecipare alle lezioni in presenza, ma che potranno invece cogliere questa opportunit\u00e0 grazie alla possibilit\u00e0 di fruirne dei contenuti delle lezioni secondo le loro esigenze di tempo\u00bb.<\/p>\n<p>\u00abQueste azioni rappresentano il comune impegno e la continuit\u00e0 d\u2019azione che da sempre anima tanto la Societ\u00e0 Filologica Friulana, quanto l\u2019ARLeF \u2013 <strong>ha sottolineato Vicario <\/strong>\u2013. Una collaborazione che negli ultimi anni ha trovato strade sempre nuove e migliori per ottenere comuni risultati. In questo senso, dobbiamo leggere con grande favore l\u2019impegno comune per la promozione del friulano anche attraverso i nuovi strumenti che la tecnologia ci mette a disposizione e che il momento ci impone di adottare. Per le lezioni abbiamo scelto una piattaforma che d\u00e0 assoluta garanzia, e gi\u00e0 ampiamente sperimentata, con ottimi risultati, per la didattica universitaria, ma facilmente fruibile anche dagli utenti meno esperti\u00bb.\u00a0<\/p>\n<p><a href=\"http:\/\/imagazinevideotruck.it\/outlet\/relink.html\" target=\"_top\" rel=\"noopener\"><img loading=\"lazy\" decoding=\"async\" align=\"LEFT\" height=\"250\" src=\"http:\/\/imagazinevideotruck.it\/outlet\/outlet30.gif\" width=\"300\" alt=\"\" title=\"\"><\/a><\/p>\n<p>\u00a0<\/p>\n<p>\u00a0<\/p>\n<p>\u00a0<\/p>\n<p>\u00a0<\/p>\n<p>\u00a0<\/p>\n<p>\u00a0<\/p>\n<p>\u00a0<\/p>\n<p>\u00a0<\/p>\n<p>\u00a0<\/p>\n<p>Una scelta dovuta, quella dei corsi online, gi\u00e0 adottata, parzialmente, alla fine del 2020. Dopo la sospensione delle attivit\u00e0 in presenza a fine febbraio, a seguito di una breve ripresa e un secondo stop, i 12 corsi, organizzati anche grazie alla collaborazione delle Amministrazioni comunali, sono proseguiti in modalit\u00e0 online e si sono conclusi a dicembre <strong>2020. <\/strong><\/p>\n<p>I corsi pratici di lingua friulana ritornano nel 2021, dunque, con una nuova veste e una struttura ancor pi\u00f9 articolata e votata a fornire strumenti sempre pi\u00f9 pratici e utili agli iscritti, che se frequenteranno almeno il 70% delle lezioni, riceveranno un attestato di partecipazione: un titolo culturale per accedere alla lista regionale degli insegnanti con competenze in lingua friulana.<\/p>\n<p><strong>La nuova opportunit\u00e0 formativa si basa sui contenuti del primo volume della Collana &#8220;<em>Lenghe e culture<\/em>&#8221; dedicato alla formazione degli adulti. <\/strong>Il piano dell\u2019opera prevede la realizzazione di 3 fascicoli di 112 pagine ciascuno: ognuno corrisponde a un&#39;annualit\u00e0 del corso (I, II e III) ed \u00e8 suddiviso in 12 unit\u00e0 didattiche. Ciascuna unit\u00e0 presenta una lettura con i relativi esercizi di comprensione del testo, focus grammaticali e relativi esercizi, con difficolt\u00e0 graduali sia nel lessico che nella morfologia verbale. Il manuale si basa dunque sulla progressione e sulla gradualit\u00e0 nello sviluppo delle abilit\u00e0 linguistiche. Il volume, in forma cartacea, \u00e8 disponibile gratuitamente nelle sedi dell\u2019ARLeF e SFF; in versione digitale su <em><a href=\"http:\/\/www.arlef.it\" target=\"_blank\" rel=\"noopener\"><span style=\"color:#0000ff;\"><u>www.arlef.it<\/u><\/span><\/a><\/em> e <em><a href=\"http:\/\/www.filologicafriulana.it\" target=\"_blank\" rel=\"noopener\"><span style=\"color:#0000ff;\"><u>www.filologicafriulana.i<\/u>t<\/span><\/a><\/em>.<\/p>\n<p>In quanto al corso in partenza la prima settimana di febbraio, <strong>sono in programma 10 lezioni asincrone, su <em>Moodle<\/em><\/strong> (ogni settimana sar\u00e0 pubblicato del materiale nuovo, che rester\u00e0 sempre fruibile), che privilegiano la riflessione, lo studio autonomo e rimandano ai <strong>tre incontri sincroni per chiarimenti e confronti, su <em>Zoom<\/em><\/strong>, ciascuno della durata di un\u2019ora circa.<\/p>\n<p>Per le iscrizioni \u00e8 possibile rivolgersi a <strong>Elena De Sanctis<\/strong> telefonando allo 0432 501598, o scrivendo a <a href=\"mailto:formazione@filologicafriulana.it\">formazione@filologicafriulana.it<\/a><\/p>\n","protected":false},"excerpt":{"rendered":"<p>Realizzati da ARLeF e Filologica<\/p>\n","protected":false},"author":28,"featured_media":37666,"comment_status":"closed","ping_status":"closed","sticky":false,"template":"","format":"standard","meta":{"dwc-title":[],"dwc-content":[],"footnotes":""},"categories":[37],"tags":[],"class_list":["post-37665","post","type-post","status-publish","format-standard","has-post-thumbnail","hentry","category-cultura-e-spettacolo"],"rttpg_featured_image_url":{"full":["https:\/\/imagazine.it\/wp-content\/uploads\/2024\/01\/37997-1.webp",1000,501,false],"landscape":["https:\/\/imagazine.it\/wp-content\/uploads\/2024\/01\/37997-1.webp",1000,501,false],"portraits":["https:\/\/imagazine.it\/wp-content\/uploads\/2024\/01\/37997-1.webp",1000,501,false],"thumbnail":["https:\/\/imagazine.it\/wp-content\/uploads\/2024\/01\/37997-1-150x150.webp",150,150,true],"medium":["https:\/\/imagazine.it\/wp-content\/uploads\/2024\/01\/37997-1-300x150.webp",300,150,true],"large":["https:\/\/imagazine.it\/wp-content\/uploads\/2024\/01\/37997-1.webp",640,321,false],"thumblist":["https:\/\/imagazine.it\/wp-content\/uploads\/2024\/01\/37997-1.webp",300,150,false],"thumbrelated":["https:\/\/imagazine.it\/wp-content\/uploads\/2024\/01\/37997-1.webp",500,251,false],"meccarouselthumb":["https:\/\/imagazine.it\/wp-content\/uploads\/2024\/01\/37997-1.webp",474,237,false],"gridsquare":["https:\/\/imagazine.it\/wp-content\/uploads\/2024\/01\/37997-1.webp",391,196,false],"tileview":["https:\/\/imagazine.it\/wp-content\/uploads\/2024\/01\/37997-1.webp",300,150,false],"1536x1536":["https:\/\/imagazine.it\/wp-content\/uploads\/2024\/01\/37997-1.webp",1000,501,false],"2048x2048":["https:\/\/imagazine.it\/wp-content\/uploads\/2024\/01\/37997-1.webp",1000,501,false],"newsup-slider-full":["https:\/\/imagazine.it\/wp-content\/uploads\/2024\/01\/37997-1.webp",1000,501,false],"newsup-featured":["https:\/\/imagazine.it\/wp-content\/uploads\/2024\/01\/37997-1.webp",1000,501,false],"newsup-medium":["https:\/\/imagazine.it\/wp-content\/uploads\/2024\/01\/37997-1-720x380.webp",720,380,true],"tptn_thumbnail":["https:\/\/imagazine.it\/wp-content\/uploads\/2024\/01\/37997-1.webp",250,125,false],"sow-carousel-default":["https:\/\/imagazine.it\/wp-content\/uploads\/2024\/01\/37997-1-272x182.webp",272,182,true]},"rttpg_author":{"display_name":"redazione","author_link":"https:\/\/imagazine.it\/home_desk\/author\/redazione\/"},"rttpg_comment":0,"rttpg_category":"<a href=\"https:\/\/imagazine.it\/home_desk\/category\/cultura-e-spettacolo\/\" rel=\"category tag\">CULTURA&amp;SPETTACOLO<\/a>","rttpg_excerpt":"Realizzati da ARLeF e Filologica","_links":{"self":[{"href":"https:\/\/imagazine.it\/home_desk\/wp-json\/wp\/v2\/posts\/37665","targetHints":{"allow":["GET"]}}],"collection":[{"href":"https:\/\/imagazine.it\/home_desk\/wp-json\/wp\/v2\/posts"}],"about":[{"href":"https:\/\/imagazine.it\/home_desk\/wp-json\/wp\/v2\/types\/post"}],"author":[{"embeddable":true,"href":"https:\/\/imagazine.it\/home_desk\/wp-json\/wp\/v2\/users\/28"}],"replies":[{"embeddable":true,"href":"https:\/\/imagazine.it\/home_desk\/wp-json\/wp\/v2\/comments?post=37665"}],"version-history":[{"count":0,"href":"https:\/\/imagazine.it\/home_desk\/wp-json\/wp\/v2\/posts\/37665\/revisions"}],"wp:featuredmedia":[{"embeddable":true,"href":"https:\/\/imagazine.it\/home_desk\/wp-json\/wp\/v2\/media\/37666"}],"wp:attachment":[{"href":"https:\/\/imagazine.it\/home_desk\/wp-json\/wp\/v2\/media?parent=37665"}],"wp:term":[{"taxonomy":"category","embeddable":true,"href":"https:\/\/imagazine.it\/home_desk\/wp-json\/wp\/v2\/categories?post=37665"},{"taxonomy":"post_tag","embeddable":true,"href":"https:\/\/imagazine.it\/home_desk\/wp-json\/wp\/v2\/tags?post=37665"}],"curies":[{"name":"wp","href":"https:\/\/api.w.org\/{rel}","templated":true}]}}