{"id":37663,"date":"2021-01-26T00:00:00","date_gmt":"2021-01-25T23:00:00","guid":{"rendered":"https:\/\/imagazine.it\/?p=37663"},"modified":"2021-01-26T00:00:00","modified_gmt":"2021-01-25T23:00:00","slug":"cividale-cambio-ai-vertici-della-protezione-civile","status":"publish","type":"post","link":"https:\/\/imagazine.it\/home_desk\/cividale-cambio-ai-vertici-della-protezione-civile\/","title":{"rendered":"Cividale, cambio ai vertici della Protezione Civile"},"content":{"rendered":"<p>Rinnovo dei vertici per la Protezione Civile di Cividale del Friuli: <strong>Gianfranco Mauri<\/strong>, a seguito della recente modifica ordinativa degli uffici comunali, ha assunto il ruolo di funzionario Responsabile Comunale della Protezione Civile e ha pertanto ceduto il precedente ruolo \u2013 svolto come volontario \u2013 di Coordinatore dei 46 volontari del Gruppo Comunale, con oltre 36 anni di attivit\u00e0 nel volontariato di protezione civile, prima come volontario, poi come Capo Squadra ed infine quale Coordinatore.<\/p>\n<p>Al suo posto il sindaco,<strong> Daniela Bernardi<\/strong>, su proposta dell\u2019Assemblea dei volontari, ha nominato nuovo Coordinatore dei Volontari, <strong>Lorenzo Favia<\/strong>.<\/p>\n<p>Cambiano anche tutti gli altri vertici del Gruppo Comunale: il sindaco, sempre su proposta dell\u2019Assemblea, ha nominato Capo Squadra Tecnico-Logistica <strong>Mattia Cantarutti<\/strong> e Capo Squadra Anti Incendi Boschivi <strong>Giacomo Zanone<\/strong>: entrambi giovani di et\u00e0 ma con oltre dieci anni di esperienza nel Gruppo Comunale di Protezione Civile e con importanti specifiche competenze professionali.<\/p>\n<p>L\u2019Assemblea dei Volontari ha anche nominato quali componenti del Consiglio Direttivo del Gruppo, <strong>Elia Sartelli <\/strong>e<strong> Lucio Zanon<\/strong>, gi\u00e0 Capo Squadra Anti Incendi Boschivi e decano dei volontari tra i vertici del Gruppo, per esperienze maturate e competenze professionali.<\/p>\n<p>Entrano inoltre a far parte di diritto del Consiglio direttivo<strong> Paola Franzoi<\/strong>, quale Manager Formativa, e <strong>Antonella Fadone<\/strong>, quale Mediatore Tecnologico. Confermato, infine,<strong> Marco Moratti<\/strong> nel ruolo di segretario del Gruppo.\u00a0\u00a0\u00a0\u00a0<\/p>\n<p>Il <strong>Consigliere Delegato alla Protezione Civile, Stefano Coceano<\/strong> nel ricordare l\u2019impegno profuso dai \u201cvolontaridivalore\u201d in questo difficile momento, evidenzia come \u201cnon sono venuti meno gli interventi dei volontari del Gruppo per le loro ordinarie attivit\u00e0, durante i fortunali sul territorio in febbraio e in marzo, gli allagamenti sul territorio di giugno, settembre, ottobre e dicembre, l\u2019intervento per fortunale a Taipana nel mese di giugno e i recenti interventi, a dicembre e gennaio 2021, per l\u2019emergenza neve, con attivit\u00e0 svolta a Tolmezzo, Lauco, Forni di Sopra e Pontebba. A tutto ci\u00f2 devono aggiungersi le attivit\u00e0 svolte per mitigare gli effetti della pandemia Convid con quasi 3.000 ore di servizio svolte, 800 giornate\/uomo di servizio, oltre 6.100 km percorsi con i veicoli di servizio e 3 attivit\u00e0 congiunte svolte con i reparti dell\u2019Esercito Italiano per la distribuzione massiva di mascherine e per la igienizzazione delle aree del territorio con maggiore affluenza\u201d.<\/p>\n<p><a href=\"http:\/\/imagazinevideotruck.it\/outlet\/relink.html\" target=\"_top\" rel=\"noopener\"><img loading=\"lazy\" decoding=\"async\" align=\"LEFT\" height=\"250\" src=\"http:\/\/imagazinevideotruck.it\/outlet\/outlet30.gif\" width=\"300\" alt=\"\" title=\"\"><\/a><\/p>\n<p>\u00a0<\/p>\n<p>\u00a0<\/p>\n<p>\u00a0<\/p>\n<p>\u00a0<\/p>\n<p>\u00a0<\/p>\n<p>\u00a0<\/p>\n<p>\u00a0<\/p>\n<p>\u00a0<\/p>\n<p>\u00a0<\/p>\n<p>Coceano conferma infine che \u201cl\u2019Amministrazione Comunale, conscia dell\u2019importanza di questa struttura comunale atipica, perch\u00e9 basata sul volontariato organizzato, continuer\u00e0 ad investire per la migliore qualificazione, professionalit\u00e0 e dotazione dei suoi componenti\u201d.<\/p>\n","protected":false},"excerpt":{"rendered":"<p>Nuove nomine da parte del sindaco<\/p>\n","protected":false},"author":28,"featured_media":37664,"comment_status":"closed","ping_status":"closed","sticky":false,"template":"","format":"standard","meta":{"dwc-title":[],"dwc-content":[],"footnotes":""},"categories":[5],"tags":[],"class_list":["post-37663","post","type-post","status-publish","format-standard","has-post-thumbnail","hentry","category-attualita"],"rttpg_featured_image_url":{"full":["https:\/\/imagazine.it\/wp-content\/uploads\/2024\/01\/37990-1.webp",800,600,false],"landscape":["https:\/\/imagazine.it\/wp-content\/uploads\/2024\/01\/37990-1.webp",800,600,false],"portraits":["https:\/\/imagazine.it\/wp-content\/uploads\/2024\/01\/37990-1.webp",800,600,false],"thumbnail":["https:\/\/imagazine.it\/wp-content\/uploads\/2024\/01\/37990-1-150x150.webp",150,150,true],"medium":["https:\/\/imagazine.it\/wp-content\/uploads\/2024\/01\/37990-1-300x225.webp",300,225,true],"large":["https:\/\/imagazine.it\/wp-content\/uploads\/2024\/01\/37990-1.webp",640,480,false],"thumblist":["https:\/\/imagazine.it\/wp-content\/uploads\/2024\/01\/37990-1.webp",300,225,false],"thumbrelated":["https:\/\/imagazine.it\/wp-content\/uploads\/2024\/01\/37990-1.webp",500,375,false],"meccarouselthumb":["https:\/\/imagazine.it\/wp-content\/uploads\/2024\/01\/37990-1.webp",432,324,false],"gridsquare":["https:\/\/imagazine.it\/wp-content\/uploads\/2024\/01\/37990-1.webp",347,260,false],"tileview":["https:\/\/imagazine.it\/wp-content\/uploads\/2024\/01\/37990-1.webp",300,225,false],"1536x1536":["https:\/\/imagazine.it\/wp-content\/uploads\/2024\/01\/37990-1.webp",800,600,false],"2048x2048":["https:\/\/imagazine.it\/wp-content\/uploads\/2024\/01\/37990-1.webp",800,600,false],"newsup-slider-full":["https:\/\/imagazine.it\/wp-content\/uploads\/2024\/01\/37990-1.webp",800,600,false],"newsup-featured":["https:\/\/imagazine.it\/wp-content\/uploads\/2024\/01\/37990-1.webp",800,600,false],"newsup-medium":["https:\/\/imagazine.it\/wp-content\/uploads\/2024\/01\/37990-1-720x380.webp",720,380,true],"tptn_thumbnail":["https:\/\/imagazine.it\/wp-content\/uploads\/2024\/01\/37990-1.webp",250,188,false],"sow-carousel-default":["https:\/\/imagazine.it\/wp-content\/uploads\/2024\/01\/37990-1-272x182.webp",272,182,true]},"rttpg_author":{"display_name":"redazione","author_link":"https:\/\/imagazine.it\/home_desk\/author\/redazione\/"},"rttpg_comment":0,"rttpg_category":"<a href=\"https:\/\/imagazine.it\/home_desk\/category\/attualita\/\" rel=\"category tag\">ATTUALIT\u00c0<\/a>","rttpg_excerpt":"Nuove nomine da parte del sindaco","_links":{"self":[{"href":"https:\/\/imagazine.it\/home_desk\/wp-json\/wp\/v2\/posts\/37663","targetHints":{"allow":["GET"]}}],"collection":[{"href":"https:\/\/imagazine.it\/home_desk\/wp-json\/wp\/v2\/posts"}],"about":[{"href":"https:\/\/imagazine.it\/home_desk\/wp-json\/wp\/v2\/types\/post"}],"author":[{"embeddable":true,"href":"https:\/\/imagazine.it\/home_desk\/wp-json\/wp\/v2\/users\/28"}],"replies":[{"embeddable":true,"href":"https:\/\/imagazine.it\/home_desk\/wp-json\/wp\/v2\/comments?post=37663"}],"version-history":[{"count":0,"href":"https:\/\/imagazine.it\/home_desk\/wp-json\/wp\/v2\/posts\/37663\/revisions"}],"wp:featuredmedia":[{"embeddable":true,"href":"https:\/\/imagazine.it\/home_desk\/wp-json\/wp\/v2\/media\/37664"}],"wp:attachment":[{"href":"https:\/\/imagazine.it\/home_desk\/wp-json\/wp\/v2\/media?parent=37663"}],"wp:term":[{"taxonomy":"category","embeddable":true,"href":"https:\/\/imagazine.it\/home_desk\/wp-json\/wp\/v2\/categories?post=37663"},{"taxonomy":"post_tag","embeddable":true,"href":"https:\/\/imagazine.it\/home_desk\/wp-json\/wp\/v2\/tags?post=37663"}],"curies":[{"name":"wp","href":"https:\/\/api.w.org\/{rel}","templated":true}]}}