{"id":37657,"date":"2021-01-25T00:00:00","date_gmt":"2021-01-24T23:00:00","guid":{"rendered":"https:\/\/imagazine.it\/?p=37657"},"modified":"2021-01-25T00:00:00","modified_gmt":"2021-01-24T23:00:00","slug":"joannis-la-pandemia-non-ferma-la-festa-di-santagnese","status":"publish","type":"post","link":"https:\/\/imagazine.it\/home_desk\/joannis-la-pandemia-non-ferma-la-festa-di-santagnese\/","title":{"rendered":"Joannis, la pandemia non ferma la festa di Sant&#8217;Agnese"},"content":{"rendered":"<p>Il 21 gennaio, a <strong>Joannis<\/strong>, si festeggia Sant&#39;Agnese, patrona della piccola comunit\u00e0 della bassa friulana.<\/p>\n<p>Domenica 24 come da tradizione, si sarebbe dovuto celebrare questa ricorrenza con la processione con la statua di Sant&#39;Agnese per le vie del paese e con molte altre attivit\u00e0 di contorno che avrebbero reso \u201cunica\u201d la festa. Quest&#39;anno tutto \u00e8 stato annullato.<\/p>\n<p>Ma c&#39;\u00e8 chi non vuole arrendersi a questo momento di difficolt\u00e0 per tutti: in qualche modo la Santa deve essere ricordata e festeggiata. \u00c8 stato l&#39;organista del coro di Joannis, <strong>Michele Cescutti<\/strong>, a far ritornare alla memoria i ricordi che il Marchese Doimo Frangipane Strassoldo di Soffumbergo gli aveva confidato in merito agli addobbi che venivano allestiti per adornare e abbellire la statua della Santa.<\/p>\n<p>Una tradizione che si \u00e8 protratta dagli inizi del 1900 fino ad arrivare al 1947, anno della scomparsa dello zio. Il Conte Varnero di Strassoldo di Soffumbergo (lo zio di Doimo) qualche giorno prima del 21 gennaio faceva tagliare, dai suoi giardinieri, dei grandi rami di magnolia, i quali poi venivano portati nella cucina, stesi sopra fogli di giornale e, comperati i colori oro, argento e rame, chiamava i suoi quattro nipoti, Doimo, Fosca, Nicoletta e Cintia a dipingerne le foglie. Quando le foglie dipinte si asciugavano iniziava il lavoro di composizione; il tutto veniva poi composto con leggiadria in contenitori che venivano posti su due \u201ctre-piedi\u201d a lato della statua di Sant&#39;Agnese, mentre davanti alla stessa veniva sistemato \u201cun cassone\u201d, anche questo addobbato con le magnolie (questa tradizione veniva riproposta la prima domenica di settembre per la festa del \u201cPerdon\u201d, con fiori differenti, infatti per quella occasione c&#39;erano sempre bellissime dalie).<\/p>\n<p>Perci\u00f2 grazie ai ricordi tramandati di generazione in generazione, quest&#39;anno e sicuramente anche in quelli a venire, \u00e8 stata ripresa questa tradizione centenaria. Mentre il C. I. L. (Comitato Iniziative Locali) di Joannis, per mantenere il filo di collegamento alla festa, ha preparato i \u201c<em>pistuns<\/em>\u201d (un dolce povero che veniva preparato nelle famiglie in occasione della ricorrenza paesana, usando ingredienti poveri e alla portata di tutti, venendo cotti nel brodo fatto con le ossa di maiale). Le ciotoline con i \u201cpistuns\u201d, confezionate secondo le norme, sono state distribuite dalle rappresentanti del Comitato al termine della messa a tutti i fedeli che, in attesa, erano rimasti seduti a debita distanza.<\/p>\n<p><a href=\"http:\/\/imagazinevideotruck.it\/outlet\/relink.html\" target=\"_top\" rel=\"noopener\"><img loading=\"lazy\" decoding=\"async\" align=\"LEFT\" height=\"250\" src=\"http:\/\/imagazinevideotruck.it\/outlet\/outlet30.gif\" width=\"300\" alt=\"\" title=\"\"><\/a><\/p>\n<p>\u00a0<\/p>\n<p>\u00a0<\/p>\n<p>\u00a0<\/p>\n<p>\u00a0<\/p>\n<p>\u00a0<\/p>\n<p>\u00a0<\/p>\n<p>\u00a0<\/p>\n<p>\u00a0<\/p>\n<p>\u00a0<\/p>\n<p>Cos\u00ec anche quest&#39;anno Sant&#39;Agnese \u00e8 stata ricordata dalla comunit\u00e0 di Joannis.<\/p>\n","protected":false},"excerpt":{"rendered":"<p>L&#8217;iniziativa del CIL<\/p>\n","protected":false},"author":22,"featured_media":37658,"comment_status":"closed","ping_status":"closed","sticky":false,"template":"","format":"standard","meta":{"dwc-title":[],"dwc-content":[],"footnotes":""},"categories":[5],"tags":[],"class_list":["post-37657","post","type-post","status-publish","format-standard","has-post-thumbnail","hentry","category-attualita"],"rttpg_featured_image_url":{"full":["https:\/\/imagazine.it\/wp-content\/uploads\/2024\/01\/37978-1.webp",1000,630,false],"landscape":["https:\/\/imagazine.it\/wp-content\/uploads\/2024\/01\/37978-1.webp",1000,630,false],"portraits":["https:\/\/imagazine.it\/wp-content\/uploads\/2024\/01\/37978-1.webp",1000,630,false],"thumbnail":["https:\/\/imagazine.it\/wp-content\/uploads\/2024\/01\/37978-1-150x150.webp",150,150,true],"medium":["https:\/\/imagazine.it\/wp-content\/uploads\/2024\/01\/37978-1-300x189.webp",300,189,true],"large":["https:\/\/imagazine.it\/wp-content\/uploads\/2024\/01\/37978-1.webp",640,403,false],"thumblist":["https:\/\/imagazine.it\/wp-content\/uploads\/2024\/01\/37978-1.webp",300,189,false],"thumbrelated":["https:\/\/imagazine.it\/wp-content\/uploads\/2024\/01\/37978-1.webp",500,315,false],"meccarouselthumb":["https:\/\/imagazine.it\/wp-content\/uploads\/2024\/01\/37978-1.webp",474,299,false],"gridsquare":["https:\/\/imagazine.it\/wp-content\/uploads\/2024\/01\/37978-1.webp",391,246,false],"tileview":["https:\/\/imagazine.it\/wp-content\/uploads\/2024\/01\/37978-1.webp",300,189,false],"1536x1536":["https:\/\/imagazine.it\/wp-content\/uploads\/2024\/01\/37978-1.webp",1000,630,false],"2048x2048":["https:\/\/imagazine.it\/wp-content\/uploads\/2024\/01\/37978-1.webp",1000,630,false],"newsup-slider-full":["https:\/\/imagazine.it\/wp-content\/uploads\/2024\/01\/37978-1.webp",1000,630,false],"newsup-featured":["https:\/\/imagazine.it\/wp-content\/uploads\/2024\/01\/37978-1.webp",1000,630,false],"newsup-medium":["https:\/\/imagazine.it\/wp-content\/uploads\/2024\/01\/37978-1-720x380.webp",720,380,true],"tptn_thumbnail":["https:\/\/imagazine.it\/wp-content\/uploads\/2024\/01\/37978-1.webp",250,158,false],"sow-carousel-default":["https:\/\/imagazine.it\/wp-content\/uploads\/2024\/01\/37978-1-272x182.webp",272,182,true]},"rttpg_author":{"display_name":"Livio Nonis","author_link":"https:\/\/imagazine.it\/home_desk\/author\/nonis\/"},"rttpg_comment":0,"rttpg_category":"<a href=\"https:\/\/imagazine.it\/home_desk\/category\/attualita\/\" rel=\"category tag\">ATTUALIT\u00c0<\/a>","rttpg_excerpt":"L'iniziativa del CIL","_links":{"self":[{"href":"https:\/\/imagazine.it\/home_desk\/wp-json\/wp\/v2\/posts\/37657","targetHints":{"allow":["GET"]}}],"collection":[{"href":"https:\/\/imagazine.it\/home_desk\/wp-json\/wp\/v2\/posts"}],"about":[{"href":"https:\/\/imagazine.it\/home_desk\/wp-json\/wp\/v2\/types\/post"}],"author":[{"embeddable":true,"href":"https:\/\/imagazine.it\/home_desk\/wp-json\/wp\/v2\/users\/22"}],"replies":[{"embeddable":true,"href":"https:\/\/imagazine.it\/home_desk\/wp-json\/wp\/v2\/comments?post=37657"}],"version-history":[{"count":0,"href":"https:\/\/imagazine.it\/home_desk\/wp-json\/wp\/v2\/posts\/37657\/revisions"}],"wp:featuredmedia":[{"embeddable":true,"href":"https:\/\/imagazine.it\/home_desk\/wp-json\/wp\/v2\/media\/37658"}],"wp:attachment":[{"href":"https:\/\/imagazine.it\/home_desk\/wp-json\/wp\/v2\/media?parent=37657"}],"wp:term":[{"taxonomy":"category","embeddable":true,"href":"https:\/\/imagazine.it\/home_desk\/wp-json\/wp\/v2\/categories?post=37657"},{"taxonomy":"post_tag","embeddable":true,"href":"https:\/\/imagazine.it\/home_desk\/wp-json\/wp\/v2\/tags?post=37657"}],"curies":[{"name":"wp","href":"https:\/\/api.w.org\/{rel}","templated":true}]}}