{"id":37653,"date":"2021-01-25T00:00:00","date_gmt":"2021-01-24T23:00:00","guid":{"rendered":"https:\/\/imagazine.it\/?p=37653"},"modified":"2021-01-25T00:00:00","modified_gmt":"2021-01-24T23:00:00","slug":"ronchi-rinnova-la-scuola-media","status":"publish","type":"post","link":"https:\/\/imagazine.it\/home_desk\/ronchi-rinnova-la-scuola-media\/","title":{"rendered":"Ronchi rinnova la scuola media"},"content":{"rendered":"<p>Indetta a <strong>Ronchi dei Legionari<\/strong> la gara per l\u2019aggiudicazione dei lavori del primo lotto inerente la demolizione e ricostruzione dell\u2019ala nord della nuova scuola media Leonardo Da Vinci, per un costo complessivo pari a 2.250.000 euro di cui 250.000 con fondi propri di bilancio.<\/p>\n<p>Per questo intervento di edilizia scolastica \u00e8 stata scelta la soluzione di procedere alla demolizione dell\u2019attuale edificio, in particolare in due lotti: il primo lotto prevede la demolizione e ricostruzione dell\u2019ala nord (tempo stimato 270 giorni lavorativi); il secondo lotto prevede la demolizione e ricostruzione ala ovest e del corpo centrale (tempo stimato di esecuzione altri 18 mesi).<\/p>\n<p>In particolare nel primo lotto si \u00e8 deciso di collocare al piano terra tre locali (classi) che potranno essere occupati sia dalla scuola sia \u2013 una volta ultimata l\u2019opera \u2013 da associazioni locali anche a scuola chiusa.<\/p>\n<p>L\u2019intervento di demolizione (in programma quest\u2019estate) e ricostruzione sar\u00e0 attuato sullo stesso sedime attuale, mantenendo per grandi linee la forma attuale e lo stesso numero dei piani fuori terra. Durante le fasi di lavorazione sar\u00e0 garantita la funzionalit\u00e0 seppure ridotta della scuola, usando nella prima fase di demolizione dell\u2019ala nord l\u2019ultimo piano della scuola elementare Vittorino da Feltre, dove saranno collocate quattro classi.<\/p>\n<p>Il progetto \u00e8 stato concepito per realizzare un fabbricato a basso consumo energetico, con utilizzo di fonti rinnovabili per la produzione di energia, di acqua calda e per il fabbisogno di energia elettrica per l\u2019illuminazione. Al piano terra dell\u2019ala ovest oltre l\u2019atrio principale troveranno spazio un ufficio per il dirigente scolastico, ufficio segreteria, l\u2019archivio, l\u2019aula insegnanti, l\u2019aula per il ricevimento dei genitori, la bidelleria e l\u2019aula magna\/auditorium.<\/p>\n<p>Proprio l\u2019aula magna\/auditorium caratterizza in maniera importante questo intervento, sar\u00e0 parzialmente separata dal resto della scuola, con la possibilit\u00e0 di essere fruita sia dalla scuola che da altri soggetti, e avr\u00e0 una capienza di 200 posti a sedere oltre a essere dotata di autonomia propria (atrio\/servizi igienici\/locale tecnico\/ripostiglio).<\/p>\n<p>La funzionalit\u00e0 didattica, al termine della costruzione dei due lotti, potr\u00e0 contare al primo e secondo piano su 12 aule normali, 2 aule di sostegno (una per piano), 6 aule per le attivit\u00e0 speciali (artistica, scienze, polifunzionale, informatica\/lingue, digitale, musicale), inoltre ci sar\u00e0 un\u2019aula dove trover\u00e0 spazio la biblioteca.<\/p>\n<p>Tutti e tre i piani saranno dotati di servizi igienici per gli alunni, per il personale scolastico, nonch\u00e9 per i disabili. Al piano terra, al primo piano e al secondo piano sar\u00e0 realizzato l\u2019atrio denominato piazza, con funzioni di spazio distributivo, completamente vetrato sul lato ovest; dall\u2019atrio posto al piano terra partir\u00e0 la scala di accesso ai piani superiori e l\u2019ascensore.<\/p>\n<p>La scuola sar\u00e0 dotata di un nuovo ingresso principale, di un nuovo ingresso secondario, mentre le aree esterne inverdite e recintate. Le murature esterne saranno composte da blocchi di laterizio dallo spessore di 30 cm., con controparete interna e un capotto esterno composto da pannelli di schiuma poliuretanica.<\/p>\n<p><a href=\"http:\/\/imagazinevideotruck.it\/outlet\/relink_euro.html\" target=\"_top\" rel=\"noopener\"><img loading=\"lazy\" decoding=\"async\" align=\"LEFT\" height=\"250\" src=\"http:\/\/imagazinevideotruck.it\/outlet\/euromobili_banner_art.jpg\" width=\"300\" alt=\"\" title=\"\"><\/a><\/p>\n<p>\u00a0<\/p>\n<p>\u00a0<\/p>\n<p>\u00a0<\/p>\n<p>\u00a0<\/p>\n<p>\u00a0<\/p>\n<p>\u00a0<\/p>\n<p>\u00a0<\/p>\n<p>\u00a0<\/p>\n<p>\u00a0<\/p>\n<p>I pavimenti al piano terra saranno posti sopra un vespaio areato (vuoto sanitario) a cui sar\u00e0 anche applicata una guaina con funzione di barriera al radon. Le aule saranno dotate di controsoffitti in quadrotti 60&#215;60 di fibra minerale per raggiungere gli standard acustici adeguati e per agevolare la manutenzione degli impianti. La copertura dell\u2019edificio sar\u00e0 a due falde ribassate, mentre la copertura dell\u2019auditorium sar\u00e0 a verde pensile, tramite la semina di piante erbacee. I serramenti saranno protetti da schermature solari composte da lamelle frangisole in alluminio motorizzate.<\/p>\n<p>La nuova scuola sar\u00e0 completamente antisismica, dotata di due scale esterne di emergenza.<\/p>\n<p>Per quanto riguarda gli aspetti tecnologici la scuola, oltre il normale impianto idrico sanitario, sar\u00e0 dotata di riscaldamento con pavimento radiante, di un impianto di ventilazione meccanica, di un impianto solare termico, di impianto solare fotovoltaico, di impianto di videosorveglianza, di impianto allarme vocale e diffusione sonora.<\/p>\n<p>La nuova scuola sar\u00e0 dotata di una rete separata per la raccolta delle acque meteoriche che saranno convogliate in un serbatoio di raccolta per essere utilizzate a scopi irrigui e per alimentare le cassette di accumulo dei servizi igienici.<\/p>\n<p>L\u2019impianto solare termico potr\u00e0 contare su 10 collettori solari per la produzione di acqua calda sanitaria e per l\u2019integrazione del riscaldamento. L\u2019impianto solare fotovoltaico al termine dei lavori avr\u00e0 una potenza pari a 50KWE, e sar\u00e0 composto da 320 moduli a 60 celle di silicio, l\u2019energia elettrica rinnovabile prodotta sar\u00e0 pari a 57.500 Kwh\/anno che verr\u00e0 autoconsumata in loco, le eccedenze verranno immesse in rete con il meccanismo dello scambio sul posto.<\/p>\n<p>Il costo totale del progetto, \u00e8 pari a 464.000 euro (esclusa IVA) ed \u00e8 stato coperto con fondi propri di bilancio.<\/p>\n","protected":false},"excerpt":{"rendered":"<p>Indetta la gara per l&#8217;aggiudicazione dei lavori<\/p>\n","protected":false},"author":22,"featured_media":37654,"comment_status":"closed","ping_status":"closed","sticky":false,"template":"","format":"standard","meta":{"dwc-title":[],"dwc-content":[],"footnotes":""},"categories":[5],"tags":[],"class_list":["post-37653","post","type-post","status-publish","format-standard","has-post-thumbnail","hentry","category-attualita"],"rttpg_featured_image_url":{"full":["https:\/\/imagazine.it\/wp-content\/uploads\/2024\/01\/37963-1.webp",1600,1200,false],"landscape":["https:\/\/imagazine.it\/wp-content\/uploads\/2024\/01\/37963-1.webp",1600,1200,false],"portraits":["https:\/\/imagazine.it\/wp-content\/uploads\/2024\/01\/37963-1.webp",1600,1200,false],"thumbnail":["https:\/\/imagazine.it\/wp-content\/uploads\/2024\/01\/37963-1-150x150.webp",150,150,true],"medium":["https:\/\/imagazine.it\/wp-content\/uploads\/2024\/01\/37963-1-300x225.webp",300,225,true],"large":["https:\/\/imagazine.it\/wp-content\/uploads\/2024\/01\/37963-1-1024x768.webp",640,480,true],"thumblist":["https:\/\/imagazine.it\/wp-content\/uploads\/2024\/01\/37963-1.webp",300,225,false],"thumbrelated":["https:\/\/imagazine.it\/wp-content\/uploads\/2024\/01\/37963-1.webp",500,375,false],"meccarouselthumb":["https:\/\/imagazine.it\/wp-content\/uploads\/2024\/01\/37963-1.webp",432,324,false],"gridsquare":["https:\/\/imagazine.it\/wp-content\/uploads\/2024\/01\/37963-1.webp",347,260,false],"tileview":["https:\/\/imagazine.it\/wp-content\/uploads\/2024\/01\/37963-1.webp",300,225,false],"1536x1536":["https:\/\/imagazine.it\/wp-content\/uploads\/2024\/01\/37963-1-1536x1152.webp",1536,1152,true],"2048x2048":["https:\/\/imagazine.it\/wp-content\/uploads\/2024\/01\/37963-1.webp",1600,1200,false],"newsup-slider-full":["https:\/\/imagazine.it\/wp-content\/uploads\/2024\/01\/37963-1-1280x720.webp",1280,720,true],"newsup-featured":["https:\/\/imagazine.it\/wp-content\/uploads\/2024\/01\/37963-1-1024x768.webp",1024,768,true],"newsup-medium":["https:\/\/imagazine.it\/wp-content\/uploads\/2024\/01\/37963-1-720x380.webp",720,380,true],"tptn_thumbnail":["https:\/\/imagazine.it\/wp-content\/uploads\/2024\/01\/37963-1.webp",250,188,false],"sow-carousel-default":["https:\/\/imagazine.it\/wp-content\/uploads\/2024\/01\/37963-1-272x182.webp",272,182,true]},"rttpg_author":{"display_name":"Livio Nonis","author_link":"https:\/\/imagazine.it\/home_desk\/author\/nonis\/"},"rttpg_comment":0,"rttpg_category":"<a href=\"https:\/\/imagazine.it\/home_desk\/category\/attualita\/\" rel=\"category tag\">ATTUALIT\u00c0<\/a>","rttpg_excerpt":"Indetta la gara per l'aggiudicazione dei lavori","_links":{"self":[{"href":"https:\/\/imagazine.it\/home_desk\/wp-json\/wp\/v2\/posts\/37653","targetHints":{"allow":["GET"]}}],"collection":[{"href":"https:\/\/imagazine.it\/home_desk\/wp-json\/wp\/v2\/posts"}],"about":[{"href":"https:\/\/imagazine.it\/home_desk\/wp-json\/wp\/v2\/types\/post"}],"author":[{"embeddable":true,"href":"https:\/\/imagazine.it\/home_desk\/wp-json\/wp\/v2\/users\/22"}],"replies":[{"embeddable":true,"href":"https:\/\/imagazine.it\/home_desk\/wp-json\/wp\/v2\/comments?post=37653"}],"version-history":[{"count":0,"href":"https:\/\/imagazine.it\/home_desk\/wp-json\/wp\/v2\/posts\/37653\/revisions"}],"wp:featuredmedia":[{"embeddable":true,"href":"https:\/\/imagazine.it\/home_desk\/wp-json\/wp\/v2\/media\/37654"}],"wp:attachment":[{"href":"https:\/\/imagazine.it\/home_desk\/wp-json\/wp\/v2\/media?parent=37653"}],"wp:term":[{"taxonomy":"category","embeddable":true,"href":"https:\/\/imagazine.it\/home_desk\/wp-json\/wp\/v2\/categories?post=37653"},{"taxonomy":"post_tag","embeddable":true,"href":"https:\/\/imagazine.it\/home_desk\/wp-json\/wp\/v2\/tags?post=37653"}],"curies":[{"name":"wp","href":"https:\/\/api.w.org\/{rel}","templated":true}]}}