{"id":37645,"date":"2021-01-22T00:00:00","date_gmt":"2021-01-21T23:00:00","guid":{"rendered":"https:\/\/imagazine.it\/?p=37645"},"modified":"2021-01-22T00:00:00","modified_gmt":"2021-01-21T23:00:00","slug":"gli-studenti-ditalia-in-gita-ad-aquileia-con-la-mappa-parlante","status":"publish","type":"post","link":"https:\/\/imagazine.it\/home_desk\/gli-studenti-ditalia-in-gita-ad-aquileia-con-la-mappa-parlante\/","title":{"rendered":"Gli studenti d&#8217;Italia in gita ad Aquileia con la &#8220;Mappa Parlante&#8221;"},"content":{"rendered":"<p>Marted\u00ec 26 gennaio e mercoled\u00ec 3 febbraio, alle ore 17, nel corso di due webinar sulla piattaforma Zoom dedicati agli insegnanti delle scuole primarie e secondarie di tutta Italia, verr\u00e0 presentato il <em><a href=\"https:\/\/youtu.be\/62nce3rT1LU\" target=\"_blank\" rel=\"noopener\"><span style=\"color:#0000ff;\"><strong>nuovo progetto di visite didattiche a distanza del sito Unesco di Aquileia<\/strong><\/span><\/a><\/em> promosso da Fondazione Aquileia e Regione Friuli Venezia Giulia e ideato da Fondazione Radio Magica.<\/p>\n<p>L\u2019iniziativa offre la possibilit\u00e0 a scuole primarie e secondarie del Friuli Venezia Giulia di usufruire<strong> gratuitamente<\/strong> di <strong>100 visite guidate on line e 10 laboratori<\/strong>.<\/p>\n<p>\u00abLa pandemia da Covid-19 \u2013 rileva l\u2019assessore regionale alla Cultura e allo Sport, <strong>Tiziana Gibelli <\/strong>\u2013 ha, di fatto, bloccato tutte le gite e le iniziative culturali organizzate da e per le scuole. Una circostanza che ha indubbiamente segnato bambini e ragazzi, perch\u00e9 la cultura \u00e8 una parte fondamentale della vita di ognuno di noi. Per questo ci tengo a ringraziare tutti gli organizzatori della manifestazione\u00a0<em>Andiamo in gita ad Aquileia con la Mappa Parlante<\/em>, perch\u00e9 grazie alla tecnologia consentono alle classi partecipanti di vivere l\u2019esperienza di una vera e propria visita ad Aquileia. In questo modo i ragazzi non solo scopriranno virtualmente i luoghi che hanno segnato la nostra storia, ma saranno anche stimolati ad andare a visitarli dal vivo con le loro famiglie\u00bb.<\/p>\n<p>\u00abSe gli studenti non vanno ad Aquileia, sar\u00e0 Aquileia ad andare dagli studenti \u2013 scandisce l\u2019assessore regionale all\u2019Istruzione,<strong> Alessia Rosolen<\/strong> \u2013 \u00e8 chiaro che questa formula non sostituisce i viaggi d\u2019istruzione in termini assoluti, ma consente di approfondire la conoscenza di una delle citt\u00e0 pi\u00f9 grandi dell\u2019Impero Romano, proprio qui, in Friuli Venezia Giulia. In realt\u00e0, la pandemia pu\u00f2 costituire la scintilla per esplorare un modo innovativo di fare turismo, soprattutto didattico, introducendo percorsi di realt\u00e0 aumentata e realt\u00e0 virtuale. Tecnologia e digitalizzazione, se usate in modo complementare e non sostitutivo rispetto ai viaggi reali, potranno rivelarsi alleate preziose nel percorso di crescita e di maturazione dei ragazzi. C\u2019\u00e8, infine, un aspetto fondamentale su cui mi preme porre l\u2019accento: \u00e8 importante che i ragazzi riscoprano l\u2019orgoglio della propria identit\u00e0 territoriale e regionale. Questa \u00e8 una terra ricchissima anche sotto il profilo storico. \u00c8 doveroso trasmettere i valori della nostra storia ai ragazzi\u00bb.<\/p>\n<p>Le visite si svolgeranno con l\u2019intervento di esperti e attori, con l\u2019ausilio di materiale multimediale e il supporto della Mappa Parlante di Aquileia che verr\u00e0 spedita alle classi che si prenoteranno.<\/p>\n<p>In particolare sono disponibili\u00a0 per le scuole primarie e secondarie di primo grado <strong>50 visite guidate on line ai luoghi simbolo del sito Unesco <\/strong>con la Mappa Parlante condotte da un\u2019esperta, <strong>50 visite teatralizzate on line <\/strong>per scoprire la storia e le tradizioni della citt\u00e0 dialogando con un personaggio realmente vissuto ad Aquileia\u00a0 interpretato da un attore (Imperatore Augusto, console e co-fondatore della citt\u00e0 Titus Annius, matrona Aratria Galla) e in compagnia di un\u2019esperta e per le scuole secondarie di secondo grado <strong>10 incontri on line intitolati \u201cLa bottega del lapicida\u201d<\/strong>, condotti da un\u2019archeologa, alla scoperta del mestiere dell\u2019epigrafista a partire dalle iscrizioni presenti nelle Gallerie lapidarie del Museo Archeologico Nazionale.<\/p>\n<p><img decoding=\"async\" alt=\"\" src=\"\/ckeditor_assets\/pictures\/1221\/content_mappa_parlante_150dpi.jpg\" style=\"width: 600px; height: 832px;\" title=\"\"><\/p>\n<p>\u00abCon questa iniziativa \u2013 sottolinea <strong>Emanuele Zorino<\/strong>, sindaco di Aquileia e presidente facente funzioni della Fondazione Aquileia \u2013 la citt\u00e0 apre le porte alle scuole anche se a distanza. In tempi di restrizioni dovute alla pandemia che impediscono le visite didattiche, abbiamo voluto mantenere vivo il legame tra Aquileia e il mondo della scuola mettendo a disposizione una proposta nuova per passeggiare nella storia dell\u2019antica citt\u00e0 e incontrare uomini e donne del passato. L\u2019auspicio \u00e8 che in un futuro, speriamo molto prossimo, questi nuovi strumenti didattici possano essere utili agli insegnanti anche in fase di preparazione alla visita vera e propria\u00bb.<\/p>\n<p><strong>Gli incontri on line sono rivolti a singole classi e inizieranno il 19 febbraio. La durata della singola visita \u00e8 di un\u2019ora.<\/strong><\/p>\n<p><strong>Gli insegnanti possono iscriversi al webinar di presentazione compilando il modulo sul sito <\/strong><em><a href=\"http:\/\/www.radiomagica.org\/\" target=\"_blank\" rel=\"noopener\"><span style=\"color:#0000ff;\"><strong>www.radiomagica.org<\/strong><\/span><\/a><\/em><strong> o inviando <\/strong>un\u2019email con la data scelta (26 gennaio oppure 3 febbraio dalle 17 alle 18) a <a href=\"mailto:redazione@fondazione.org\">redazione@fondazione.org<\/a> indicando nell\u2019oggetto \u201cWEBINAR AQUILEIA\u201d. Verr\u00e0 inviata e-mail di conferma con link per il collegamento.<\/p>\n<p><a href=\"http:\/\/imagazinevideotruck.it\/outlet\/relink_euro.html\" target=\"_top\" rel=\"noopener\"><img loading=\"lazy\" decoding=\"async\" align=\"LEFT\" height=\"250\" src=\"http:\/\/imagazinevideotruck.it\/outlet\/euromobili_banner_art.jpg\" width=\"300\" alt=\"\" title=\"\"><\/a><\/p>\n<p>\u00a0<\/p>\n<p>\u00a0<\/p>\n<p>\u00a0<\/p>\n<p>\u00a0<\/p>\n<p>\u00a0<\/p>\n<p>\u00a0<\/p>\n<p>\u00a0<\/p>\n<p>\u00a0<\/p>\n<p>\u00a0<\/p>\n<p><strong>Per iscrivere la classe alle gite gratuite on line<\/strong> <strong>dal 27 gennaio<\/strong> \u00e8 possibile telefonare al numero <strong>0432 558465<\/strong> (dalle 10 alle 12) dopo aver consultato il Calendario Visite su <em><a href=\"http:\/\/www.radiomagica.org\/offerta-formativa\" target=\"_blank\" rel=\"noopener\"><span style=\"color:#0000ff;\">www.radiomagica.org\/offerta-formativa<\/span><\/a><\/em>. Le gite saranno assegnate in ordine di prenotazione secondo criteri di equa distribuzione territoriale fino ad esaurimento dei posti disponibili. Ogni scuola pu\u00f2 prenotare fino a tre incontri. Per ulteriori prenotazioni contattare fondazione@radiomagica.org.<\/p>\n<p>Il progetto \u00e8 sostenuto da Assessorato alla Cultura e dell\u2019Assessorato all\u2019Istruzione della Regione Friuli Venezia Giulia e della collaborazione del Comune di Aquileia, della Direzione Regionale Musei FVG &#8211; Museo Archeologico Nazionale di Aquileia, della Societ\u00e0 per la Conservazione della Basilica di Aquileia, di PromoTurismoFvg e della Soprintendenza Archeologia Belle Arti Paesaggio del Fvg.<\/p>\n","protected":false},"excerpt":{"rendered":"<p>Due webinar di presentazione<\/p>\n","protected":false},"author":28,"featured_media":37646,"comment_status":"closed","ping_status":"closed","sticky":false,"template":"","format":"standard","meta":{"dwc-title":[],"dwc-content":[],"footnotes":""},"categories":[8],"tags":[],"class_list":["post-37645","post","type-post","status-publish","format-standard","has-post-thumbnail","hentry","category-turismo"],"rttpg_featured_image_url":{"full":["https:\/\/imagazine.it\/wp-content\/uploads\/2024\/01\/37948-1.webp",1000,667,false],"landscape":["https:\/\/imagazine.it\/wp-content\/uploads\/2024\/01\/37948-1.webp",1000,667,false],"portraits":["https:\/\/imagazine.it\/wp-content\/uploads\/2024\/01\/37948-1.webp",1000,667,false],"thumbnail":["https:\/\/imagazine.it\/wp-content\/uploads\/2024\/01\/37948-1-150x150.webp",150,150,true],"medium":["https:\/\/imagazine.it\/wp-content\/uploads\/2024\/01\/37948-1-300x200.webp",300,200,true],"large":["https:\/\/imagazine.it\/wp-content\/uploads\/2024\/01\/37948-1.webp",640,427,false],"thumblist":["https:\/\/imagazine.it\/wp-content\/uploads\/2024\/01\/37948-1.webp",300,200,false],"thumbrelated":["https:\/\/imagazine.it\/wp-content\/uploads\/2024\/01\/37948-1.webp",500,334,false],"meccarouselthumb":["https:\/\/imagazine.it\/wp-content\/uploads\/2024\/01\/37948-1.webp",474,316,false],"gridsquare":["https:\/\/imagazine.it\/wp-content\/uploads\/2024\/01\/37948-1.webp",391,260,false],"tileview":["https:\/\/imagazine.it\/wp-content\/uploads\/2024\/01\/37948-1.webp",300,200,false],"1536x1536":["https:\/\/imagazine.it\/wp-content\/uploads\/2024\/01\/37948-1.webp",1000,667,false],"2048x2048":["https:\/\/imagazine.it\/wp-content\/uploads\/2024\/01\/37948-1.webp",1000,667,false],"newsup-slider-full":["https:\/\/imagazine.it\/wp-content\/uploads\/2024\/01\/37948-1.webp",1000,667,false],"newsup-featured":["https:\/\/imagazine.it\/wp-content\/uploads\/2024\/01\/37948-1.webp",1000,667,false],"newsup-medium":["https:\/\/imagazine.it\/wp-content\/uploads\/2024\/01\/37948-1-720x380.webp",720,380,true],"tptn_thumbnail":["https:\/\/imagazine.it\/wp-content\/uploads\/2024\/01\/37948-1.webp",250,167,false],"sow-carousel-default":["https:\/\/imagazine.it\/wp-content\/uploads\/2024\/01\/37948-1-272x182.webp",272,182,true]},"rttpg_author":{"display_name":"redazione","author_link":"https:\/\/imagazine.it\/home_desk\/author\/redazione\/"},"rttpg_comment":0,"rttpg_category":"<a href=\"https:\/\/imagazine.it\/home_desk\/category\/turismo\/\" rel=\"category tag\">TURISMO<\/a>","rttpg_excerpt":"Due webinar di presentazione","_links":{"self":[{"href":"https:\/\/imagazine.it\/home_desk\/wp-json\/wp\/v2\/posts\/37645","targetHints":{"allow":["GET"]}}],"collection":[{"href":"https:\/\/imagazine.it\/home_desk\/wp-json\/wp\/v2\/posts"}],"about":[{"href":"https:\/\/imagazine.it\/home_desk\/wp-json\/wp\/v2\/types\/post"}],"author":[{"embeddable":true,"href":"https:\/\/imagazine.it\/home_desk\/wp-json\/wp\/v2\/users\/28"}],"replies":[{"embeddable":true,"href":"https:\/\/imagazine.it\/home_desk\/wp-json\/wp\/v2\/comments?post=37645"}],"version-history":[{"count":0,"href":"https:\/\/imagazine.it\/home_desk\/wp-json\/wp\/v2\/posts\/37645\/revisions"}],"wp:featuredmedia":[{"embeddable":true,"href":"https:\/\/imagazine.it\/home_desk\/wp-json\/wp\/v2\/media\/37646"}],"wp:attachment":[{"href":"https:\/\/imagazine.it\/home_desk\/wp-json\/wp\/v2\/media?parent=37645"}],"wp:term":[{"taxonomy":"category","embeddable":true,"href":"https:\/\/imagazine.it\/home_desk\/wp-json\/wp\/v2\/categories?post=37645"},{"taxonomy":"post_tag","embeddable":true,"href":"https:\/\/imagazine.it\/home_desk\/wp-json\/wp\/v2\/tags?post=37645"}],"curies":[{"name":"wp","href":"https:\/\/api.w.org\/{rel}","templated":true}]}}