{"id":37641,"date":"2021-01-22T00:00:00","date_gmt":"2021-01-21T23:00:00","guid":{"rendered":"https:\/\/imagazine.it\/?p=37641"},"modified":"2021-01-22T00:00:00","modified_gmt":"2021-01-21T23:00:00","slug":"cividale-diventa-comune-turistico-e-citta-darte","status":"publish","type":"post","link":"https:\/\/imagazine.it\/home_desk\/cividale-diventa-comune-turistico-e-citta-darte\/","title":{"rendered":"Cividale diventa Comune turistico e Citt\u00e0 d\u2019arte"},"content":{"rendered":"<p>Con una recente lettera l\u2019assessore regionale alla cultura, <strong>Tiziana Gibelli<\/strong>, ha comunicato il riconoscimento di Cividale del Friuli quale Comune turistico e Citt\u00e0 d&#39;arte e ci\u00f2 grazie alla presenza in citt\u00e0 di un sito regionale culturale UNESCO. \u00a0<\/p>\n<p>Entrata in vigore lo scorso 7 gennaio, la L.R. n. 25\/2020 all\u2019art. 6, comma 1, dispone che \u201c<em>I Comuni nel cui territorio insiste un sito regionale culturale UNESCO, ai sensi della legge regionale 25 luglio 2019, n. 11 (Misure di sostegno a favore del patrimonio regionale inserito nella lista del patrimonio mondiale posto sotto la tutela dell&#39;UNESCO), sono riconosciuti Comuni turistici e Citt\u00e0 d&#39;arte, ai fini dell&#39;applicazione della relativa normativa nazionale o regionale<\/em>\u201d.<\/p>\n<p>Tale riconoscimento, previsto dalla normativa regionale, si inserisce quale ulteriore sostegno per garantire la massima conservazione, valorizzazione e fruizione del patrimonio culturale sito sul territorio regionale e posto sotto la tutela dell&#39;Organizzazione delle Nazioni Unite per l&#39;educazione, la scienza e la cultura (UNESCO).<\/p>\n<p><a href=\"http:\/\/imagazinevideotruck.it\/outlet\/relink.html\" target=\"_top\" rel=\"noopener\"><img loading=\"lazy\" decoding=\"async\" align=\"LEFT\" height=\"250\" src=\"http:\/\/imagazinevideotruck.it\/outlet\/outlet30.gif\" width=\"300\" alt=\"\" title=\"\"><\/a><\/p>\n<p>\u00a0<\/p>\n<p>\u00a0<\/p>\n<p>\u00a0<\/p>\n<p>\u00a0<\/p>\n<p>\u00a0<\/p>\n<p>\u00a0<\/p>\n<p>\u00a0<\/p>\n<p>\u00a0<\/p>\n<p>\u00a0<\/p>\n<p>&#8220;Questo riconoscimento \u2013 commenta il sindaco <strong>Daniela Bernardi<\/strong> \u2013 significa molto per la citt\u00e0 e premia il lavoro di tutela e valorizzazione del patrimonio storico-artistico-architettonico portato avanti da tutti gli Enti che a Cividale gestiscono eccezionali beni culturali tutelati dall\u2019Unesco. Rappresenta un\u2019ulteriore occasione di sviluppo turistico ed economico per la nostra comunit\u00e0&#8221;.<\/p>\n<p>\u201cHo appreso la notizia con grande entusiasmo \u2013 dichiara l\u2019assessore al turismo<strong> Giuseppe Ruolo <\/strong>\u2013; questo \u00e8 un riconoscimento di tutto il lavoro fatto negli anni a partire dall\u2019amministrazione Vuga e da quella Balloch. Questo risultato ci responsabilizza ancor di pi\u00f9 nel trovare le giuste strategie da mettere in campo per valorizzare maggiormente la citt\u00e0 in sinergia con l\u2019amministrazione regionale e con tutti gli enti a ci\u00f2 preposti\u201d.<\/p>\n","protected":false},"excerpt":{"rendered":"<p>Riconoscimento da parte della Regione<\/p>\n","protected":false},"author":28,"featured_media":37642,"comment_status":"closed","ping_status":"closed","sticky":false,"template":"","format":"standard","meta":{"dwc-title":[],"dwc-content":[],"footnotes":""},"categories":[8],"tags":[],"class_list":["post-37641","post","type-post","status-publish","format-standard","has-post-thumbnail","hentry","category-turismo"],"rttpg_featured_image_url":{"full":["https:\/\/imagazine.it\/wp-content\/uploads\/2024\/01\/37944-1.webp",800,555,false],"landscape":["https:\/\/imagazine.it\/wp-content\/uploads\/2024\/01\/37944-1.webp",800,555,false],"portraits":["https:\/\/imagazine.it\/wp-content\/uploads\/2024\/01\/37944-1.webp",800,555,false],"thumbnail":["https:\/\/imagazine.it\/wp-content\/uploads\/2024\/01\/37944-1-150x150.webp",150,150,true],"medium":["https:\/\/imagazine.it\/wp-content\/uploads\/2024\/01\/37944-1-300x208.webp",300,208,true],"large":["https:\/\/imagazine.it\/wp-content\/uploads\/2024\/01\/37944-1.webp",640,444,false],"thumblist":["https:\/\/imagazine.it\/wp-content\/uploads\/2024\/01\/37944-1.webp",300,208,false],"thumbrelated":["https:\/\/imagazine.it\/wp-content\/uploads\/2024\/01\/37944-1.webp",500,347,false],"meccarouselthumb":["https:\/\/imagazine.it\/wp-content\/uploads\/2024\/01\/37944-1.webp",467,324,false],"gridsquare":["https:\/\/imagazine.it\/wp-content\/uploads\/2024\/01\/37944-1.webp",375,260,false],"tileview":["https:\/\/imagazine.it\/wp-content\/uploads\/2024\/01\/37944-1.webp",300,208,false],"1536x1536":["https:\/\/imagazine.it\/wp-content\/uploads\/2024\/01\/37944-1.webp",800,555,false],"2048x2048":["https:\/\/imagazine.it\/wp-content\/uploads\/2024\/01\/37944-1.webp",800,555,false],"newsup-slider-full":["https:\/\/imagazine.it\/wp-content\/uploads\/2024\/01\/37944-1.webp",800,555,false],"newsup-featured":["https:\/\/imagazine.it\/wp-content\/uploads\/2024\/01\/37944-1.webp",800,555,false],"newsup-medium":["https:\/\/imagazine.it\/wp-content\/uploads\/2024\/01\/37944-1-720x380.webp",720,380,true],"tptn_thumbnail":["https:\/\/imagazine.it\/wp-content\/uploads\/2024\/01\/37944-1.webp",250,173,false],"sow-carousel-default":["https:\/\/imagazine.it\/wp-content\/uploads\/2024\/01\/37944-1-272x182.webp",272,182,true]},"rttpg_author":{"display_name":"redazione","author_link":"https:\/\/imagazine.it\/home_desk\/author\/redazione\/"},"rttpg_comment":0,"rttpg_category":"<a href=\"https:\/\/imagazine.it\/home_desk\/category\/turismo\/\" rel=\"category tag\">TURISMO<\/a>","rttpg_excerpt":"Riconoscimento da parte della Regione","_links":{"self":[{"href":"https:\/\/imagazine.it\/home_desk\/wp-json\/wp\/v2\/posts\/37641","targetHints":{"allow":["GET"]}}],"collection":[{"href":"https:\/\/imagazine.it\/home_desk\/wp-json\/wp\/v2\/posts"}],"about":[{"href":"https:\/\/imagazine.it\/home_desk\/wp-json\/wp\/v2\/types\/post"}],"author":[{"embeddable":true,"href":"https:\/\/imagazine.it\/home_desk\/wp-json\/wp\/v2\/users\/28"}],"replies":[{"embeddable":true,"href":"https:\/\/imagazine.it\/home_desk\/wp-json\/wp\/v2\/comments?post=37641"}],"version-history":[{"count":0,"href":"https:\/\/imagazine.it\/home_desk\/wp-json\/wp\/v2\/posts\/37641\/revisions"}],"wp:featuredmedia":[{"embeddable":true,"href":"https:\/\/imagazine.it\/home_desk\/wp-json\/wp\/v2\/media\/37642"}],"wp:attachment":[{"href":"https:\/\/imagazine.it\/home_desk\/wp-json\/wp\/v2\/media?parent=37641"}],"wp:term":[{"taxonomy":"category","embeddable":true,"href":"https:\/\/imagazine.it\/home_desk\/wp-json\/wp\/v2\/categories?post=37641"},{"taxonomy":"post_tag","embeddable":true,"href":"https:\/\/imagazine.it\/home_desk\/wp-json\/wp\/v2\/tags?post=37641"}],"curies":[{"name":"wp","href":"https:\/\/api.w.org\/{rel}","templated":true}]}}