{"id":37629,"date":"2021-01-21T00:00:00","date_gmt":"2021-01-20T23:00:00","guid":{"rendered":"https:\/\/imagazine.it\/?p=37629"},"modified":"2021-01-21T00:00:00","modified_gmt":"2021-01-20T23:00:00","slug":"trivignano-la-pandemia-non-ferma-lattivita-della-biblioteca","status":"publish","type":"post","link":"https:\/\/imagazine.it\/home_desk\/trivignano-la-pandemia-non-ferma-lattivita-della-biblioteca\/","title":{"rendered":"Trivignano, la pandemia non ferma l&#8217;attivit\u00e0 della Biblioteca"},"content":{"rendered":"<p>Il primo Decreto ministeriale che ha introdotto misure urgenti in materia di contenimento e gestione dell\u2019emergenza epidemiologica da COVID aveva imposto la chiusura delle biblioteche.<\/p>\n<p>Dallo scorso mese di marzo, tutte le attivit\u00e0 collegate hanno subito pesanti ripercussioni.<\/p>\n<p>Il Sistema InBiblio, a cui partecipa il Comune di <strong>Trivignano Udinese<\/strong>, si \u00e8 per\u00f2 attivato dando la possibilit\u00e0 all\u2019utenza che lo desidera di iscriversi a <em>Media Library OnLine<\/em>, la piattaforma digitale che permette il prestito di eBook, quotidiani, riviste e contenuti multimediali.<\/p>\n<p>Visto il periodo il servizio ha ottenuto gran successo e per questo il Sistema bibliotecario ha incrementato il patrimonio digitale per dare maggiore offerta di mese in mese.<\/p>\n<p>In seguito al DPCM di fine aprile che permetteva la riapertura dei luoghi della cultura in data 18 maggio anche la biblioteca di Trivignano Udinese ha ripreso le proprie funzioni introducendo <strong>Marzia Liberale<\/strong> come bibliotecaria in questa realt\u00e0.<\/p>\n<p>L\u2019orario di apertura al pubblico \u00e8 stato modificato e tutt\u2019ora \u00e8 il seguente: luned\u00ec 10-13, mercoled\u00ec 14-19.<\/p>\n<p>Ecco i dati dell\u2019anno 2020: con 8 ore di apertura settimanale la biblioteca ha visto un totale di 115 presenze. Da considerare che questa informazione si desume dai fogli presenza cartacei compilati da fine maggio.<\/p>\n<p>Le richieste di iscrizione totali sono state 13, di cui 2 Enti (un\u2019iscrizione per la scuola dell\u2019infanzia e una per la scuola primaria per permettere il prestito), 8 adulti (6 donne, 2 uomini) e 3 minorenni (1 bambina, 2 bambini), e gli utenti attivi risultano essere 49.<\/p>\n<p>Il totale dei prestiti effettuati al 31 dicembre 2020 \u00e8 pari a 342, di cui 308 del patrimonio librario della biblioteca, 1 prestito interbibliotecario (libri richiesti da biblioteche non aderenti al Sistema di appartenenza) e 33 riserve a biblioteche del Sistema InBiblio. La nostra biblioteca ha richiesto un totale di 40 libri ad altre biblioteche InBiblio.<\/p>\n<p>Lo scambio dei libri tra biblioteche del Sistema bibliotecario a cui apparteniamo \u00e8 garantito da un passaggio settimanale e permette di richiedere e far arrivare volumi anche da altre realt\u00e0 territorialmente vicine.<\/p>\n<p>Da maggio 2020 sono state inventariate 240 nuove schede: 164 i libri acquistati e inventariati, 37 donazioni accertate e 39 libri non precedentemente catalogati e inseriti in Bw5.\u00a0<\/p>\n<p>Durante l\u2019anno vi \u00e8 stato un sensibile incremento di novit\u00e0 editoriali dovute all\u2019acquisto effettuato dal Comune per aiutare le editorie locali e dal contributo a sostegno del libro e della filiera dell\u2019editoria libraria ricevuto attraverso la richiesta al Ministero per i beni e le attivit\u00e0 culturali e per il turismo. Questo ha permesso di arricchire maggiormente le proposte per i pi\u00f9 piccoli, scegliendo tra i cataloghi a loro dedicati i libri che in questi ultimi anni sono stati valutati i migliori (come da progetto Nati per Leggere, lista Irrinunciabili, rivista Andersen&#8230;) e di colmare dei vuoti riguardo a libri molto richiesti che non facevano parte del patrimonio librario.<\/p>\n<p>La dotazione documentaria totale \u00e8 di 8.363 unit\u00e0 disponibili, il numero di inventario al 2020 ha raggiunto il numero di 10.408. Da ricordare che quest\u2019ultimo prosegue indipendentemente da scarti e irreperibilit\u00e0 di materiale<\/p>\n<p>Nonostante la singolarit\u00e0 di quest\u2019anno che ha scardinato gli equilibri soprattutto con l\u2019utenza \u00e8 stato possibile raggiungere pi\u00f9 velocemente obiettivi che i dirigenti locali si erano prefissati ed in particolare sono riusciti a concludere le seguenti mansioni: la \u00a0catalogazione della totalit\u00e0 dei libri acquistati durante l\u2019anno; la sistemazione della collocazione della sala bambini\/ragazzi, dividendo il patrimonio per fasce d&#39;et\u00e0 in maniera che risulti facilmente fruibile all&#39;utenza (in particolare si \u00e8 creata una sezione PRIME LETTURE, distinguendo i libri in grassetto e corsivo per i pi\u00f9 piccoli); la sistemazione delle scaffalature di narrativa e libri per adulti; l\u2019aggiornamento e confronto con le biblioteche del Sistema riguardo alla situazione attuale e la compilazione di richiesta dati per la domanda di contributo InBiblio per l&#39;anno 2021; la compilazione Simonlib per l&#39;anno 2019 (Simonlib \u00e8 un questionario annuale redatto dalla Direzione centrale Cultura e Sport della Regione FVG utile a rilevare le qualit\u00e0 dei servizi offerti e le attivit\u00e0 svolte dalle biblioteche); l\u2019organizzazione del prestito alle scuole: durante gli ultimi mesi dell\u2019anno sono state svolte alcune attivit\u00e0 presso la scuola primaria comunale che ha visto il supporto della biblioteca.<\/p>\n<p><a href=\"http:\/\/imagazinevideotruck.it\/outlet\/relink.html\" target=\"_top\" rel=\"noopener\"><img loading=\"lazy\" decoding=\"async\" align=\"LEFT\" height=\"250\" src=\"http:\/\/imagazinevideotruck.it\/outlet\/outlet30.gif\" width=\"300\" alt=\"\" title=\"\"><\/a><\/p>\n<p>\u00a0<\/p>\n<p>\u00a0<\/p>\n<p>\u00a0<\/p>\n<p>\u00a0<\/p>\n<p>\u00a0<\/p>\n<p>\u00a0<\/p>\n<p>\u00a0<\/p>\n<p>\u00a0<\/p>\n<p>\u00a0<\/p>\n<p>Nello specifico per l&#39;organizzazione dell&#39;intervento LA TANA DEI LIBRI, pensata dall&#39;Associazione 0432 per le classi 2^ e 3^ e facente parte delle proposte del Progetto Crescere Leggendo (progetto regionale per la promozione alla lettura 0-18), la biblioteca si \u00e8 resa disponibile, dopo un confronto, a prestare dei libri perch\u00e9 i bambini potessero consultarli. La bibliotecaria ha personalmente selezionato i titoli che sono piaciuti molto ai bambini tanto che ne hanno richiesto il prestito. Dopo un nostro confronto con l&#39;assessore all&#39;Istruzione, <strong>Daniele Cocetta<\/strong>, \u00e8 stato deciso di poter attivare il servizio di prestito dedicato alle Scuole.<\/p>\n<p>Tra gli eventi in presenza da segnalare l\u2019organizzazione dell\u2019incontro di narrazione dal titolo ANCHE IL CHIODO HA UNA TESTA. STORIE DI SCATOLE, COSE E GIOCATTOLI a cui hanno partecipato le classi 1^ e 2^ della scuola primaria comunale. L\u2019evento proposto si inseriva all\u2019interno dell\u2019evento\/contenitore \u201c100 cortili per Gianni Rodari\u201d, promosso dal progetto Leggiamo 0-18 per festeggiare i 100 anni dalla nascita dell\u2019autore, con il sostegno degli Assessorati alla Cultura e alla Istruzione.<\/p>\n<p>Inoltre, collaborando con l\u2019assessore alla Cultura con delega alla Biblioteca, <strong>Vanessa Colosetti<\/strong>, \u00e8 stato realizzato in ottobre l\u2019evento di presentazione del libro \u201cIl Fiume a Bordo \u201c Edizione Bottega Errante, con l\u2019intervento degli autori <strong>Angelo Floramo<\/strong>, <strong>Mauro Daltin<\/strong> e <strong>Alessandro Venier<\/strong>, con letture a cura dell\u2019attrice professionista <strong>Carla Manzon<\/strong>, presso l\u2019Azienda Agricola Ariis di Clauiano, che ha riscosso successo di pubblico; tra gli ospiti anche l\u2019assessore alla Cultura del Comune di Udine, <strong>Fabrizio Cigolot<\/strong>.<\/p>\n","protected":false},"excerpt":{"rendered":"<p>Nuove opportunit\u00e0 con il digitale<\/p>\n","protected":false},"author":22,"featured_media":37630,"comment_status":"closed","ping_status":"closed","sticky":false,"template":"","format":"standard","meta":{"dwc-title":[],"dwc-content":[],"footnotes":""},"categories":[37],"tags":[],"class_list":["post-37629","post","type-post","status-publish","format-standard","has-post-thumbnail","hentry","category-cultura-e-spettacolo"],"rttpg_featured_image_url":{"full":["https:\/\/imagazine.it\/wp-content\/uploads\/2024\/01\/37933-1.webp",1600,1200,false],"landscape":["https:\/\/imagazine.it\/wp-content\/uploads\/2024\/01\/37933-1.webp",1600,1200,false],"portraits":["https:\/\/imagazine.it\/wp-content\/uploads\/2024\/01\/37933-1.webp",1600,1200,false],"thumbnail":["https:\/\/imagazine.it\/wp-content\/uploads\/2024\/01\/37933-1-150x150.webp",150,150,true],"medium":["https:\/\/imagazine.it\/wp-content\/uploads\/2024\/01\/37933-1-300x225.webp",300,225,true],"large":["https:\/\/imagazine.it\/wp-content\/uploads\/2024\/01\/37933-1-1024x768.webp",640,480,true],"thumblist":["https:\/\/imagazine.it\/wp-content\/uploads\/2024\/01\/37933-1.webp",300,225,false],"thumbrelated":["https:\/\/imagazine.it\/wp-content\/uploads\/2024\/01\/37933-1.webp",500,375,false],"meccarouselthumb":["https:\/\/imagazine.it\/wp-content\/uploads\/2024\/01\/37933-1.webp",432,324,false],"gridsquare":["https:\/\/imagazine.it\/wp-content\/uploads\/2024\/01\/37933-1.webp",347,260,false],"tileview":["https:\/\/imagazine.it\/wp-content\/uploads\/2024\/01\/37933-1.webp",300,225,false],"1536x1536":["https:\/\/imagazine.it\/wp-content\/uploads\/2024\/01\/37933-1-1536x1152.webp",1536,1152,true],"2048x2048":["https:\/\/imagazine.it\/wp-content\/uploads\/2024\/01\/37933-1.webp",1600,1200,false],"newsup-slider-full":["https:\/\/imagazine.it\/wp-content\/uploads\/2024\/01\/37933-1-1280x720.webp",1280,720,true],"newsup-featured":["https:\/\/imagazine.it\/wp-content\/uploads\/2024\/01\/37933-1-1024x768.webp",1024,768,true],"newsup-medium":["https:\/\/imagazine.it\/wp-content\/uploads\/2024\/01\/37933-1-720x380.webp",720,380,true],"tptn_thumbnail":["https:\/\/imagazine.it\/wp-content\/uploads\/2024\/01\/37933-1.webp",250,188,false],"sow-carousel-default":["https:\/\/imagazine.it\/wp-content\/uploads\/2024\/01\/37933-1-272x182.webp",272,182,true]},"rttpg_author":{"display_name":"Livio Nonis","author_link":"https:\/\/imagazine.it\/home_desk\/author\/nonis\/"},"rttpg_comment":0,"rttpg_category":"<a href=\"https:\/\/imagazine.it\/home_desk\/category\/cultura-e-spettacolo\/\" rel=\"category tag\">CULTURA&amp;SPETTACOLO<\/a>","rttpg_excerpt":"Nuove opportunit\u00e0 con il digitale","_links":{"self":[{"href":"https:\/\/imagazine.it\/home_desk\/wp-json\/wp\/v2\/posts\/37629","targetHints":{"allow":["GET"]}}],"collection":[{"href":"https:\/\/imagazine.it\/home_desk\/wp-json\/wp\/v2\/posts"}],"about":[{"href":"https:\/\/imagazine.it\/home_desk\/wp-json\/wp\/v2\/types\/post"}],"author":[{"embeddable":true,"href":"https:\/\/imagazine.it\/home_desk\/wp-json\/wp\/v2\/users\/22"}],"replies":[{"embeddable":true,"href":"https:\/\/imagazine.it\/home_desk\/wp-json\/wp\/v2\/comments?post=37629"}],"version-history":[{"count":0,"href":"https:\/\/imagazine.it\/home_desk\/wp-json\/wp\/v2\/posts\/37629\/revisions"}],"wp:featuredmedia":[{"embeddable":true,"href":"https:\/\/imagazine.it\/home_desk\/wp-json\/wp\/v2\/media\/37630"}],"wp:attachment":[{"href":"https:\/\/imagazine.it\/home_desk\/wp-json\/wp\/v2\/media?parent=37629"}],"wp:term":[{"taxonomy":"category","embeddable":true,"href":"https:\/\/imagazine.it\/home_desk\/wp-json\/wp\/v2\/categories?post=37629"},{"taxonomy":"post_tag","embeddable":true,"href":"https:\/\/imagazine.it\/home_desk\/wp-json\/wp\/v2\/tags?post=37629"}],"curies":[{"name":"wp","href":"https:\/\/api.w.org\/{rel}","templated":true}]}}