{"id":37619,"date":"2021-01-20T00:00:00","date_gmt":"2021-01-19T23:00:00","guid":{"rendered":"https:\/\/imagazine.it\/?p=37619"},"modified":"2021-01-20T00:00:00","modified_gmt":"2021-01-19T23:00:00","slug":"riconversione-multicanale-per-udine-e-gorizia-fiere","status":"publish","type":"post","link":"https:\/\/imagazine.it\/home_desk\/riconversione-multicanale-per-udine-e-gorizia-fiere\/","title":{"rendered":"Riconversione &#8220;multicanale&#8221; per Udine e Gorizia Fiere"},"content":{"rendered":"<p>L\u2019emergenza Covid con lo stop agli eventi, ha spinto Udine e Gorizia Fiere ad avviare una nuova fase che possa ridare linfa a una struttura centrale per l\u2019economia regionale.<\/p>\n<p>A delineare le strategie per il futuro dell\u2019ente fieristico, in conferenza stampa, sono stati l\u2019amministratore unico di Udine e Gorizia Fiere, <strong>Lucio Gomiero<\/strong>, e <strong>Giovanni Da Pozzo<\/strong>, presidente Camera di Commercio Pn-Ud, socio di riferimento della Fiera.<\/p>\n<p>\u00abSiamo da tempo consapevoli \u2013 ha esordito Da Pozzo \u2013 che per il mondo delle fiere, in tutto il mondo e cos\u00ec da noi, la situazione sar\u00e0 sempre pi\u00f9 complicata, cos\u00ec come siamo convinti che un unico ente fieristico, pur con le sue articolazioni territoriali, sia pi\u00f9 che sufficiente in una regione piccola come la nostra. Per questo, da un lato abbiamo voluto avviare una sinergia che abbiamo anche formalizzato in un documento congiunto con l\u2019ente fieristico pordenonese, per agire in modo armonico e coordinato, ma abbiamo, dall\u2019altro lato, anche messo in cantiere le prime iniziative della fondamentale riconversione delle strutture\u00bb.<\/p>\n<p>Una riconversione destinata a essere multicanale e multifunzione per l\u2019area, data la grandezza degli spazi della Fiera, che la rendono ideale per diverse attivit\u00e0, potendo garantire distanziamento sociale e una posizione strategica all\u2019uscita dell\u2019autostrada e all\u2019ingresso della citt\u00e0.<\/p>\n<p>\u00abIn futuro \u2013 ha aggiunto Da Pozzo \u2013 il <em>core business<\/em> della fiera sar\u00e0 concentrato sugli eventi centrali, utili al territorio, eventi in cui le nostre imprese si riconoscano e a cui aderiscano. Ma \u00e8 sulla riconversione che dobbiamo puntare per un nuovo sviluppo\u00bb.<\/p>\n<p>\u00a0\u00abAbbiamo delineato una strategia \u2013 ha spiegato Gomiero \u2013\u00a0che evidenzia i tre business su cui si sono concentrate nel 2020 e si concentreranno\u00a0le azioni nel prossimo triennio: innanzitutto la gestione, razionalizzazione e digitalizzazione delle fiere dirette e indirette, quindi la gestione e lo sviluppo congressuale e di altri eventi nostri e di terzi, con relativo affitto temporaneo di spazi e quindi la riconversione, con parte di aree e strutture che saranno di conseguenza destinate a nuove funzionalit\u00e0, in coerenza con la <em>mission<\/em> complessiva\u00bb.\u00a0<\/p>\n<p><a href=\"http:\/\/imagazinevideotruck.it\/outlet\/relink.html\" target=\"_top\" rel=\"noopener\"><img loading=\"lazy\" decoding=\"async\" align=\"LEFT\" height=\"250\" src=\"http:\/\/imagazinevideotruck.it\/outlet\/outlet30.gif\" width=\"300\" alt=\"\" title=\"\"><\/a><\/p>\n<p>\u00a0<\/p>\n<p>\u00a0<\/p>\n<p>\u00a0<\/p>\n<p>\u00a0<\/p>\n<p>\u00a0<\/p>\n<p>\u00a0<\/p>\n<p>\u00a0<\/p>\n<p>\u00a0<\/p>\n<p>\u00a0<\/p>\n<p>Per ognuna di queste tre direttrici saranno utilizzate risorse umane, di struttura ed economiche diverse, in quanto le modalit\u00e0 e le tempistiche di questi tre business sono tra loro differenti. In particolare, la prima attivit\u00e0 \u2013 quella pi\u00f9 consueta, l\u2019organizzazione fieristica \u2013 prevede \u00abil consolidamento degli appuntamenti\u00a0pi\u00f9 caratterizzanti, nonch\u00e9 sviluppi e miglioramenti\u00a0in accordo con Pordenone Fiere, con cui abbiamo raggiunto una prima intesa lo scorso 19 novembre e per la cui attuazione siamo gi\u00e0 al lavoro da inizio anno\u00bb, ha aggiunto Gomiero.<\/p>\n<p>Promettenti, secondo l\u2019amministratore unico della Fiera, \u00abi primi risultati della riconversione e gestione a diverse funzionalit\u00e0 di parte del quartiere fieristico, laddove vi erano spazi in passato a bassa utilizzazione. Abbiamo infatti avviato un progetto di \u201cArtigianato Digitale e Formazione 4.0\u201d nel padiglione 1 e stiamo lavorando per realizzare un \u201cCampus scolastico\u201d nei padiglioni 2, 3 e 4, insieme con\u00a0la Regione e le Istituzioni locali\u00bb.<\/p>\n","protected":false},"excerpt":{"rendered":"<p>Annunciata da Gomiero e Da Pozzo<\/p>\n","protected":false},"author":28,"featured_media":37620,"comment_status":"closed","ping_status":"closed","sticky":false,"template":"","format":"standard","meta":{"dwc-title":[],"dwc-content":[],"footnotes":""},"categories":[5],"tags":[],"class_list":["post-37619","post","type-post","status-publish","format-standard","has-post-thumbnail","hentry","category-attualita"],"rttpg_featured_image_url":{"full":["https:\/\/imagazine.it\/wp-content\/uploads\/2024\/01\/37917-1.webp",1000,736,false],"landscape":["https:\/\/imagazine.it\/wp-content\/uploads\/2024\/01\/37917-1.webp",1000,736,false],"portraits":["https:\/\/imagazine.it\/wp-content\/uploads\/2024\/01\/37917-1.webp",1000,736,false],"thumbnail":["https:\/\/imagazine.it\/wp-content\/uploads\/2024\/01\/37917-1-150x150.webp",150,150,true],"medium":["https:\/\/imagazine.it\/wp-content\/uploads\/2024\/01\/37917-1-300x221.webp",300,221,true],"large":["https:\/\/imagazine.it\/wp-content\/uploads\/2024\/01\/37917-1.webp",640,471,false],"thumblist":["https:\/\/imagazine.it\/wp-content\/uploads\/2024\/01\/37917-1.webp",300,221,false],"thumbrelated":["https:\/\/imagazine.it\/wp-content\/uploads\/2024\/01\/37917-1.webp",500,368,false],"meccarouselthumb":["https:\/\/imagazine.it\/wp-content\/uploads\/2024\/01\/37917-1.webp",440,324,false],"gridsquare":["https:\/\/imagazine.it\/wp-content\/uploads\/2024\/01\/37917-1.webp",353,260,false],"tileview":["https:\/\/imagazine.it\/wp-content\/uploads\/2024\/01\/37917-1.webp",300,221,false],"1536x1536":["https:\/\/imagazine.it\/wp-content\/uploads\/2024\/01\/37917-1.webp",1000,736,false],"2048x2048":["https:\/\/imagazine.it\/wp-content\/uploads\/2024\/01\/37917-1.webp",1000,736,false],"newsup-slider-full":["https:\/\/imagazine.it\/wp-content\/uploads\/2024\/01\/37917-1-1000x720.webp",1000,720,true],"newsup-featured":["https:\/\/imagazine.it\/wp-content\/uploads\/2024\/01\/37917-1.webp",1000,736,false],"newsup-medium":["https:\/\/imagazine.it\/wp-content\/uploads\/2024\/01\/37917-1-720x380.webp",720,380,true],"tptn_thumbnail":["https:\/\/imagazine.it\/wp-content\/uploads\/2024\/01\/37917-1.webp",250,184,false],"sow-carousel-default":["https:\/\/imagazine.it\/wp-content\/uploads\/2024\/01\/37917-1-272x182.webp",272,182,true]},"rttpg_author":{"display_name":"redazione","author_link":"https:\/\/imagazine.it\/home_desk\/author\/redazione\/"},"rttpg_comment":0,"rttpg_category":"<a href=\"https:\/\/imagazine.it\/home_desk\/category\/attualita\/\" rel=\"category tag\">ATTUALIT\u00c0<\/a>","rttpg_excerpt":"Annunciata da Gomiero e Da Pozzo","_links":{"self":[{"href":"https:\/\/imagazine.it\/home_desk\/wp-json\/wp\/v2\/posts\/37619","targetHints":{"allow":["GET"]}}],"collection":[{"href":"https:\/\/imagazine.it\/home_desk\/wp-json\/wp\/v2\/posts"}],"about":[{"href":"https:\/\/imagazine.it\/home_desk\/wp-json\/wp\/v2\/types\/post"}],"author":[{"embeddable":true,"href":"https:\/\/imagazine.it\/home_desk\/wp-json\/wp\/v2\/users\/28"}],"replies":[{"embeddable":true,"href":"https:\/\/imagazine.it\/home_desk\/wp-json\/wp\/v2\/comments?post=37619"}],"version-history":[{"count":0,"href":"https:\/\/imagazine.it\/home_desk\/wp-json\/wp\/v2\/posts\/37619\/revisions"}],"wp:featuredmedia":[{"embeddable":true,"href":"https:\/\/imagazine.it\/home_desk\/wp-json\/wp\/v2\/media\/37620"}],"wp:attachment":[{"href":"https:\/\/imagazine.it\/home_desk\/wp-json\/wp\/v2\/media?parent=37619"}],"wp:term":[{"taxonomy":"category","embeddable":true,"href":"https:\/\/imagazine.it\/home_desk\/wp-json\/wp\/v2\/categories?post=37619"},{"taxonomy":"post_tag","embeddable":true,"href":"https:\/\/imagazine.it\/home_desk\/wp-json\/wp\/v2\/tags?post=37619"}],"curies":[{"name":"wp","href":"https:\/\/api.w.org\/{rel}","templated":true}]}}