{"id":37593,"date":"2021-01-18T00:00:00","date_gmt":"2021-01-17T23:00:00","guid":{"rendered":"https:\/\/imagazine.it\/?p=37593"},"modified":"2021-01-18T00:00:00","modified_gmt":"2021-01-17T23:00:00","slug":"grado-commemora-franco-loi","status":"publish","type":"post","link":"https:\/\/imagazine.it\/home_desk\/grado-commemora-franco-loi\/","title":{"rendered":"Grado commemora Franco Loi"},"content":{"rendered":"<p>Lo scorso 4 gennaio si \u00e8 spento all\u2019et\u00e0 di 90 anni il poeta milanese (ma genovese di nascita)\u00a0<strong>Franco Loi<\/strong>, che con la comunit\u00e0 di Grado ha avuto un rapporto speciale.<\/p>\n<p>Per questo, pubblichiamo il ricordo che la presidente del Centro Studi Biagio Marin, <strong>Edda Serra<\/strong>, ha voluto condividere.<\/p>\n<p>\u00a0<\/p>\n<p><em>Ci eravamo sentiti solo tre giorni prima e la mia telefonata lo aveva colto mentre una persona amica gli stava leggendo accanto alla figlia una delle lettere di Marin pubblicate dal CSBM nei suoi Quaderni: bella coincidenza, per un dialogo telefonico da mantenere vivo nel suo calore di stima e di affetto.<\/em><\/p>\n<p><em>Altra coincidenza, in apertura della video presentazione del libro di Biagio Marin, \u201cLe cronache del poeta\u201d, curato da Pericle Camuffo e appena pubblicato: 4 gennaio 2021, ore 17. <\/em><\/p>\n<p><em>Il poeta Stefano Marino mi informa al telefono: \u00e8 mancato stamattina <strong>Franco Loi<\/strong>.<\/em><\/p>\n<p><em>L&#39;ho ricordato alla fine del nostro incontro a distanza, Franco Loi, il poeta milanese che del dialetto della sua citt\u00e0 aveva fatto bandiera. Ed era la lingua della poesia di una citt\u00e0 superattiva nella sua dedizione al lavoro, citt\u00e0 di cemento e viali lunghissimi oltre le tracce della lunga storia, citt\u00e0 di traffico intenso e incredibili giardini nascosti e diffusi, in cui il poeta sapeva cogliere misteriose divine presenze, ancora in dialogo con il suo Angel, l&#39;angelo partecipe della sua esperienza di uomo e di poeta. Anche un lenzuolo appeso ad asciugare era messaggio con il suo colore. <\/em><\/p>\n<p><em>Sensibilit\u00e0 straordinaria la sua, e fitto il dialogo con il pubblico, specie con i giovani, accompagnato ad una attivit\u00e0 divulgativa e di critica generosa, lezione di umanit\u00e0 sempre. Che solo la cecit\u00e0 aveva finito con l&#39;impedire quasi al colmo dei novant&#39;anni, e ne soffriva. C&#39;\u00e8 nella poesia sempre una dimensione etica e religiosa: in questi valori i due poeti si riconoscevano.<\/em><\/p>\n<p><em>Anche Grado lo deve ricordare, e non solo per l&#39;amicizia con Biagio Marin, da cui il carteggio. A Grado Franco Loi era pi\u00f9 volte ritornato e vi aveva soggiornato anche a lungo per altre amicizie, con Dino Facchinetti per esempio, e non so quante altre persone, ed era ritornato anche per tutte le 12 edizioni del Premio Nazionale per la poesia in dialetto edita, perch\u00e9 Vanni Scheiwiller presidente di giuria e rinnovatore del premio intitolato a Marin, lo aveva voluto nella giuria. <\/em><\/p>\n<p><em>Fino a che lui stesso, assente come giurato, aveva avuto il Premio Marin per la sua \u201ccarriera\u201d ricchissima, di poeta. Grado non pu\u00f2 non partecipare al venir meno di questo uomo straordinario che affida anche a noi per ogni tempo la lezione alta della sua umanit\u00e0.<\/em><\/p>\n","protected":false},"excerpt":{"rendered":"<p>Scomparso lo scorso 4 gennaio<\/p>\n","protected":false},"author":28,"featured_media":37594,"comment_status":"closed","ping_status":"closed","sticky":false,"template":"","format":"standard","meta":{"dwc-title":[],"dwc-content":[],"footnotes":""},"categories":[37],"tags":[],"class_list":["post-37593","post","type-post","status-publish","format-standard","has-post-thumbnail","hentry","category-cultura-e-spettacolo"],"rttpg_featured_image_url":{"full":["https:\/\/imagazine.it\/wp-content\/uploads\/2024\/01\/37887-1.webp",800,549,false],"landscape":["https:\/\/imagazine.it\/wp-content\/uploads\/2024\/01\/37887-1.webp",800,549,false],"portraits":["https:\/\/imagazine.it\/wp-content\/uploads\/2024\/01\/37887-1.webp",800,549,false],"thumbnail":["https:\/\/imagazine.it\/wp-content\/uploads\/2024\/01\/37887-1-150x150.webp",150,150,true],"medium":["https:\/\/imagazine.it\/wp-content\/uploads\/2024\/01\/37887-1-300x206.webp",300,206,true],"large":["https:\/\/imagazine.it\/wp-content\/uploads\/2024\/01\/37887-1.webp",640,439,false],"thumblist":["https:\/\/imagazine.it\/wp-content\/uploads\/2024\/01\/37887-1.webp",300,206,false],"thumbrelated":["https:\/\/imagazine.it\/wp-content\/uploads\/2024\/01\/37887-1.webp",500,343,false],"meccarouselthumb":["https:\/\/imagazine.it\/wp-content\/uploads\/2024\/01\/37887-1.webp",472,324,false],"gridsquare":["https:\/\/imagazine.it\/wp-content\/uploads\/2024\/01\/37887-1.webp",379,260,false],"tileview":["https:\/\/imagazine.it\/wp-content\/uploads\/2024\/01\/37887-1.webp",300,206,false],"1536x1536":["https:\/\/imagazine.it\/wp-content\/uploads\/2024\/01\/37887-1.webp",800,549,false],"2048x2048":["https:\/\/imagazine.it\/wp-content\/uploads\/2024\/01\/37887-1.webp",800,549,false],"newsup-slider-full":["https:\/\/imagazine.it\/wp-content\/uploads\/2024\/01\/37887-1.webp",800,549,false],"newsup-featured":["https:\/\/imagazine.it\/wp-content\/uploads\/2024\/01\/37887-1.webp",800,549,false],"newsup-medium":["https:\/\/imagazine.it\/wp-content\/uploads\/2024\/01\/37887-1-720x380.webp",720,380,true],"tptn_thumbnail":["https:\/\/imagazine.it\/wp-content\/uploads\/2024\/01\/37887-1.webp",250,172,false],"sow-carousel-default":["https:\/\/imagazine.it\/wp-content\/uploads\/2024\/01\/37887-1-272x182.webp",272,182,true]},"rttpg_author":{"display_name":"redazione","author_link":"https:\/\/imagazine.it\/home_desk\/author\/redazione\/"},"rttpg_comment":0,"rttpg_category":"<a href=\"https:\/\/imagazine.it\/home_desk\/category\/cultura-e-spettacolo\/\" rel=\"category tag\">CULTURA&amp;SPETTACOLO<\/a>","rttpg_excerpt":"Scomparso lo scorso 4 gennaio","_links":{"self":[{"href":"https:\/\/imagazine.it\/home_desk\/wp-json\/wp\/v2\/posts\/37593","targetHints":{"allow":["GET"]}}],"collection":[{"href":"https:\/\/imagazine.it\/home_desk\/wp-json\/wp\/v2\/posts"}],"about":[{"href":"https:\/\/imagazine.it\/home_desk\/wp-json\/wp\/v2\/types\/post"}],"author":[{"embeddable":true,"href":"https:\/\/imagazine.it\/home_desk\/wp-json\/wp\/v2\/users\/28"}],"replies":[{"embeddable":true,"href":"https:\/\/imagazine.it\/home_desk\/wp-json\/wp\/v2\/comments?post=37593"}],"version-history":[{"count":0,"href":"https:\/\/imagazine.it\/home_desk\/wp-json\/wp\/v2\/posts\/37593\/revisions"}],"wp:featuredmedia":[{"embeddable":true,"href":"https:\/\/imagazine.it\/home_desk\/wp-json\/wp\/v2\/media\/37594"}],"wp:attachment":[{"href":"https:\/\/imagazine.it\/home_desk\/wp-json\/wp\/v2\/media?parent=37593"}],"wp:term":[{"taxonomy":"category","embeddable":true,"href":"https:\/\/imagazine.it\/home_desk\/wp-json\/wp\/v2\/categories?post=37593"},{"taxonomy":"post_tag","embeddable":true,"href":"https:\/\/imagazine.it\/home_desk\/wp-json\/wp\/v2\/tags?post=37593"}],"curies":[{"name":"wp","href":"https:\/\/api.w.org\/{rel}","templated":true}]}}