{"id":37589,"date":"2021-01-17T00:00:00","date_gmt":"2021-01-16T23:00:00","guid":{"rendered":"https:\/\/imagazine.it\/?p=37589"},"modified":"2021-01-17T00:00:00","modified_gmt":"2021-01-16T23:00:00","slug":"coronavirus-in-fvg-solo-vaccinazioni-di-richiamo","status":"publish","type":"post","link":"https:\/\/imagazine.it\/home_desk\/coronavirus-in-fvg-solo-vaccinazioni-di-richiamo\/","title":{"rendered":"Coronavirus, in FVG solo vaccinazioni di richiamo"},"content":{"rendered":"<p>&#8220;Da marted\u00ec 19 gennaio proseguir\u00e0 il piano di vaccinazione solo per coloro che hanno in programma la somministrazione della seconda dose, mentre verranno posticipate le vaccinazioni di coloro che si sottopongono per la prima volta fino a che non vi sar\u00e0 garanzia sui flussi di consegna dei vaccini&#8221;.<\/p>\n<p>Lo rende noto il vicegovernatore con delega alla Salute, <strong>Riccardo Riccardi<\/strong>, in merito al piano vaccinale del Friuli Venezia Giulia e alle novit\u00e0 che riguardano il rallentamento delle forniture.<\/p>\n<p>&#8220;Coloro che \u2013 spiega Riccardi \u2013 sono in agenda per la prima somministrazione (circa tremila persone appartenenti alle categorie delle prime priorit\u00e0) da marted\u00ec, verranno ricontattati per stabilire una nuova data non appena ci sar\u00e0 chiaro il quadro da Roma. Le agende saranno riaperte per le nuove richieste da febbraio&#8221;.<\/p>\n<p>Nel frattempo si susseguono le riunioni della cabina di regia per organizzare la seconda fase. &#8220;Stiamo lavorando anche per la vaccinazione di ultraottantenni e persone con disabilit\u00e0, che \u2013 ribadisce Riccardi \u2013 riteniamo categorie prioritarie: le linee con le Direzioni sanitarie sono tracciate, ma \u00e8 chiaro che ora ogni ipotesi di lavoro \u00e8 condizionata dai flussi di consegna del vaccino, non solo per quanto riguarda la nuova fase ma anche per la chiusura della prima&#8221;.<\/p>\n<p><a href=\"http:\/\/imagazinevideotruck.it\/outlet\/relink_euro.html\" target=\"_top\" rel=\"noopener\"><img loading=\"lazy\" decoding=\"async\" align=\"LEFT\" height=\"250\" src=\"http:\/\/imagazinevideotruck.it\/outlet\/euromobili_banner_art.jpg\" width=\"300\" alt=\"\" title=\"\"><\/a><\/p>\n<p>\u00a0<\/p>\n<p>\u00a0<\/p>\n<p>\u00a0<\/p>\n<p>\u00a0<\/p>\n<p>\u00a0<\/p>\n<p>\u00a0<\/p>\n<p>\u00a0<\/p>\n<p>\u00a0<\/p>\n<p>\u00a0<\/p>\n<p>&#8220;Ho chiesto al commissario Arcuri che il taglio sulla fornitura dei vaccini sia riequilibrato a livello nazionale, senza creare delle evidenti disparit\u00e0 che colpiscono in maniera significativa il Friuli Venezia Giulia&#8221;, conferma il governatore <strong>Massimiliano Fedriga<\/strong>, dopo l&#39;annuncio del mancato arrivo del 54% di dosi settimanali di vaccino Pfizer rispetto alla quantit\u00e0 prevista.<\/p>\n<p>&#8220;A questo punto \u2013 sottolinea il governatore \u2013 per le prossime forniture servono garanzie formali per programmare puntualmente l&#39;agenda delle vaccinazioni, che comprende anche i richiami, per i quali abbiamo accantonato prudenzialmente una riserva&#8221;.<\/p>\n<p>Sul tema delle scuole, Fedriga ribadisce che la scelta della Dad fino al 31 gennaio, ribadita dall&#39;ultima ordinanza, rappresenta un provvedimento adottato con il consenso della grande maggioranza delle articolazioni del sistema scolastico.<\/p>\n","protected":false},"excerpt":{"rendered":"<p>A partire dal 19 gennaio<\/p>\n","protected":false},"author":28,"featured_media":37590,"comment_status":"closed","ping_status":"closed","sticky":false,"template":"","format":"standard","meta":{"dwc-title":[],"dwc-content":[],"footnotes":""},"categories":[5],"tags":[],"class_list":["post-37589","post","type-post","status-publish","format-standard","has-post-thumbnail","hentry","category-attualita"],"rttpg_featured_image_url":{"full":["https:\/\/imagazine.it\/wp-content\/uploads\/2024\/01\/37883-1.webp",1000,669,false],"landscape":["https:\/\/imagazine.it\/wp-content\/uploads\/2024\/01\/37883-1.webp",1000,669,false],"portraits":["https:\/\/imagazine.it\/wp-content\/uploads\/2024\/01\/37883-1.webp",1000,669,false],"thumbnail":["https:\/\/imagazine.it\/wp-content\/uploads\/2024\/01\/37883-1-150x150.webp",150,150,true],"medium":["https:\/\/imagazine.it\/wp-content\/uploads\/2024\/01\/37883-1-300x201.webp",300,201,true],"large":["https:\/\/imagazine.it\/wp-content\/uploads\/2024\/01\/37883-1.webp",640,428,false],"thumblist":["https:\/\/imagazine.it\/wp-content\/uploads\/2024\/01\/37883-1.webp",300,201,false],"thumbrelated":["https:\/\/imagazine.it\/wp-content\/uploads\/2024\/01\/37883-1.webp",500,335,false],"meccarouselthumb":["https:\/\/imagazine.it\/wp-content\/uploads\/2024\/01\/37883-1.webp",474,317,false],"gridsquare":["https:\/\/imagazine.it\/wp-content\/uploads\/2024\/01\/37883-1.webp",389,260,false],"tileview":["https:\/\/imagazine.it\/wp-content\/uploads\/2024\/01\/37883-1.webp",300,201,false],"1536x1536":["https:\/\/imagazine.it\/wp-content\/uploads\/2024\/01\/37883-1.webp",1000,669,false],"2048x2048":["https:\/\/imagazine.it\/wp-content\/uploads\/2024\/01\/37883-1.webp",1000,669,false],"newsup-slider-full":["https:\/\/imagazine.it\/wp-content\/uploads\/2024\/01\/37883-1.webp",1000,669,false],"newsup-featured":["https:\/\/imagazine.it\/wp-content\/uploads\/2024\/01\/37883-1.webp",1000,669,false],"newsup-medium":["https:\/\/imagazine.it\/wp-content\/uploads\/2024\/01\/37883-1-720x380.webp",720,380,true],"tptn_thumbnail":["https:\/\/imagazine.it\/wp-content\/uploads\/2024\/01\/37883-1.webp",250,167,false],"sow-carousel-default":["https:\/\/imagazine.it\/wp-content\/uploads\/2024\/01\/37883-1-272x182.webp",272,182,true]},"rttpg_author":{"display_name":"redazione","author_link":"https:\/\/imagazine.it\/home_desk\/author\/redazione\/"},"rttpg_comment":0,"rttpg_category":"<a href=\"https:\/\/imagazine.it\/home_desk\/category\/attualita\/\" rel=\"category tag\">ATTUALIT\u00c0<\/a>","rttpg_excerpt":"A partire dal 19 gennaio","_links":{"self":[{"href":"https:\/\/imagazine.it\/home_desk\/wp-json\/wp\/v2\/posts\/37589","targetHints":{"allow":["GET"]}}],"collection":[{"href":"https:\/\/imagazine.it\/home_desk\/wp-json\/wp\/v2\/posts"}],"about":[{"href":"https:\/\/imagazine.it\/home_desk\/wp-json\/wp\/v2\/types\/post"}],"author":[{"embeddable":true,"href":"https:\/\/imagazine.it\/home_desk\/wp-json\/wp\/v2\/users\/28"}],"replies":[{"embeddable":true,"href":"https:\/\/imagazine.it\/home_desk\/wp-json\/wp\/v2\/comments?post=37589"}],"version-history":[{"count":0,"href":"https:\/\/imagazine.it\/home_desk\/wp-json\/wp\/v2\/posts\/37589\/revisions"}],"wp:featuredmedia":[{"embeddable":true,"href":"https:\/\/imagazine.it\/home_desk\/wp-json\/wp\/v2\/media\/37590"}],"wp:attachment":[{"href":"https:\/\/imagazine.it\/home_desk\/wp-json\/wp\/v2\/media?parent=37589"}],"wp:term":[{"taxonomy":"category","embeddable":true,"href":"https:\/\/imagazine.it\/home_desk\/wp-json\/wp\/v2\/categories?post=37589"},{"taxonomy":"post_tag","embeddable":true,"href":"https:\/\/imagazine.it\/home_desk\/wp-json\/wp\/v2\/tags?post=37589"}],"curies":[{"name":"wp","href":"https:\/\/api.w.org\/{rel}","templated":true}]}}