{"id":37573,"date":"2021-01-15T00:00:00","date_gmt":"2021-01-14T23:00:00","guid":{"rendered":"https:\/\/imagazine.it\/?p=37573"},"modified":"2021-01-15T00:00:00","modified_gmt":"2021-01-14T23:00:00","slug":"sviluppo-rurale-misure-straordinarie-per-le-aziende-agrituristiche","status":"publish","type":"post","link":"https:\/\/imagazine.it\/home_desk\/sviluppo-rurale-misure-straordinarie-per-le-aziende-agrituristiche\/","title":{"rendered":"Sviluppo rurale, misure straordinarie per le aziende agrituristiche"},"content":{"rendered":"<p>Per mitigare gli effetti negativi causati dalla pandemia, il Programma di Sviluppo Rurale del Friuli Venezia Giulia, PSR FVG 2014.2020, ha introdotto la misura straordinaria 21, volta a sostenere la liquidit\u00e0 delle aziende agrituristiche, delle fattorie didattiche e sociali, nella prospettiva di dare continuit\u00e0 alle attivit\u00e0 e di mantenere l\u2019offerta di servizi nelle aree rurali. Entro l\u2019anno 2020 sono stati approvati e concessi oltre 571 ristori per un importo complessivo di circa 2,5 milioni di euro, nel rispetto della tempistica. I beneficiari hanno ora la possibilit\u00e0 di presentare le domande di liquidazione dei ristori fino al 15 febbraio.<\/p>\n<p>Prossimamente, non appena il quadro normativo europeo sar\u00e0 consolidato, verr\u00e0 approntata una modifica del PSR che vedr\u00e0 l\u2019estensione della sua durata di 2 anni, con la possibilit\u00e0 di utilizzare, oltre che le relative risorse ordinarie, anche una quota di risorse aggiuntive provenienti dallo strumento Next Generation EU. I fondi saranno programmati per la realizzazione di nuovi investimenti atti a favorire un rafforzamento e una maggiore resilienza del settore, cos\u00ec come la prosecuzione o l\u2019assunzione di nuovi impegni pluriennali agro-climatico-ambientali e la conversione all\u2019agricoltura biologica, nella fase di transizione verso la nuova PAC che prender\u00e0 avvio nel 2023.<\/p>\n<p><a href=\"http:\/\/imagazinevideotruck.it\/outlet\/relink_euro.html\" target=\"_top\" rel=\"noopener\"><img loading=\"lazy\" decoding=\"async\" align=\"LEFT\" height=\"250\" src=\"http:\/\/imagazinevideotruck.it\/outlet\/euromobili_banner_art.jpg\" width=\"300\" alt=\"\" title=\"\"><\/a><\/p>\n<p>\u00a0<\/p>\n<p>\u00a0<\/p>\n<p>\u00a0<\/p>\n<p>\u00a0<\/p>\n<p>\u00a0<\/p>\n<p>\u00a0<\/p>\n<p>\u00a0<\/p>\n<p>\u00a0<\/p>\n<p>\u00a0<\/p>\n<p>Nel frattempo, \u00e8 stato comunque emanato il bando annuale per il riconoscimento di un premio ai giovani che si insediano per la prima volta in un\u2019azienda agricola per il quale, dalla data dell\u20198 gennaio \u00e8 possibile presentare la domanda di sostegno.<\/p>\n","protected":false},"excerpt":{"rendered":"<p>Domande entro il 15 febbraio<\/p>\n","protected":false},"author":28,"featured_media":37574,"comment_status":"closed","ping_status":"closed","sticky":false,"template":"","format":"standard","meta":{"dwc-title":[],"dwc-content":[],"footnotes":""},"categories":[5],"tags":[],"class_list":["post-37573","post","type-post","status-publish","format-standard","has-post-thumbnail","hentry","category-attualita"],"rttpg_featured_image_url":{"full":["https:\/\/imagazine.it\/wp-content\/uploads\/2024\/01\/37852-1.webp",750,510,false],"landscape":["https:\/\/imagazine.it\/wp-content\/uploads\/2024\/01\/37852-1.webp",750,510,false],"portraits":["https:\/\/imagazine.it\/wp-content\/uploads\/2024\/01\/37852-1.webp",750,510,false],"thumbnail":["https:\/\/imagazine.it\/wp-content\/uploads\/2024\/01\/37852-1-150x150.webp",150,150,true],"medium":["https:\/\/imagazine.it\/wp-content\/uploads\/2024\/01\/37852-1-300x204.webp",300,204,true],"large":["https:\/\/imagazine.it\/wp-content\/uploads\/2024\/01\/37852-1.webp",640,435,false],"thumblist":["https:\/\/imagazine.it\/wp-content\/uploads\/2024\/01\/37852-1.webp",300,204,false],"thumbrelated":["https:\/\/imagazine.it\/wp-content\/uploads\/2024\/01\/37852-1.webp",500,340,false],"meccarouselthumb":["https:\/\/imagazine.it\/wp-content\/uploads\/2024\/01\/37852-1.webp",474,322,false],"gridsquare":["https:\/\/imagazine.it\/wp-content\/uploads\/2024\/01\/37852-1.webp",382,260,false],"tileview":["https:\/\/imagazine.it\/wp-content\/uploads\/2024\/01\/37852-1.webp",300,204,false],"1536x1536":["https:\/\/imagazine.it\/wp-content\/uploads\/2024\/01\/37852-1.webp",750,510,false],"2048x2048":["https:\/\/imagazine.it\/wp-content\/uploads\/2024\/01\/37852-1.webp",750,510,false],"newsup-slider-full":["https:\/\/imagazine.it\/wp-content\/uploads\/2024\/01\/37852-1.webp",750,510,false],"newsup-featured":["https:\/\/imagazine.it\/wp-content\/uploads\/2024\/01\/37852-1.webp",750,510,false],"newsup-medium":["https:\/\/imagazine.it\/wp-content\/uploads\/2024\/01\/37852-1-720x380.webp",720,380,true],"tptn_thumbnail":["https:\/\/imagazine.it\/wp-content\/uploads\/2024\/01\/37852-1.webp",250,170,false],"sow-carousel-default":["https:\/\/imagazine.it\/wp-content\/uploads\/2024\/01\/37852-1-272x182.webp",272,182,true]},"rttpg_author":{"display_name":"redazione","author_link":"https:\/\/imagazine.it\/home_desk\/author\/redazione\/"},"rttpg_comment":0,"rttpg_category":"<a href=\"https:\/\/imagazine.it\/home_desk\/category\/attualita\/\" rel=\"category tag\">ATTUALIT\u00c0<\/a>","rttpg_excerpt":"Domande entro il 15 febbraio","_links":{"self":[{"href":"https:\/\/imagazine.it\/home_desk\/wp-json\/wp\/v2\/posts\/37573","targetHints":{"allow":["GET"]}}],"collection":[{"href":"https:\/\/imagazine.it\/home_desk\/wp-json\/wp\/v2\/posts"}],"about":[{"href":"https:\/\/imagazine.it\/home_desk\/wp-json\/wp\/v2\/types\/post"}],"author":[{"embeddable":true,"href":"https:\/\/imagazine.it\/home_desk\/wp-json\/wp\/v2\/users\/28"}],"replies":[{"embeddable":true,"href":"https:\/\/imagazine.it\/home_desk\/wp-json\/wp\/v2\/comments?post=37573"}],"version-history":[{"count":0,"href":"https:\/\/imagazine.it\/home_desk\/wp-json\/wp\/v2\/posts\/37573\/revisions"}],"wp:featuredmedia":[{"embeddable":true,"href":"https:\/\/imagazine.it\/home_desk\/wp-json\/wp\/v2\/media\/37574"}],"wp:attachment":[{"href":"https:\/\/imagazine.it\/home_desk\/wp-json\/wp\/v2\/media?parent=37573"}],"wp:term":[{"taxonomy":"category","embeddable":true,"href":"https:\/\/imagazine.it\/home_desk\/wp-json\/wp\/v2\/categories?post=37573"},{"taxonomy":"post_tag","embeddable":true,"href":"https:\/\/imagazine.it\/home_desk\/wp-json\/wp\/v2\/tags?post=37573"}],"curies":[{"name":"wp","href":"https:\/\/api.w.org\/{rel}","templated":true}]}}