{"id":37571,"date":"2021-01-15T00:00:00","date_gmt":"2021-01-14T23:00:00","guid":{"rendered":"https:\/\/imagazine.it\/?p=37571"},"modified":"2021-01-15T00:00:00","modified_gmt":"2021-01-14T23:00:00","slug":"fogliano-redipuglia-la-pro-loco-cerca-forze-nuove","status":"publish","type":"post","link":"https:\/\/imagazine.it\/home_desk\/fogliano-redipuglia-la-pro-loco-cerca-forze-nuove\/","title":{"rendered":"Fogliano Redipuglia, la Pro Loco cerca forze nuove"},"content":{"rendered":"<p>Tempo di rinnovo delle cariche del Consiglio direttivo per la <strong>Pro Loco Fogliano Redipuglia<\/strong>.<\/p>\n<p>\u201c\u00c8 il momento di dare nuove forze alla Pro Loco\u201d, spiega il presidente uscente <strong>Carlo Forte<\/strong>. \u201cEd \u00e8 per questo che vi \u00e8 la possibilit\u00e0 nella nostra sede sociale di via Filzi di potersi candidare per fare parte attivamente di un\u2019associazione molto presente nel nostro territorio\u201d.<\/p>\n<p>\u201cLa Pro Loco del nostro comune \u00e8 una tra le pi\u00f9 importanti a livello regionale, soprattutto per le attivit\u00e0 legate al turismo storico della Grande Guerra. Negli ultimi anni si \u00e8 distinta non solo a livello nazionale ma anche internazionale: in tal senso attivit\u00e0 sono gi\u00e0 programmate per i prossimi anni nell\u2019ambito statutario dell\u2019associazione per la valorizzazione del territorio. Molte altre attivit\u00e0, quali quelle ricreative, hanno necessit\u00e0 di trovare nuove persone e spazio nel paese\u201d, precisa ancora Forte.<\/p>\n<p><a href=\"http:\/\/imagazinevideotruck.it\/outlet\/relink.html\" target=\"_top\" rel=\"noopener\"><img loading=\"lazy\" decoding=\"async\" align=\"LEFT\" height=\"250\" src=\"http:\/\/imagazinevideotruck.it\/outlet\/outlet30.gif\" width=\"300\" alt=\"\" title=\"\"><\/a><\/p>\n<p>\u00a0<\/p>\n<p>\u00a0<\/p>\n<p>\u00a0<\/p>\n<p>\u00a0<\/p>\n<p>\u00a0<\/p>\n<p>\u00a0<\/p>\n<p>\u00a0<\/p>\n<p>\u00a0<\/p>\n<p>\u00a0<\/p>\n<p>Forte, che ha ripreso le redini nel 2018 alla morte dello storico presidente e tra i fondatori del sodalizio, Franco Visintin, ha traghettato l\u2019associazione in un periodo non facile, mantenendo vive le varie attivit\u00e0 e passando la prima fase del periodo Covid.<\/p>\n<p>Spazio, dunque, a chi vorr\u00e0 candidarsi dando il proprio contributo alla Pro Loco e all\u2019intera comunit\u00e0. La candidatura sar\u00e0 possibile lasciando il proprio nominativo e un contatto nell\u2019apposito modulo affisso nella Sede Sociale.<\/p>\n","protected":false},"excerpt":{"rendered":"<p>A breve il rinnovo del Consiglio direttivo<\/p>\n","protected":false},"author":28,"featured_media":37572,"comment_status":"closed","ping_status":"closed","sticky":false,"template":"","format":"standard","meta":{"dwc-title":[],"dwc-content":[],"footnotes":""},"categories":[5],"tags":[],"class_list":["post-37571","post","type-post","status-publish","format-standard","has-post-thumbnail","hentry","category-attualita"],"rttpg_featured_image_url":{"full":["https:\/\/imagazine.it\/wp-content\/uploads\/2024\/01\/37850-1.webp",1000,667,false],"landscape":["https:\/\/imagazine.it\/wp-content\/uploads\/2024\/01\/37850-1.webp",1000,667,false],"portraits":["https:\/\/imagazine.it\/wp-content\/uploads\/2024\/01\/37850-1.webp",1000,667,false],"thumbnail":["https:\/\/imagazine.it\/wp-content\/uploads\/2024\/01\/37850-1-150x150.webp",150,150,true],"medium":["https:\/\/imagazine.it\/wp-content\/uploads\/2024\/01\/37850-1-300x200.webp",300,200,true],"large":["https:\/\/imagazine.it\/wp-content\/uploads\/2024\/01\/37850-1.webp",640,427,false],"thumblist":["https:\/\/imagazine.it\/wp-content\/uploads\/2024\/01\/37850-1.webp",300,200,false],"thumbrelated":["https:\/\/imagazine.it\/wp-content\/uploads\/2024\/01\/37850-1.webp",500,334,false],"meccarouselthumb":["https:\/\/imagazine.it\/wp-content\/uploads\/2024\/01\/37850-1.webp",474,316,false],"gridsquare":["https:\/\/imagazine.it\/wp-content\/uploads\/2024\/01\/37850-1.webp",391,260,false],"tileview":["https:\/\/imagazine.it\/wp-content\/uploads\/2024\/01\/37850-1.webp",300,200,false],"1536x1536":["https:\/\/imagazine.it\/wp-content\/uploads\/2024\/01\/37850-1.webp",1000,667,false],"2048x2048":["https:\/\/imagazine.it\/wp-content\/uploads\/2024\/01\/37850-1.webp",1000,667,false],"newsup-slider-full":["https:\/\/imagazine.it\/wp-content\/uploads\/2024\/01\/37850-1.webp",1000,667,false],"newsup-featured":["https:\/\/imagazine.it\/wp-content\/uploads\/2024\/01\/37850-1.webp",1000,667,false],"newsup-medium":["https:\/\/imagazine.it\/wp-content\/uploads\/2024\/01\/37850-1-720x380.webp",720,380,true],"tptn_thumbnail":["https:\/\/imagazine.it\/wp-content\/uploads\/2024\/01\/37850-1.webp",250,167,false],"sow-carousel-default":["https:\/\/imagazine.it\/wp-content\/uploads\/2024\/01\/37850-1-272x182.webp",272,182,true]},"rttpg_author":{"display_name":"redazione","author_link":"https:\/\/imagazine.it\/home_desk\/author\/redazione\/"},"rttpg_comment":0,"rttpg_category":"<a href=\"https:\/\/imagazine.it\/home_desk\/category\/attualita\/\" rel=\"category tag\">ATTUALIT\u00c0<\/a>","rttpg_excerpt":"A breve il rinnovo del Consiglio direttivo","_links":{"self":[{"href":"https:\/\/imagazine.it\/home_desk\/wp-json\/wp\/v2\/posts\/37571","targetHints":{"allow":["GET"]}}],"collection":[{"href":"https:\/\/imagazine.it\/home_desk\/wp-json\/wp\/v2\/posts"}],"about":[{"href":"https:\/\/imagazine.it\/home_desk\/wp-json\/wp\/v2\/types\/post"}],"author":[{"embeddable":true,"href":"https:\/\/imagazine.it\/home_desk\/wp-json\/wp\/v2\/users\/28"}],"replies":[{"embeddable":true,"href":"https:\/\/imagazine.it\/home_desk\/wp-json\/wp\/v2\/comments?post=37571"}],"version-history":[{"count":0,"href":"https:\/\/imagazine.it\/home_desk\/wp-json\/wp\/v2\/posts\/37571\/revisions"}],"wp:featuredmedia":[{"embeddable":true,"href":"https:\/\/imagazine.it\/home_desk\/wp-json\/wp\/v2\/media\/37572"}],"wp:attachment":[{"href":"https:\/\/imagazine.it\/home_desk\/wp-json\/wp\/v2\/media?parent=37571"}],"wp:term":[{"taxonomy":"category","embeddable":true,"href":"https:\/\/imagazine.it\/home_desk\/wp-json\/wp\/v2\/categories?post=37571"},{"taxonomy":"post_tag","embeddable":true,"href":"https:\/\/imagazine.it\/home_desk\/wp-json\/wp\/v2\/tags?post=37571"}],"curies":[{"name":"wp","href":"https:\/\/api.w.org\/{rel}","templated":true}]}}