{"id":37559,"date":"2021-01-06T00:00:00","date_gmt":"2021-01-05T23:00:00","guid":{"rendered":"https:\/\/imagazine.it\/?p=37559"},"modified":"2021-01-06T00:00:00","modified_gmt":"2021-01-05T23:00:00","slug":"vaccino-la-testimonianza-di-chi-lo-ha-fatto","status":"publish","type":"post","link":"https:\/\/imagazine.it\/home_desk\/vaccino-la-testimonianza-di-chi-lo-ha-fatto\/","title":{"rendered":"Vaccino, la testimonianza di chi lo ha fatto"},"content":{"rendered":"<p>Mentre il piano vaccinale anti covid in Friuli Venezia Giulia prosegue (<em><a href=\"https:\/\/app.powerbi.com\/view?r=eyJrIjoiMzg4YmI5NDQtZDM5ZC00ZTIyLTgxN2MtOTBkMWM4MTUyYTg0IiwidCI6ImFmZDBhNzVjLTg2NzEtNGNjZS05MDYxLTJjYTBkOTJlNDIyZiIsImMiOjh9\" target=\"_blank\" rel=\"noopener\"><span style=\"color:#0000ff;\">clicca qui per i dati aggiornati<\/span><\/a><\/em>), abbiamo contattato uno di questi \u201cvaccinati\u201d che dovr\u00e0 comunque ricevere la seconda dose, l\u2019ulteriore somministrazione del farmaco al fine di completare interamente la procedura di vaccinazione, che ci ha raccontato il suo iter. \u201cHo ricevuto una comunicazione tramite la struttura dove opero, la Croce Verde di Cervignano del Friuli, che c&#39;era la possibilit\u00e0 per chi lo volesse di effettuare il vaccino anti Covid-19: non ho avuto esitazioni e ho subito cercato di contattare telefonicamente il CUP regionale. A dir il vero la prima giornata ho provato ripetute volte senza per\u00f2 ricevere risposta, anzi, pi\u00f9 volte \u00e8 caduta la linea e ho perci\u00f2 desistito. Nel frattempo ho sentito, tramite i media locali, che nel primo giorno di prenotazioni ben 1.700 persone avevano aderito alla vaccinazione. Ho riprovato il giorno seguente e, quasi per incanto, dopo appena un paio di tentativi dall&#39;altra parte della cornetta c\u2019\u00e8 stata l\u2019attesa risposta; in pochi attimi ho avuto l&#39;appuntamento\u201d.<\/p>\n<p>Nei giorni che hanno preceduto la vaccinazione, il nostro intervistato ha ammesso di aver riflettuto pi\u00f9 volte sulla propria scelta: \u201cSono giunto a una considerazione, quello che facevo era l&#39;unica soluzione per finire con questa pandemia, facendo venir meno la necessit\u00e0 delle chiusure di tante attivit\u00e0 e di tutte quelle attenzioni che si attuano ora, dalle mascherine ai disinfettanti, fino alle distanze sociali con le persone\u201d.<\/p>\n<p>L\u2019appuntamento per la vaccinazione era all\u2019ospedale di Udine: \u201cMi sono presentato con largo anticipo rispetto l\u2019orario stabilito; dopo aver sbrigato le solite formalit\u00e0 burocratiche, eccomi di fronte alla stanzetta con la postazione dedicata. Un&#39;infermiera mi ha fatto entrare e, levata la maglia, ho mostrato il braccio sinistro (viene scritto anche il braccio dove viene somministrato il vaccino), ho girato la testa (come faccio di solito, anche quando donavo il sangue) in modo da non vedere il momento dell&#39;iniezione, e dopo qualche secondo tutto era gi\u00e0 finito. L&#39;infermiera, con la sua \u201cerre\u201d che ne denotava l\u2019origine francese, mi ha avvertito di mantenere tutte le misure di sicurezza attuate fino ad ora. Uscito dalla stanza mi sono fermato in una sala per una quindicina di minuti di osservazione, in caso di reazioni imprevedibili. Rimesso il cappotto son uscito tranquillamente dell&#39;ospedale del capoluogo friulano e sono tonato a casa con in tasca gi\u00e0 il secondo appuntamento per completare questo tipo di vaccinazione\u201d.<\/p>\n","protected":false},"excerpt":{"rendered":"<p>Il racconto di un operatore della Croce Verde<\/p>\n","protected":false},"author":22,"featured_media":37560,"comment_status":"closed","ping_status":"closed","sticky":false,"template":"","format":"standard","meta":{"dwc-title":[],"dwc-content":[],"footnotes":""},"categories":[5],"tags":[],"class_list":["post-37559","post","type-post","status-publish","format-standard","has-post-thumbnail","hentry","category-attualita"],"rttpg_featured_image_url":{"full":["https:\/\/imagazine.it\/wp-content\/uploads\/2024\/01\/37833-1.webp",1000,666,false],"landscape":["https:\/\/imagazine.it\/wp-content\/uploads\/2024\/01\/37833-1.webp",1000,666,false],"portraits":["https:\/\/imagazine.it\/wp-content\/uploads\/2024\/01\/37833-1.webp",1000,666,false],"thumbnail":["https:\/\/imagazine.it\/wp-content\/uploads\/2024\/01\/37833-1-150x150.webp",150,150,true],"medium":["https:\/\/imagazine.it\/wp-content\/uploads\/2024\/01\/37833-1-300x200.webp",300,200,true],"large":["https:\/\/imagazine.it\/wp-content\/uploads\/2024\/01\/37833-1.webp",640,426,false],"thumblist":["https:\/\/imagazine.it\/wp-content\/uploads\/2024\/01\/37833-1.webp",300,200,false],"thumbrelated":["https:\/\/imagazine.it\/wp-content\/uploads\/2024\/01\/37833-1.webp",500,333,false],"meccarouselthumb":["https:\/\/imagazine.it\/wp-content\/uploads\/2024\/01\/37833-1.webp",474,316,false],"gridsquare":["https:\/\/imagazine.it\/wp-content\/uploads\/2024\/01\/37833-1.webp",391,260,false],"tileview":["https:\/\/imagazine.it\/wp-content\/uploads\/2024\/01\/37833-1.webp",300,200,false],"1536x1536":["https:\/\/imagazine.it\/wp-content\/uploads\/2024\/01\/37833-1.webp",1000,666,false],"2048x2048":["https:\/\/imagazine.it\/wp-content\/uploads\/2024\/01\/37833-1.webp",1000,666,false],"newsup-slider-full":["https:\/\/imagazine.it\/wp-content\/uploads\/2024\/01\/37833-1.webp",1000,666,false],"newsup-featured":["https:\/\/imagazine.it\/wp-content\/uploads\/2024\/01\/37833-1.webp",1000,666,false],"newsup-medium":["https:\/\/imagazine.it\/wp-content\/uploads\/2024\/01\/37833-1-720x380.webp",720,380,true],"tptn_thumbnail":["https:\/\/imagazine.it\/wp-content\/uploads\/2024\/01\/37833-1.webp",250,167,false],"sow-carousel-default":["https:\/\/imagazine.it\/wp-content\/uploads\/2024\/01\/37833-1-272x182.webp",272,182,true]},"rttpg_author":{"display_name":"Livio Nonis","author_link":"https:\/\/imagazine.it\/home_desk\/author\/nonis\/"},"rttpg_comment":0,"rttpg_category":"<a href=\"https:\/\/imagazine.it\/home_desk\/category\/attualita\/\" rel=\"category tag\">ATTUALIT\u00c0<\/a>","rttpg_excerpt":"Il racconto di un operatore della Croce Verde","_links":{"self":[{"href":"https:\/\/imagazine.it\/home_desk\/wp-json\/wp\/v2\/posts\/37559","targetHints":{"allow":["GET"]}}],"collection":[{"href":"https:\/\/imagazine.it\/home_desk\/wp-json\/wp\/v2\/posts"}],"about":[{"href":"https:\/\/imagazine.it\/home_desk\/wp-json\/wp\/v2\/types\/post"}],"author":[{"embeddable":true,"href":"https:\/\/imagazine.it\/home_desk\/wp-json\/wp\/v2\/users\/22"}],"replies":[{"embeddable":true,"href":"https:\/\/imagazine.it\/home_desk\/wp-json\/wp\/v2\/comments?post=37559"}],"version-history":[{"count":0,"href":"https:\/\/imagazine.it\/home_desk\/wp-json\/wp\/v2\/posts\/37559\/revisions"}],"wp:featuredmedia":[{"embeddable":true,"href":"https:\/\/imagazine.it\/home_desk\/wp-json\/wp\/v2\/media\/37560"}],"wp:attachment":[{"href":"https:\/\/imagazine.it\/home_desk\/wp-json\/wp\/v2\/media?parent=37559"}],"wp:term":[{"taxonomy":"category","embeddable":true,"href":"https:\/\/imagazine.it\/home_desk\/wp-json\/wp\/v2\/categories?post=37559"},{"taxonomy":"post_tag","embeddable":true,"href":"https:\/\/imagazine.it\/home_desk\/wp-json\/wp\/v2\/tags?post=37559"}],"curies":[{"name":"wp","href":"https:\/\/api.w.org\/{rel}","templated":true}]}}