{"id":37553,"date":"2021-01-13T00:00:00","date_gmt":"2021-01-12T23:00:00","guid":{"rendered":"https:\/\/imagazine.it\/?p=37553"},"modified":"2021-01-13T00:00:00","modified_gmt":"2021-01-12T23:00:00","slug":"trieste-irace-nuovo-presidente-di-apd-miramar","status":"publish","type":"post","link":"https:\/\/imagazine.it\/home_desk\/trieste-irace-nuovo-presidente-di-apd-miramar\/","title":{"rendered":"Trieste, Irace nuovo presidente di Apd Miramar"},"content":{"rendered":"<p>L\u2019assemblea dei soci di Apd Miramar, l\u2019associazione polisportiva dilettantistica che organizza il Trieste Running Festival, ha eletto all&#39;unanimit\u00e0 <strong>Carlo Irace<\/strong> quale nuovo presidente per il quadriennio 2021-24 dopo le dimissioni dell\u2019uscente <strong>Fabio Carini<\/strong>.<\/p>\n<p>Irace, pensionato delle Forze dell\u2019Ordine, \u00e8 considerato un veterano dell\u2019atletica triestina: \u00e8 stato vicepresidente di Trieste Atletica fino allo scorso dicembre e, in precedenza, ha guidato l&#39;associazione Tram de Opcina.<\/p>\n<p>In Consiglio direttivo sono stati eletti anche gli uscenti <strong>Alessandro Piemonte<\/strong> e <strong>Antonella Derin<\/strong>, oltre a <strong>Luka Kafol<\/strong>.<\/p>\n<p>\u201cRingrazio tutti i soci \u2013 ha affermato Carini \u2013 che sono sempre rimasti al fianco di Miramar, mostrando passione e affezione per i colori e per un gruppo caratterizzato dalla costante condivisione di importanti valori umani e sportivi. Auguro al nuovo presidente di raccogliere tante soddisfazioni nell&#39;arco del suo mandato che, emergenza sanitaria permettendo, riporter\u00e0 sulle strade del nostro territorio il Trieste Running Festival, la kermesse sportiva pi\u00f9 partecipata di tutta la regione\u201d.<\/p>\n<p><a href=\"http:\/\/imagazinevideotruck.it\/outlet\/relink_euro.html\" target=\"_top\" rel=\"noopener\"><img loading=\"lazy\" decoding=\"async\" align=\"LEFT\" height=\"250\" src=\"http:\/\/imagazinevideotruck.it\/outlet\/euromobili_banner_art.jpg\" width=\"300\" alt=\"\" title=\"\"><\/a><\/p>\n<p>\u00a0<\/p>\n<p>\u00a0<\/p>\n<p>\u00a0<\/p>\n<p>\u00a0<\/p>\n<p>\u00a0<\/p>\n<p>\u00a0<\/p>\n<p>\u00a0<\/p>\n<p>\u00a0<\/p>\n<p>\u00a0<\/p>\n<p>\u201cSono onorato e felice \u2013 \u00e8 stato il commento di Irace \u2013 di acquisire una presidenza che \u00e8 sinonimo di responsabilit\u00e0 nei confronti di Trieste. Nel 2020 il Trieste Running Festival \u00e8 dovuto rimanere ai box causa pandemia ma gi\u00e0 quest&#39;anno contiamo di ripartire per quanto possibile. \u00c8 una sfida che condivideremo con le eccellenze locali con l&#39;obiettivo di rivedere in piazza Unit\u00e0 d\u2019Italia un marchio che ha fatto la storia, quello della Bavisela\u201d.<\/p>\n","protected":false},"excerpt":{"rendered":"<p>Succede a Fabio Carini<\/p>\n","protected":false},"author":28,"featured_media":37554,"comment_status":"closed","ping_status":"closed","sticky":false,"template":"","format":"standard","meta":{"dwc-title":[],"dwc-content":[],"footnotes":""},"categories":[38],"tags":[],"class_list":["post-37553","post","type-post","status-publish","format-standard","has-post-thumbnail","hentry","category-sport"],"rttpg_featured_image_url":{"full":["https:\/\/imagazine.it\/wp-content\/uploads\/2024\/01\/37828-1.webp",1000,683,false],"landscape":["https:\/\/imagazine.it\/wp-content\/uploads\/2024\/01\/37828-1.webp",1000,683,false],"portraits":["https:\/\/imagazine.it\/wp-content\/uploads\/2024\/01\/37828-1.webp",1000,683,false],"thumbnail":["https:\/\/imagazine.it\/wp-content\/uploads\/2024\/01\/37828-1-150x150.webp",150,150,true],"medium":["https:\/\/imagazine.it\/wp-content\/uploads\/2024\/01\/37828-1-300x205.webp",300,205,true],"large":["https:\/\/imagazine.it\/wp-content\/uploads\/2024\/01\/37828-1.webp",640,437,false],"thumblist":["https:\/\/imagazine.it\/wp-content\/uploads\/2024\/01\/37828-1.webp",300,205,false],"thumbrelated":["https:\/\/imagazine.it\/wp-content\/uploads\/2024\/01\/37828-1.webp",500,342,false],"meccarouselthumb":["https:\/\/imagazine.it\/wp-content\/uploads\/2024\/01\/37828-1.webp",474,324,false],"gridsquare":["https:\/\/imagazine.it\/wp-content\/uploads\/2024\/01\/37828-1.webp",381,260,false],"tileview":["https:\/\/imagazine.it\/wp-content\/uploads\/2024\/01\/37828-1.webp",300,205,false],"1536x1536":["https:\/\/imagazine.it\/wp-content\/uploads\/2024\/01\/37828-1.webp",1000,683,false],"2048x2048":["https:\/\/imagazine.it\/wp-content\/uploads\/2024\/01\/37828-1.webp",1000,683,false],"newsup-slider-full":["https:\/\/imagazine.it\/wp-content\/uploads\/2024\/01\/37828-1.webp",1000,683,false],"newsup-featured":["https:\/\/imagazine.it\/wp-content\/uploads\/2024\/01\/37828-1.webp",1000,683,false],"newsup-medium":["https:\/\/imagazine.it\/wp-content\/uploads\/2024\/01\/37828-1-720x380.webp",720,380,true],"tptn_thumbnail":["https:\/\/imagazine.it\/wp-content\/uploads\/2024\/01\/37828-1.webp",250,171,false],"sow-carousel-default":["https:\/\/imagazine.it\/wp-content\/uploads\/2024\/01\/37828-1-272x182.webp",272,182,true]},"rttpg_author":{"display_name":"redazione","author_link":"https:\/\/imagazine.it\/home_desk\/author\/redazione\/"},"rttpg_comment":0,"rttpg_category":"<a href=\"https:\/\/imagazine.it\/home_desk\/category\/sport\/\" rel=\"category tag\">SPORT<\/a>","rttpg_excerpt":"Succede a Fabio Carini","_links":{"self":[{"href":"https:\/\/imagazine.it\/home_desk\/wp-json\/wp\/v2\/posts\/37553","targetHints":{"allow":["GET"]}}],"collection":[{"href":"https:\/\/imagazine.it\/home_desk\/wp-json\/wp\/v2\/posts"}],"about":[{"href":"https:\/\/imagazine.it\/home_desk\/wp-json\/wp\/v2\/types\/post"}],"author":[{"embeddable":true,"href":"https:\/\/imagazine.it\/home_desk\/wp-json\/wp\/v2\/users\/28"}],"replies":[{"embeddable":true,"href":"https:\/\/imagazine.it\/home_desk\/wp-json\/wp\/v2\/comments?post=37553"}],"version-history":[{"count":0,"href":"https:\/\/imagazine.it\/home_desk\/wp-json\/wp\/v2\/posts\/37553\/revisions"}],"wp:featuredmedia":[{"embeddable":true,"href":"https:\/\/imagazine.it\/home_desk\/wp-json\/wp\/v2\/media\/37554"}],"wp:attachment":[{"href":"https:\/\/imagazine.it\/home_desk\/wp-json\/wp\/v2\/media?parent=37553"}],"wp:term":[{"taxonomy":"category","embeddable":true,"href":"https:\/\/imagazine.it\/home_desk\/wp-json\/wp\/v2\/categories?post=37553"},{"taxonomy":"post_tag","embeddable":true,"href":"https:\/\/imagazine.it\/home_desk\/wp-json\/wp\/v2\/tags?post=37553"}],"curies":[{"name":"wp","href":"https:\/\/api.w.org\/{rel}","templated":true}]}}