{"id":37539,"date":"2021-01-12T00:00:00","date_gmt":"2021-01-11T23:00:00","guid":{"rendered":"https:\/\/imagazine.it\/?p=37539"},"modified":"2021-01-12T00:00:00","modified_gmt":"2021-01-11T23:00:00","slug":"al-via-le-domande-per-contributi-alle-attivita-per-disabili","status":"publish","type":"post","link":"https:\/\/imagazine.it\/home_desk\/al-via-le-domande-per-contributi-alle-attivita-per-disabili\/","title":{"rendered":"Al via le domande per contributi alle attivit\u00e0 per disabili"},"content":{"rendered":"<p>Al via in Friuli Venezia Giulia le domande per i contributi regionali previsti dal Testo unico regionale del 2003 (legge 8, articolo 18).<\/p>\n<p>Sono oggetto di sostegno regionale l&#39;organizzazione di manifestazioni sportive e l&#39;acquisto di attrezzature specializzate, di equipaggiamenti e di mezzi necessari al trasporto delle <strong>persone con disabilit\u00e0<\/strong>.<\/p>\n<p>C&#39;\u00e8 tempo <strong>fino al 31 gennaio<\/strong> per presentare la domanda esclusivamente mediante l&#39;accesso al sistema informatico Iol (Istanze On Line) utilizzando lo Spid o la Carta dei servizi.<\/p>\n<p>Destinatari dei benefici sono le associazioni sportive affiliate a federazioni sportive paralimpiche o a enti di promozione sportiva e a discipline sportive associate riconosciute dal Comitato paralimpico italiano (Cip), le associazioni sportive affiliate all&#39;Associazione nazionale delle polisportive per l&#39;integrazione sociale (Anpis), altre associazioni e societ\u00e0 sportive, senza fini di lucro, che prevedono specificatamente tra le proprie finalit\u00e0 statutarie l&#39;organizzazione in modo continuativo di attivit\u00e0 e manifestazioni sportive, anche integrate, a favore delle persone con disabilit\u00e0 e i comitati organizzatori locali di manifestazioni sportive, anche integrate, a favore delle persone con disabilit\u00e0. Tutti questi soggetti devono avere sede operativa nel territorio regionale ed essere costituiti da almeno due anni alla data di presentazione ella domanda &#8211; quest&#39;ultimo requisito non vale per i Comitati organizzatori locali.<\/p>\n<p>Le domande possono riferirsi a una sola manifestazione sportiva o un&#39;unica tipologia di acquisto. I contributi regionali, che saranno assegnati per interventi da realizzare dal 1 gennaio al 31 dicembre 2021 e da rendicontare accuratamente, non possono essere superiori a 10 mila euro e potranno essere liquidati in via anticipata in un&#39;unica soluzione qualora richiesto. Il contributo potr\u00e0 essere rideterminato in caso di diminuzione del fabbisogno finanziario e o di spesa rendicontata inferiore al contributo concesso.<\/p>\n<p>&#8220;A fronte di un quadro complicato dalla pandemia &#8211; ha osservato l\u2019assessore regionale allo sport, <strong>Tiziana Gibelli<\/strong> &#8211; il nostro obiettivo \u00e8 garantire la continuit\u00e0 delle risorse. A tale proposito ricordo che non solo tutte le linee contributive previste dalla legge 8\/2003 gi\u00e0 presenti sono state rifinanziate per il 2021 ma anche che sono previsti nuovi spazi di ristoro per progetti di integrazione culturale e sportiva a favore delle persone fragili nel ddl gi\u00e0 approvato dalla Giunta regionale che approder\u00e0 in Aula tra la fine di gennaio e i primi di febbraio&#8221;.<\/p>\n","protected":false},"excerpt":{"rendered":"<p>Erogati dalla Regione<\/p>\n","protected":false},"author":28,"featured_media":37540,"comment_status":"closed","ping_status":"closed","sticky":false,"template":"","format":"standard","meta":{"dwc-title":[],"dwc-content":[],"footnotes":""},"categories":[5],"tags":[],"class_list":["post-37539","post","type-post","status-publish","format-standard","has-post-thumbnail","hentry","category-attualita"],"rttpg_featured_image_url":{"full":["https:\/\/imagazine.it\/wp-content\/uploads\/2024\/01\/37810-1.webp",1000,666,false],"landscape":["https:\/\/imagazine.it\/wp-content\/uploads\/2024\/01\/37810-1.webp",1000,666,false],"portraits":["https:\/\/imagazine.it\/wp-content\/uploads\/2024\/01\/37810-1.webp",1000,666,false],"thumbnail":["https:\/\/imagazine.it\/wp-content\/uploads\/2024\/01\/37810-1-150x150.webp",150,150,true],"medium":["https:\/\/imagazine.it\/wp-content\/uploads\/2024\/01\/37810-1-300x200.webp",300,200,true],"large":["https:\/\/imagazine.it\/wp-content\/uploads\/2024\/01\/37810-1.webp",640,426,false],"thumblist":["https:\/\/imagazine.it\/wp-content\/uploads\/2024\/01\/37810-1.webp",300,200,false],"thumbrelated":["https:\/\/imagazine.it\/wp-content\/uploads\/2024\/01\/37810-1.webp",500,333,false],"meccarouselthumb":["https:\/\/imagazine.it\/wp-content\/uploads\/2024\/01\/37810-1.webp",474,316,false],"gridsquare":["https:\/\/imagazine.it\/wp-content\/uploads\/2024\/01\/37810-1.webp",391,260,false],"tileview":["https:\/\/imagazine.it\/wp-content\/uploads\/2024\/01\/37810-1.webp",300,200,false],"1536x1536":["https:\/\/imagazine.it\/wp-content\/uploads\/2024\/01\/37810-1.webp",1000,666,false],"2048x2048":["https:\/\/imagazine.it\/wp-content\/uploads\/2024\/01\/37810-1.webp",1000,666,false],"newsup-slider-full":["https:\/\/imagazine.it\/wp-content\/uploads\/2024\/01\/37810-1.webp",1000,666,false],"newsup-featured":["https:\/\/imagazine.it\/wp-content\/uploads\/2024\/01\/37810-1.webp",1000,666,false],"newsup-medium":["https:\/\/imagazine.it\/wp-content\/uploads\/2024\/01\/37810-1-720x380.webp",720,380,true],"tptn_thumbnail":["https:\/\/imagazine.it\/wp-content\/uploads\/2024\/01\/37810-1.webp",250,167,false],"sow-carousel-default":["https:\/\/imagazine.it\/wp-content\/uploads\/2024\/01\/37810-1-272x182.webp",272,182,true]},"rttpg_author":{"display_name":"redazione","author_link":"https:\/\/imagazine.it\/home_desk\/author\/redazione\/"},"rttpg_comment":0,"rttpg_category":"<a href=\"https:\/\/imagazine.it\/home_desk\/category\/attualita\/\" rel=\"category tag\">ATTUALIT\u00c0<\/a>","rttpg_excerpt":"Erogati dalla Regione","_links":{"self":[{"href":"https:\/\/imagazine.it\/home_desk\/wp-json\/wp\/v2\/posts\/37539","targetHints":{"allow":["GET"]}}],"collection":[{"href":"https:\/\/imagazine.it\/home_desk\/wp-json\/wp\/v2\/posts"}],"about":[{"href":"https:\/\/imagazine.it\/home_desk\/wp-json\/wp\/v2\/types\/post"}],"author":[{"embeddable":true,"href":"https:\/\/imagazine.it\/home_desk\/wp-json\/wp\/v2\/users\/28"}],"replies":[{"embeddable":true,"href":"https:\/\/imagazine.it\/home_desk\/wp-json\/wp\/v2\/comments?post=37539"}],"version-history":[{"count":0,"href":"https:\/\/imagazine.it\/home_desk\/wp-json\/wp\/v2\/posts\/37539\/revisions"}],"wp:featuredmedia":[{"embeddable":true,"href":"https:\/\/imagazine.it\/home_desk\/wp-json\/wp\/v2\/media\/37540"}],"wp:attachment":[{"href":"https:\/\/imagazine.it\/home_desk\/wp-json\/wp\/v2\/media?parent=37539"}],"wp:term":[{"taxonomy":"category","embeddable":true,"href":"https:\/\/imagazine.it\/home_desk\/wp-json\/wp\/v2\/categories?post=37539"},{"taxonomy":"post_tag","embeddable":true,"href":"https:\/\/imagazine.it\/home_desk\/wp-json\/wp\/v2\/tags?post=37539"}],"curies":[{"name":"wp","href":"https:\/\/api.w.org\/{rel}","templated":true}]}}