{"id":37533,"date":"2021-01-12T00:00:00","date_gmt":"2021-01-11T23:00:00","guid":{"rendered":"https:\/\/imagazine.it\/?p=37533"},"modified":"2021-01-12T00:00:00","modified_gmt":"2021-01-11T23:00:00","slug":"palmanova-ultimati-i-lavori-allex-caserma-montesanto","status":"publish","type":"post","link":"https:\/\/imagazine.it\/home_desk\/palmanova-ultimati-i-lavori-allex-caserma-montesanto\/","title":{"rendered":"Palmanova, ultimati i lavori all&#8217;ex Caserma Montesanto"},"content":{"rendered":"<p>Si sono conclusi di lavori di adeguamento ed efficientamento energetico all\u2019ex Caserma napoleonica Montesanto di Palmanova. L\u2019intervento ha riguardato<strong>\u00a0l\u2019ampia sala mostre presente nel sottotetto oltre ai vani e rampa d\u2019accesso alla stessa<\/strong>: \u00e8 stato installato un impianto di\u00a0<strong>climatizzazione invernale ed estiva<\/strong>, prima non presente, adeguato l\u2019impianto elettrico e antintrusione, realizzato un sistema anti-caduta dalle finestre (simile a quello presente nei piani inferiori) e sostituite le finestre danneggiate.<\/p>\n<p>Nel corpo laterale di accesso alla sala sono stati\u00a0<strong>sostituiti gli infissi<\/strong>\u00a0con altri di sicurezza a bassa dispersione,\u00a0<strong>migliorata l\u2019illuminazione<\/strong>, sostituita la porta d\u2019ingresso e la copertura in policarbonato oltre a essere intervenuti sull\u2019isolamento termico e impermeabilizzazione dei vani. Il quadro economico complessivo vede un investimento di oltre 525.000 euro.<\/p>\n<p>\u201c\u00c8 stato un grande intervento, necessario a rendere molto pi\u00f9 efficiente l\u2019edificio, permettendoci cos\u00ec di sfruttare in modo pi\u00f9\u00a0<strong>versatile la grande e suggestiva sala espositiva al piano superiore, lunga quasi 70 metri<\/strong>. La destinazione culturale di quest\u2019ultima \u00e8 indubbia ma valuteremo anche altri scopi collegati all\u2019utilizzo dell\u2019intera struttura, ora pronta ad accogliere sia eventuali servizi pubblici che privati. Con il completamento dei lavori avremo un nuovo contenitore dove poter\u00a0<strong>organizzare iniziative ed esposizioni, un ampio spazio confortevole, in un contesto storico di indubbio fascino<\/strong>, a ridosso dei Bastioni\u201d, afferma il sindaco <strong>Francesco Martines<\/strong>.<\/p>\n<p>L\u2019ex caserma Montesanto, chiamata cos\u00ec dopo la Prima guerra mondiale, \u00e8 situata all&#39;interno della citt\u00e0-fortezza di Palmanova, alla base del baluardo Grimani.\u00a0<strong>\u00c8 una delle tre caserme difensive che il Corpo Imperiale del Genio Militare Francese fece costruire, tra il 1808 e il 1813<\/strong>, durante la seconda occupazione di Palmanova da parte di Napoleone. L&#39;edificio lungo circa 78 metri e largo 11 \u00e8 realizzato in pietra viva.<\/p>\n<p>Alcuni lavori di consolidamento, alla fine degli anni &#39;80, avevano portato alla realizzazione del grande spazio del sottotetto scandito da archi e all&#39;apertura delle finestre.<\/p>\n<p>Nel 1993, con un ulteriore intervento,\u00a0<strong>sono stati realizzati i due elementi di nuova costruzione<\/strong>\u00a0per permettere la fruizione degli spazi e la circolazione attraverso i piani esistenti e i vani accessori, inglobati nei cavalieri veneziani.<\/p>\n<p><a href=\"http:\/\/imagazinevideotruck.it\/outlet\/relink.html\" target=\"_top\" rel=\"noopener\"><img loading=\"lazy\" decoding=\"async\" align=\"LEFT\" height=\"250\" src=\"http:\/\/imagazinevideotruck.it\/outlet\/outlet30.gif\" width=\"300\" alt=\"\" title=\"\"><\/a><\/p>\n<p>\u00a0<\/p>\n<p>\u00a0<\/p>\n<p>\u00a0<\/p>\n<p>\u00a0<\/p>\n<p>\u00a0<\/p>\n<p>\u00a0<\/p>\n<p>\u00a0<\/p>\n<p>\u00a0<\/p>\n<p>\u00a0<\/p>\n<p>L&#39;immobile, una volta trasferito al patrimonio del Comune di Palmanova, \u00e8 stato anche oggetto d\u2019interventi di restauro da parte del Ministero per i Beni Culturali.<\/p>\n","protected":false},"excerpt":{"rendered":"<p>Investimento di oltre 525.000 euro<\/p>\n","protected":false},"author":28,"featured_media":37534,"comment_status":"closed","ping_status":"closed","sticky":false,"template":"","format":"standard","meta":{"dwc-title":[],"dwc-content":[],"footnotes":""},"categories":[5],"tags":[],"class_list":["post-37533","post","type-post","status-publish","format-standard","has-post-thumbnail","hentry","category-attualita"],"rttpg_featured_image_url":{"full":["https:\/\/imagazine.it\/wp-content\/uploads\/2024\/01\/37795-1.webp",1000,750,false],"landscape":["https:\/\/imagazine.it\/wp-content\/uploads\/2024\/01\/37795-1.webp",1000,750,false],"portraits":["https:\/\/imagazine.it\/wp-content\/uploads\/2024\/01\/37795-1.webp",1000,750,false],"thumbnail":["https:\/\/imagazine.it\/wp-content\/uploads\/2024\/01\/37795-1-150x150.webp",150,150,true],"medium":["https:\/\/imagazine.it\/wp-content\/uploads\/2024\/01\/37795-1-300x225.webp",300,225,true],"large":["https:\/\/imagazine.it\/wp-content\/uploads\/2024\/01\/37795-1.webp",640,480,false],"thumblist":["https:\/\/imagazine.it\/wp-content\/uploads\/2024\/01\/37795-1.webp",300,225,false],"thumbrelated":["https:\/\/imagazine.it\/wp-content\/uploads\/2024\/01\/37795-1.webp",500,375,false],"meccarouselthumb":["https:\/\/imagazine.it\/wp-content\/uploads\/2024\/01\/37795-1.webp",432,324,false],"gridsquare":["https:\/\/imagazine.it\/wp-content\/uploads\/2024\/01\/37795-1.webp",347,260,false],"tileview":["https:\/\/imagazine.it\/wp-content\/uploads\/2024\/01\/37795-1.webp",300,225,false],"1536x1536":["https:\/\/imagazine.it\/wp-content\/uploads\/2024\/01\/37795-1.webp",1000,750,false],"2048x2048":["https:\/\/imagazine.it\/wp-content\/uploads\/2024\/01\/37795-1.webp",1000,750,false],"newsup-slider-full":["https:\/\/imagazine.it\/wp-content\/uploads\/2024\/01\/37795-1-1000x720.webp",1000,720,true],"newsup-featured":["https:\/\/imagazine.it\/wp-content\/uploads\/2024\/01\/37795-1.webp",1000,750,false],"newsup-medium":["https:\/\/imagazine.it\/wp-content\/uploads\/2024\/01\/37795-1-720x380.webp",720,380,true],"tptn_thumbnail":["https:\/\/imagazine.it\/wp-content\/uploads\/2024\/01\/37795-1.webp",250,188,false],"sow-carousel-default":["https:\/\/imagazine.it\/wp-content\/uploads\/2024\/01\/37795-1-272x182.webp",272,182,true]},"rttpg_author":{"display_name":"redazione","author_link":"https:\/\/imagazine.it\/home_desk\/author\/redazione\/"},"rttpg_comment":0,"rttpg_category":"<a href=\"https:\/\/imagazine.it\/home_desk\/category\/attualita\/\" rel=\"category tag\">ATTUALIT\u00c0<\/a>","rttpg_excerpt":"Investimento di oltre 525.000 euro","_links":{"self":[{"href":"https:\/\/imagazine.it\/home_desk\/wp-json\/wp\/v2\/posts\/37533","targetHints":{"allow":["GET"]}}],"collection":[{"href":"https:\/\/imagazine.it\/home_desk\/wp-json\/wp\/v2\/posts"}],"about":[{"href":"https:\/\/imagazine.it\/home_desk\/wp-json\/wp\/v2\/types\/post"}],"author":[{"embeddable":true,"href":"https:\/\/imagazine.it\/home_desk\/wp-json\/wp\/v2\/users\/28"}],"replies":[{"embeddable":true,"href":"https:\/\/imagazine.it\/home_desk\/wp-json\/wp\/v2\/comments?post=37533"}],"version-history":[{"count":0,"href":"https:\/\/imagazine.it\/home_desk\/wp-json\/wp\/v2\/posts\/37533\/revisions"}],"wp:featuredmedia":[{"embeddable":true,"href":"https:\/\/imagazine.it\/home_desk\/wp-json\/wp\/v2\/media\/37534"}],"wp:attachment":[{"href":"https:\/\/imagazine.it\/home_desk\/wp-json\/wp\/v2\/media?parent=37533"}],"wp:term":[{"taxonomy":"category","embeddable":true,"href":"https:\/\/imagazine.it\/home_desk\/wp-json\/wp\/v2\/categories?post=37533"},{"taxonomy":"post_tag","embeddable":true,"href":"https:\/\/imagazine.it\/home_desk\/wp-json\/wp\/v2\/tags?post=37533"}],"curies":[{"name":"wp","href":"https:\/\/api.w.org\/{rel}","templated":true}]}}