{"id":37491,"date":"2021-01-05T00:00:00","date_gmt":"2021-01-04T23:00:00","guid":{"rendered":"https:\/\/imagazine.it\/?p=37491"},"modified":"2021-01-05T00:00:00","modified_gmt":"2021-01-04T23:00:00","slug":"riaperta-la-strada-tra-forni-avoltri-e-collina","status":"publish","type":"post","link":"https:\/\/imagazine.it\/home_desk\/riaperta-la-strada-tra-forni-avoltri-e-collina\/","title":{"rendered":"Riaperta la strada tra Forni Avoltri e Collina"},"content":{"rendered":"<p>Riaperta la strada che da Forni Avoltri porta alla frazione di Collina chiusa dal 5 dicembre scorso a causa di una frana.<\/p>\n<p>Lo ha comunicato il vicegovernatore con delega alla Protezione civile del Friuli Venezia Giulia, <strong>Riccardo Riccardi<\/strong>.<\/p>\n<p>Nel dettaglio, come ha spiegato lo stesso Riccardi, nella prima fase dei lavori, eseguiti dalla Protezione civile regionale, si \u00e8 provveduto all&#39;asportazione del materiale franato sulla viabilit\u00e0, dopo di che \u00e8 stato messo in sicurezza il versante con un taglio della vegetazione e con la rimozione di altro materiale che rischiava di scivolare a valle sulla strada.<\/p>\n<p><a href=\"http:\/\/imagazinevideotruck.it\/outlet\/relink.html\" target=\"_top\" rel=\"noopener\"><img loading=\"lazy\" decoding=\"async\" align=\"LEFT\" height=\"250\" src=\"http:\/\/imagazinevideotruck.it\/outlet\/outlet30.gif\" width=\"300\" alt=\"\" title=\"\"><\/a><\/p>\n<p>\u00a0<\/p>\n<p>\u00a0<\/p>\n<p>\u00a0<\/p>\n<p>\u00a0<\/p>\n<p>\u00a0<\/p>\n<p>\u00a0<\/p>\n<p>\u00a0<\/p>\n<p>\u00a0<\/p>\n<p>\u00a0<\/p>\n<p>Si tratta, come ha specificato il vicegovernatore, di una soluzione provvisoria. Infatti \u00e8 gi\u00e0 stata predisposta la realizzazione di un&#39;opera definitiva che andr\u00e0 a mitigare definitivamente il rischio.<\/p>\n","protected":false},"excerpt":{"rendered":"<p>Dopo la frana del 5 dicembre<\/p>\n","protected":false},"author":28,"featured_media":37492,"comment_status":"closed","ping_status":"closed","sticky":false,"template":"","format":"standard","meta":{"dwc-title":[],"dwc-content":[],"footnotes":""},"categories":[5],"tags":[],"class_list":["post-37491","post","type-post","status-publish","format-standard","has-post-thumbnail","hentry","category-attualita"],"rttpg_featured_image_url":{"full":["https:\/\/imagazine.it\/wp-content\/uploads\/2024\/01\/37714-1.webp",1000,675,false],"landscape":["https:\/\/imagazine.it\/wp-content\/uploads\/2024\/01\/37714-1.webp",1000,675,false],"portraits":["https:\/\/imagazine.it\/wp-content\/uploads\/2024\/01\/37714-1.webp",1000,675,false],"thumbnail":["https:\/\/imagazine.it\/wp-content\/uploads\/2024\/01\/37714-1-150x150.webp",150,150,true],"medium":["https:\/\/imagazine.it\/wp-content\/uploads\/2024\/01\/37714-1-300x203.webp",300,203,true],"large":["https:\/\/imagazine.it\/wp-content\/uploads\/2024\/01\/37714-1.webp",640,432,false],"thumblist":["https:\/\/imagazine.it\/wp-content\/uploads\/2024\/01\/37714-1.webp",300,203,false],"thumbrelated":["https:\/\/imagazine.it\/wp-content\/uploads\/2024\/01\/37714-1.webp",500,338,false],"meccarouselthumb":["https:\/\/imagazine.it\/wp-content\/uploads\/2024\/01\/37714-1.webp",474,320,false],"gridsquare":["https:\/\/imagazine.it\/wp-content\/uploads\/2024\/01\/37714-1.webp",385,260,false],"tileview":["https:\/\/imagazine.it\/wp-content\/uploads\/2024\/01\/37714-1.webp",300,203,false],"1536x1536":["https:\/\/imagazine.it\/wp-content\/uploads\/2024\/01\/37714-1.webp",1000,675,false],"2048x2048":["https:\/\/imagazine.it\/wp-content\/uploads\/2024\/01\/37714-1.webp",1000,675,false],"newsup-slider-full":["https:\/\/imagazine.it\/wp-content\/uploads\/2024\/01\/37714-1.webp",1000,675,false],"newsup-featured":["https:\/\/imagazine.it\/wp-content\/uploads\/2024\/01\/37714-1.webp",1000,675,false],"newsup-medium":["https:\/\/imagazine.it\/wp-content\/uploads\/2024\/01\/37714-1-720x380.webp",720,380,true],"tptn_thumbnail":["https:\/\/imagazine.it\/wp-content\/uploads\/2024\/01\/37714-1.webp",250,169,false],"sow-carousel-default":["https:\/\/imagazine.it\/wp-content\/uploads\/2024\/01\/37714-1-272x182.webp",272,182,true]},"rttpg_author":{"display_name":"redazione","author_link":"https:\/\/imagazine.it\/home_desk\/author\/redazione\/"},"rttpg_comment":0,"rttpg_category":"<a href=\"https:\/\/imagazine.it\/home_desk\/category\/attualita\/\" rel=\"category tag\">ATTUALIT\u00c0<\/a>","rttpg_excerpt":"Dopo la frana del 5 dicembre","_links":{"self":[{"href":"https:\/\/imagazine.it\/home_desk\/wp-json\/wp\/v2\/posts\/37491","targetHints":{"allow":["GET"]}}],"collection":[{"href":"https:\/\/imagazine.it\/home_desk\/wp-json\/wp\/v2\/posts"}],"about":[{"href":"https:\/\/imagazine.it\/home_desk\/wp-json\/wp\/v2\/types\/post"}],"author":[{"embeddable":true,"href":"https:\/\/imagazine.it\/home_desk\/wp-json\/wp\/v2\/users\/28"}],"replies":[{"embeddable":true,"href":"https:\/\/imagazine.it\/home_desk\/wp-json\/wp\/v2\/comments?post=37491"}],"version-history":[{"count":0,"href":"https:\/\/imagazine.it\/home_desk\/wp-json\/wp\/v2\/posts\/37491\/revisions"}],"wp:featuredmedia":[{"embeddable":true,"href":"https:\/\/imagazine.it\/home_desk\/wp-json\/wp\/v2\/media\/37492"}],"wp:attachment":[{"href":"https:\/\/imagazine.it\/home_desk\/wp-json\/wp\/v2\/media?parent=37491"}],"wp:term":[{"taxonomy":"category","embeddable":true,"href":"https:\/\/imagazine.it\/home_desk\/wp-json\/wp\/v2\/categories?post=37491"},{"taxonomy":"post_tag","embeddable":true,"href":"https:\/\/imagazine.it\/home_desk\/wp-json\/wp\/v2\/tags?post=37491"}],"curies":[{"name":"wp","href":"https:\/\/api.w.org\/{rel}","templated":true}]}}