{"id":37489,"date":"2021-01-05T00:00:00","date_gmt":"2021-01-04T23:00:00","guid":{"rendered":"https:\/\/imagazine.it\/?p=37489"},"modified":"2021-01-05T00:00:00","modified_gmt":"2021-01-04T23:00:00","slug":"grado-contributi-per-le-persone-in-difficolta-a-causa-della-pandemia","status":"publish","type":"post","link":"https:\/\/imagazine.it\/home_desk\/grado-contributi-per-le-persone-in-difficolta-a-causa-della-pandemia\/","title":{"rendered":"Grado, contributi per le persone in difficolt\u00e0 a causa della pandemia"},"content":{"rendered":"<p>L\u2019amministrazione comunale di Grado ha deliberato nell\u2019ultima giunta del 30 dicembre scorso, e ora in corso di erogazione, nuovi interventi di sostegno delle persone in difficolt\u00e0 a causa dell\u2019emergenza pandemica.<\/p>\n<p>Gli interventi si suddividono in 4 misure.<\/p>\n<p>La prima \u00e8 una\u00a0<strong>nuova erogazione della carta famiglia<\/strong>\u00a0(fondi assegnati 100.000 euro), dedicata ai nuclei in possesso di carta famiglia con Isee fino a 15.000 euro, e che verranno assegnati a seconda della fascia di intensit\u00e0 (con 1.000, 1.300 e 1.500 euro) mentre per chi ha gi\u00e0 beneficiato della prima erogazione i sostegni sono dimezzati.<\/p>\n<p>Un altro \u00e8 il\u00a0<strong>contributo e-learning<\/strong>\u00a0(fondi assegnati 40.000 euro)\u00a0per l\u2019acquisto di dispositivi per la didattica a distanza, pari all\u201980% della spesa sostenuta fino a massimo 500 euro per ciascun figlio a carico e soglia Isee fino a 20.000 euro.<\/p>\n<p>Un\u2019altra misura \u00e8 il\u00a0<strong>contributo per nuclei unifamiliari<\/strong>\u00a0(fondi assegnati 50.000 euro) rivolto ai nuclei unifamiliari con Isee fino a 12.000 euro a cui \u00e8 dedicato un sostegno economico una tantum di 750 euro, in riconoscimento alle difficolt\u00e0 causate dal Covid-19. Tra i requisiti le disponibilit\u00e0 finanziarie liquide al 31 dicembre 2020 sotto i 5.000 euro e aver subito la riduzione della capacit\u00e0 reddituale a causa della pandemia.<\/p>\n<p>Infine l\u2019amministrazione comunale ha previsto un\u00a0<strong>contributo per nuclei familiari privi di carta famiglia\u00a0<\/strong>(fondi assegnati 80.000 euro) rivolto ai nuclei familiari con Isee fino a 15.000 euro a cui \u00e8 assegnato un contributo economico un tantum di 1.000 euro.<\/p>\n<p><a href=\"http:\/\/imagazinevideotruck.it\/outlet\/relink.html\" target=\"_top\" rel=\"noopener\"><img loading=\"lazy\" decoding=\"async\" align=\"LEFT\" height=\"250\" src=\"http:\/\/imagazinevideotruck.it\/outlet\/outlet30.gif\" width=\"300\" alt=\"\" title=\"\"><\/a><\/p>\n<p>\u00a0<\/p>\n<p>\u00a0<\/p>\n<p>\u00a0<\/p>\n<p>\u00a0<\/p>\n<p>\u00a0<\/p>\n<p>\u00a0<\/p>\n<p>\u00a0<\/p>\n<p>\u00a0<\/p>\n<p>\u00a0<\/p>\n<p>Inoltre, grazie a risorse statali, a Grado \u00e8 stato assegnato un fondo di 42.836,64 euro\u00a0da impiegare come<strong>\u00a0contributo per buoni spesa<\/strong>. I criteri di assegnazione sono identici all\u2019ultima erogazione e variano a seconda dei componenti del nucleo familiare (1 componente 150 euro, 2 componenti 250 euro, 3 componenti 350 euro, 4 componenti 450 euro, 5 e pi\u00f9 componenti 600 euro).<\/p>\n<p>La richiesta di buoni spesa avviene attraverso modulo di autodichiarazione in cui il richiedente, uno per famiglia, dichiara, oltre ai dati anagrafici relativi alla composizione del nucleo e la riduzione della capacit\u00e0 reddituale, le spese sostenute nel mese di ottobre per utenze, canone di affitto per ottobre, rata mutuo in corso, i redditi netti ottenuti nel mese di ottobre, redditi presenti nel mese di novembre.<\/p>\n<p>La richiesta va fatta online compilando il modulo disponibile sul <u><a href=\"http:\/\/www.comunegrado.it\" target=\"_blank\" rel=\"noopener\">sito del Comune di Grado<\/a><\/u>, anche da smartphone e inviarlo via posta elettronica a\u00a0<a href=\"mailto:protocollo@comunegrado.it\" target=\"_blank\" rel=\"noopener\">protocollo@comunegrado.it<\/a>\u00a0o telefonicamente, contattando i numeri del servizio socio assistenziale comunale.<\/p>\n<p>Bandi e modulistica per ogni singola misura verr\u00e0 pubblicata sul <u><a href=\"http:\/\/www.comunegrado.it\" target=\"_blank\" rel=\"noopener\">sito del Comune di Grado<\/a><\/u>\u00a0da luned\u00ec 11 gennaio a partire dall\u2019erogazione dei buoni alimentari.<\/p>\n","protected":false},"excerpt":{"rendered":"<p>Il Comune eroga 312 mila euro<\/p>\n","protected":false},"author":28,"featured_media":37490,"comment_status":"closed","ping_status":"closed","sticky":false,"template":"","format":"standard","meta":{"dwc-title":[],"dwc-content":[],"footnotes":""},"categories":[5],"tags":[],"class_list":["post-37489","post","type-post","status-publish","format-standard","has-post-thumbnail","hentry","category-attualita"],"rttpg_featured_image_url":{"full":["https:\/\/imagazine.it\/wp-content\/uploads\/2024\/01\/37713-1.webp",1000,539,false],"landscape":["https:\/\/imagazine.it\/wp-content\/uploads\/2024\/01\/37713-1.webp",1000,539,false],"portraits":["https:\/\/imagazine.it\/wp-content\/uploads\/2024\/01\/37713-1.webp",1000,539,false],"thumbnail":["https:\/\/imagazine.it\/wp-content\/uploads\/2024\/01\/37713-1-150x150.webp",150,150,true],"medium":["https:\/\/imagazine.it\/wp-content\/uploads\/2024\/01\/37713-1-300x162.webp",300,162,true],"large":["https:\/\/imagazine.it\/wp-content\/uploads\/2024\/01\/37713-1.webp",640,345,false],"thumblist":["https:\/\/imagazine.it\/wp-content\/uploads\/2024\/01\/37713-1.webp",300,162,false],"thumbrelated":["https:\/\/imagazine.it\/wp-content\/uploads\/2024\/01\/37713-1.webp",500,270,false],"meccarouselthumb":["https:\/\/imagazine.it\/wp-content\/uploads\/2024\/01\/37713-1.webp",474,255,false],"gridsquare":["https:\/\/imagazine.it\/wp-content\/uploads\/2024\/01\/37713-1.webp",391,211,false],"tileview":["https:\/\/imagazine.it\/wp-content\/uploads\/2024\/01\/37713-1.webp",300,162,false],"1536x1536":["https:\/\/imagazine.it\/wp-content\/uploads\/2024\/01\/37713-1.webp",1000,539,false],"2048x2048":["https:\/\/imagazine.it\/wp-content\/uploads\/2024\/01\/37713-1.webp",1000,539,false],"newsup-slider-full":["https:\/\/imagazine.it\/wp-content\/uploads\/2024\/01\/37713-1.webp",1000,539,false],"newsup-featured":["https:\/\/imagazine.it\/wp-content\/uploads\/2024\/01\/37713-1.webp",1000,539,false],"newsup-medium":["https:\/\/imagazine.it\/wp-content\/uploads\/2024\/01\/37713-1-720x380.webp",720,380,true],"tptn_thumbnail":["https:\/\/imagazine.it\/wp-content\/uploads\/2024\/01\/37713-1.webp",250,135,false],"sow-carousel-default":["https:\/\/imagazine.it\/wp-content\/uploads\/2024\/01\/37713-1-272x182.webp",272,182,true]},"rttpg_author":{"display_name":"redazione","author_link":"https:\/\/imagazine.it\/home_desk\/author\/redazione\/"},"rttpg_comment":0,"rttpg_category":"<a href=\"https:\/\/imagazine.it\/home_desk\/category\/attualita\/\" rel=\"category tag\">ATTUALIT\u00c0<\/a>","rttpg_excerpt":"Il Comune eroga 312 mila euro","_links":{"self":[{"href":"https:\/\/imagazine.it\/home_desk\/wp-json\/wp\/v2\/posts\/37489","targetHints":{"allow":["GET"]}}],"collection":[{"href":"https:\/\/imagazine.it\/home_desk\/wp-json\/wp\/v2\/posts"}],"about":[{"href":"https:\/\/imagazine.it\/home_desk\/wp-json\/wp\/v2\/types\/post"}],"author":[{"embeddable":true,"href":"https:\/\/imagazine.it\/home_desk\/wp-json\/wp\/v2\/users\/28"}],"replies":[{"embeddable":true,"href":"https:\/\/imagazine.it\/home_desk\/wp-json\/wp\/v2\/comments?post=37489"}],"version-history":[{"count":0,"href":"https:\/\/imagazine.it\/home_desk\/wp-json\/wp\/v2\/posts\/37489\/revisions"}],"wp:featuredmedia":[{"embeddable":true,"href":"https:\/\/imagazine.it\/home_desk\/wp-json\/wp\/v2\/media\/37490"}],"wp:attachment":[{"href":"https:\/\/imagazine.it\/home_desk\/wp-json\/wp\/v2\/media?parent=37489"}],"wp:term":[{"taxonomy":"category","embeddable":true,"href":"https:\/\/imagazine.it\/home_desk\/wp-json\/wp\/v2\/categories?post=37489"},{"taxonomy":"post_tag","embeddable":true,"href":"https:\/\/imagazine.it\/home_desk\/wp-json\/wp\/v2\/tags?post=37489"}],"curies":[{"name":"wp","href":"https:\/\/api.w.org\/{rel}","templated":true}]}}