{"id":37465,"date":"2021-01-04T00:00:00","date_gmt":"2021-01-03T23:00:00","guid":{"rendered":"https:\/\/imagazine.it\/?p=37465"},"modified":"2021-01-04T00:00:00","modified_gmt":"2021-01-03T23:00:00","slug":"servizio-civile-in-fvg-decine-di-posti-disponibili-2","status":"publish","type":"post","link":"https:\/\/imagazine.it\/home_desk\/servizio-civile-in-fvg-decine-di-posti-disponibili-2\/","title":{"rendered":"Servizio civile, in FVG decine di posti disponibili"},"content":{"rendered":"<p>Sono nove i progetti di Servizio Civile Universale proposti da Federsolidariet\u00e0 Fvg e messi in campo, tra il 2021 e il 2022, da tre Consorzi di cooperative sociali e culturali che offrono la disponibilit\u00e0 di alcune decine di posti nelle quattro ex province della regione.<\/p>\n<p>\u00abTutti i progetti \u2013 spiega <strong>Luca Fontana<\/strong>, presidente di Federsolidariet\u00e0 Fvg \u2013 sono reperibili sul portale che abbiamo realizzato appositamente: <u><a href=\"http:\/\/www.serviziocivilefvg.it\/\" target=\"_blank\" rel=\"noopener\">www.serviziocivilefvg.it<\/a><\/u> \u00a0unitamente ai riferimenti per prendere contatto e informarsi presso i tre Consorzi di cooperative accreditati alla presentazione dei progetti: Consorzio Interland (4 progetti), Consorzio Il Mosaico (3 progetti), Consorzio Leonardo (2 progetti). I giovani volontari, per questa esperienza formativa, potranno cos\u00ec cimentarsi negli ambiti dei minori in difficolt\u00e0, delle disabilit\u00e0 e delle fragilit\u00e0 sociali (alcune di queste acuite dalla pandemia) oltre che della formazione e della sensibilizzazione alla tutela ambientale\u00bb.<\/p>\n<p>Ogni singolo progetto \u00e8 parte integrante di un pi\u00f9 ampio programma di intervento che risponde a uno o pi\u00f9 obiettivi dell\u2019Agenda 2030 per lo sviluppo sostenibile delle Nazioni Unite e riguarda uno specifico ambito di azione, individuato tra quelli indicati nel Piano triennale 2020-2022 per la programmazione del Servizio Civile Universale. I progetti hanno la durata di 12 mesi e prevedono un impegno settimanale fisso (25 ore). Il volontario che prender\u00e0 servizio, stipuler\u00e0 un contratto con il Dipartimento per le politiche giovanili e il servizio civile e ricever\u00e0, direttamente da questo, un assegno mensile di 439,50 euro.<\/p>\n<p><a href=\"http:\/\/imagazinevideotruck.it\/outlet\/relink.html\" target=\"_top\" rel=\"noopener\"><img loading=\"lazy\" decoding=\"async\" align=\"LEFT\" height=\"250\" src=\"http:\/\/imagazinevideotruck.it\/outlet\/outlet30.gif\" width=\"300\" alt=\"\" title=\"\"><\/a><\/p>\n<p>\u00a0<\/p>\n<p>\u00a0<\/p>\n<p>\u00a0<\/p>\n<p>\u00a0<\/p>\n<p>\u00a0<\/p>\n<p>\u00a0<\/p>\n<p>\u00a0<\/p>\n<p>\u00a0<\/p>\n<p>\u00a0<\/p>\n<p>Per presentare la propria candidatura c&#39;\u00e8 tempo fino alle ore 14 di luned\u00ec 8 febbraio 2021. Gli aspiranti operatori volontari, maschi e femmine, dai 18 ai 28 anni di et\u00e0, devono presentare la domanda esclusivamente attraverso la piattaforma Domanda on Line (DOL) all\u2019indirizzo <u><a href=\"https:\/\/domandaonline.serviziocivile.it\/\" target=\"_blank\" rel=\"noopener\">https:\/\/domandaonline.serviziocivile.it<\/a><\/u>, ma i referenti dei tre Consorzi guideranno i richiedenti nella procedura online.<\/p>\n<p>\u00abIl Servizio Civile \u00e8 indubbiamente un efficace strumento per aiutare gli altri \u2013 chiosa Fontana \u2013 ma, al contempo, rappresenta un\u2019autentica occasione di crescita personale e professionale per i giovani che vi si dedicano, oltre che una possibile opportunit\u00e0 di impiego futuro\u00bb.<\/p>\n<p>\u00a0<\/p>\n","protected":false},"excerpt":{"rendered":"<p>Appello di Federsolidariet\u00e0<\/p>\n","protected":false},"author":28,"featured_media":37466,"comment_status":"closed","ping_status":"closed","sticky":false,"template":"","format":"standard","meta":{"dwc-title":[],"dwc-content":[],"footnotes":""},"categories":[5],"tags":[],"class_list":["post-37465","post","type-post","status-publish","format-standard","has-post-thumbnail","hentry","category-attualita"],"rttpg_featured_image_url":{"full":["https:\/\/imagazine.it\/wp-content\/uploads\/2024\/01\/37664-2.webp",1000,826,false],"landscape":["https:\/\/imagazine.it\/wp-content\/uploads\/2024\/01\/37664-2.webp",1000,826,false],"portraits":["https:\/\/imagazine.it\/wp-content\/uploads\/2024\/01\/37664-2.webp",1000,826,false],"thumbnail":["https:\/\/imagazine.it\/wp-content\/uploads\/2024\/01\/37664-2-150x150.webp",150,150,true],"medium":["https:\/\/imagazine.it\/wp-content\/uploads\/2024\/01\/37664-2-300x248.webp",300,248,true],"large":["https:\/\/imagazine.it\/wp-content\/uploads\/2024\/01\/37664-2.webp",640,529,false],"thumblist":["https:\/\/imagazine.it\/wp-content\/uploads\/2024\/01\/37664-2.webp",300,248,false],"thumbrelated":["https:\/\/imagazine.it\/wp-content\/uploads\/2024\/01\/37664-2.webp",500,413,false],"meccarouselthumb":["https:\/\/imagazine.it\/wp-content\/uploads\/2024\/01\/37664-2.webp",392,324,false],"gridsquare":["https:\/\/imagazine.it\/wp-content\/uploads\/2024\/01\/37664-2.webp",315,260,false],"tileview":["https:\/\/imagazine.it\/wp-content\/uploads\/2024\/01\/37664-2.webp",300,248,false],"1536x1536":["https:\/\/imagazine.it\/wp-content\/uploads\/2024\/01\/37664-2.webp",1000,826,false],"2048x2048":["https:\/\/imagazine.it\/wp-content\/uploads\/2024\/01\/37664-2.webp",1000,826,false],"newsup-slider-full":["https:\/\/imagazine.it\/wp-content\/uploads\/2024\/01\/37664-2-1000x720.webp",1000,720,true],"newsup-featured":["https:\/\/imagazine.it\/wp-content\/uploads\/2024\/01\/37664-2.webp",1000,826,false],"newsup-medium":["https:\/\/imagazine.it\/wp-content\/uploads\/2024\/01\/37664-2-720x380.webp",720,380,true],"tptn_thumbnail":["https:\/\/imagazine.it\/wp-content\/uploads\/2024\/01\/37664-2.webp",250,207,false],"sow-carousel-default":["https:\/\/imagazine.it\/wp-content\/uploads\/2024\/01\/37664-2-272x182.webp",272,182,true]},"rttpg_author":{"display_name":"redazione","author_link":"https:\/\/imagazine.it\/home_desk\/author\/redazione\/"},"rttpg_comment":0,"rttpg_category":"<a href=\"https:\/\/imagazine.it\/home_desk\/category\/attualita\/\" rel=\"category tag\">ATTUALIT\u00c0<\/a>","rttpg_excerpt":"Appello di Federsolidariet\u00e0","_links":{"self":[{"href":"https:\/\/imagazine.it\/home_desk\/wp-json\/wp\/v2\/posts\/37465","targetHints":{"allow":["GET"]}}],"collection":[{"href":"https:\/\/imagazine.it\/home_desk\/wp-json\/wp\/v2\/posts"}],"about":[{"href":"https:\/\/imagazine.it\/home_desk\/wp-json\/wp\/v2\/types\/post"}],"author":[{"embeddable":true,"href":"https:\/\/imagazine.it\/home_desk\/wp-json\/wp\/v2\/users\/28"}],"replies":[{"embeddable":true,"href":"https:\/\/imagazine.it\/home_desk\/wp-json\/wp\/v2\/comments?post=37465"}],"version-history":[{"count":0,"href":"https:\/\/imagazine.it\/home_desk\/wp-json\/wp\/v2\/posts\/37465\/revisions"}],"wp:featuredmedia":[{"embeddable":true,"href":"https:\/\/imagazine.it\/home_desk\/wp-json\/wp\/v2\/media\/37466"}],"wp:attachment":[{"href":"https:\/\/imagazine.it\/home_desk\/wp-json\/wp\/v2\/media?parent=37465"}],"wp:term":[{"taxonomy":"category","embeddable":true,"href":"https:\/\/imagazine.it\/home_desk\/wp-json\/wp\/v2\/categories?post=37465"},{"taxonomy":"post_tag","embeddable":true,"href":"https:\/\/imagazine.it\/home_desk\/wp-json\/wp\/v2\/tags?post=37465"}],"curies":[{"name":"wp","href":"https:\/\/api.w.org\/{rel}","templated":true}]}}