{"id":37461,"date":"2021-01-04T00:00:00","date_gmt":"2021-01-03T23:00:00","guid":{"rendered":"https:\/\/imagazine.it\/?p=37461"},"modified":"2021-01-04T00:00:00","modified_gmt":"2021-01-03T23:00:00","slug":"ronchi-una-mostra-per-la-lotta-contro-lanoressia-2","status":"publish","type":"post","link":"https:\/\/imagazine.it\/home_desk\/ronchi-una-mostra-per-la-lotta-contro-lanoressia-2\/","title":{"rendered":"Ronchi, una mostra per la lotta contro l&#8217;anoressia"},"content":{"rendered":"<p>Risalire la china. Uscire da un tunnel solo apparentemente senza la luce. Mettersi in gioco, realizzando un calendario, servizi fotografici e una mostra che, presto, a <strong>Ronchi dei Legionari<\/strong>, parler\u00e0 di un tema difficile:\u00a0quello dell&#39;anoressia.<\/p>\n<p>Protagonista \u00e8 <strong>Anna Latino<\/strong>, veneta di Conegliano, impiegata di un istituto bancario che, da quel tunnel ci \u00e8 uscita eccome. La sua storia, questo l\u2019obiettivo che si \u00e8 prefissata, deve essere un esempio per riconquistare non solo l&#39;identit\u00e0, ma soprattutto la dignit\u00e0 di una donna.<\/p>\n<p>L&#39;esposizione non sar\u00e0 solo una galleria di immagini di cui \u00e8 la protagonista, ma un messaggio chiaro a chi, nelle sue stesse condizioni di un tempo, fa fatica uscire da quella condizione di malessere e di sofferenza. Un messaggio alle giovani generazioni che non accettano la loro fisicit\u00e0 e si lasciano andare.<\/p>\n<p>\u201cA 20 anni pesavo 28 chili \u2013 racconta \u2013 ed ero praticamente uno zombie. Dalle storie dolorose si impara sempre molto e soprattutto ci si mette in gioco nuovamente. Quello che io ho fatto, aiutata dai medici, dal mio nuovo lavoro e dall&#39;arrivo di Eleonora, mia figlia. Con la maternit\u00e0 \u00e8 arrivata la passione per la fotografia. Mi piace condividere scatti, immagini che debbano suscitare eleganza e mai volgarit\u00e0. Mostrare un corpo che pu\u00f2 reagire alle violenze della storia. Ed \u00e8 quello che voglio dire con la mia mostra\u201d.<\/p>\n<p>Il suo percorso nasce dalla sua infanzia difficile e dal rapporto complicato con il padre. \u201cA 17 anni i primi sintomi. Passai due anni \u2013 sono ancora le parole di Anna \u2013 a mangiare una scatola di piselli al giorno di cui ricordo ancora le calorie, 80 x 100 grammi. Li mangiavo direttamente con le mani e persi via via la conoscenza dell\u2019uso delle posate. Avevo le mani consumate dal calore. I piselli sono sferici e ricordano l\u2019ideale di perfezione tanto amato dalle anoressiche. Da l\u00ec a poco cominciai a perdere peso vertiginosamente, mentre il viso si riempiva di piccola peluria, contro l\u2019ipotermia, e i capelli cadevano copiosi. I muscoli si smagrivano tanto da consumarsi visibilmente\u201d.<\/p>\n<p>\u00c8 l&#39;inizio di un girone dantesco conclusosi solo da pochi anni, da quando Anna ha ripreso in mano la sua vita, la sua mente e il suo corpo.<\/p>\n<p><a href=\"http:\/\/imagazinevideotruck.it\/outlet\/relink.html\" target=\"_top\" rel=\"noopener\"><img loading=\"lazy\" decoding=\"async\" align=\"LEFT\" height=\"250\" src=\"http:\/\/imagazinevideotruck.it\/outlet\/outlet30.gif\" width=\"300\" alt=\"\" title=\"\"><\/a><\/p>\n<p>\u00a0<\/p>\n<p>\u00a0<\/p>\n<p>\u00a0<\/p>\n<p>\u00a0<\/p>\n<p>\u00a0<\/p>\n<p>\u00a0<\/p>\n<p>\u00a0<\/p>\n<p>\u00a0<\/p>\n<p>\u00a0<\/p>\n<p>E ora desidera che la sua dolorosa battaglia, per fortuna vinta, possa diventare un valido appiglio per chi, dall&#39;anoressia, non riesce ancora a uscirne e rifarsi una vita.<\/p>\n","protected":false},"excerpt":{"rendered":"<p>L&#8217;esperienza di Anna Latino<\/p>\n","protected":false},"author":22,"featured_media":37462,"comment_status":"closed","ping_status":"closed","sticky":false,"template":"","format":"standard","meta":{"dwc-title":[],"dwc-content":[],"footnotes":""},"categories":[6],"tags":[],"class_list":["post-37461","post","type-post","status-publish","format-standard","has-post-thumbnail","hentry","category-societa"],"rttpg_featured_image_url":{"full":["https:\/\/imagazine.it\/wp-content\/uploads\/2024\/01\/37659-2.webp",1000,663,false],"landscape":["https:\/\/imagazine.it\/wp-content\/uploads\/2024\/01\/37659-2.webp",1000,663,false],"portraits":["https:\/\/imagazine.it\/wp-content\/uploads\/2024\/01\/37659-2.webp",1000,663,false],"thumbnail":["https:\/\/imagazine.it\/wp-content\/uploads\/2024\/01\/37659-2-150x150.webp",150,150,true],"medium":["https:\/\/imagazine.it\/wp-content\/uploads\/2024\/01\/37659-2-300x199.webp",300,199,true],"large":["https:\/\/imagazine.it\/wp-content\/uploads\/2024\/01\/37659-2.webp",640,424,false],"thumblist":["https:\/\/imagazine.it\/wp-content\/uploads\/2024\/01\/37659-2.webp",300,199,false],"thumbrelated":["https:\/\/imagazine.it\/wp-content\/uploads\/2024\/01\/37659-2.webp",500,332,false],"meccarouselthumb":["https:\/\/imagazine.it\/wp-content\/uploads\/2024\/01\/37659-2.webp",474,314,false],"gridsquare":["https:\/\/imagazine.it\/wp-content\/uploads\/2024\/01\/37659-2.webp",391,260,false],"tileview":["https:\/\/imagazine.it\/wp-content\/uploads\/2024\/01\/37659-2.webp",300,199,false],"1536x1536":["https:\/\/imagazine.it\/wp-content\/uploads\/2024\/01\/37659-2.webp",1000,663,false],"2048x2048":["https:\/\/imagazine.it\/wp-content\/uploads\/2024\/01\/37659-2.webp",1000,663,false],"newsup-slider-full":["https:\/\/imagazine.it\/wp-content\/uploads\/2024\/01\/37659-2.webp",1000,663,false],"newsup-featured":["https:\/\/imagazine.it\/wp-content\/uploads\/2024\/01\/37659-2.webp",1000,663,false],"newsup-medium":["https:\/\/imagazine.it\/wp-content\/uploads\/2024\/01\/37659-2-720x380.webp",720,380,true],"tptn_thumbnail":["https:\/\/imagazine.it\/wp-content\/uploads\/2024\/01\/37659-2.webp",250,166,false],"sow-carousel-default":["https:\/\/imagazine.it\/wp-content\/uploads\/2024\/01\/37659-2-272x182.webp",272,182,true]},"rttpg_author":{"display_name":"Livio Nonis","author_link":"https:\/\/imagazine.it\/home_desk\/author\/nonis\/"},"rttpg_comment":0,"rttpg_category":"<a href=\"https:\/\/imagazine.it\/home_desk\/category\/societa\/\" rel=\"category tag\">SOCIET\u00c0<\/a>","rttpg_excerpt":"L'esperienza di Anna Latino","_links":{"self":[{"href":"https:\/\/imagazine.it\/home_desk\/wp-json\/wp\/v2\/posts\/37461","targetHints":{"allow":["GET"]}}],"collection":[{"href":"https:\/\/imagazine.it\/home_desk\/wp-json\/wp\/v2\/posts"}],"about":[{"href":"https:\/\/imagazine.it\/home_desk\/wp-json\/wp\/v2\/types\/post"}],"author":[{"embeddable":true,"href":"https:\/\/imagazine.it\/home_desk\/wp-json\/wp\/v2\/users\/22"}],"replies":[{"embeddable":true,"href":"https:\/\/imagazine.it\/home_desk\/wp-json\/wp\/v2\/comments?post=37461"}],"version-history":[{"count":0,"href":"https:\/\/imagazine.it\/home_desk\/wp-json\/wp\/v2\/posts\/37461\/revisions"}],"wp:featuredmedia":[{"embeddable":true,"href":"https:\/\/imagazine.it\/home_desk\/wp-json\/wp\/v2\/media\/37462"}],"wp:attachment":[{"href":"https:\/\/imagazine.it\/home_desk\/wp-json\/wp\/v2\/media?parent=37461"}],"wp:term":[{"taxonomy":"category","embeddable":true,"href":"https:\/\/imagazine.it\/home_desk\/wp-json\/wp\/v2\/categories?post=37461"},{"taxonomy":"post_tag","embeddable":true,"href":"https:\/\/imagazine.it\/home_desk\/wp-json\/wp\/v2\/tags?post=37461"}],"curies":[{"name":"wp","href":"https:\/\/api.w.org\/{rel}","templated":true}]}}