{"id":35567,"date":"2021-01-04T00:00:00","date_gmt":"2021-01-03T23:00:00","guid":{"rendered":"https:\/\/imagazine.it\/?p=35567"},"modified":"2021-01-04T00:00:00","modified_gmt":"2021-01-03T23:00:00","slug":"in-fvg-nuovi-percorsi-formativi-per-i-giovani","status":"publish","type":"post","link":"https:\/\/imagazine.it\/home_desk\/in-fvg-nuovi-percorsi-formativi-per-i-giovani\/","title":{"rendered":"In FVG nuovi percorsi formativi per i giovani"},"content":{"rendered":"<p>Lo sviluppo di una preparazione di base, il potenziamento delle competenze digitali, l&#39;inserimento nel tessuto socioeconomico e culturale della regione, la maturazione di professionalit\u00e0 tecniche e una maggiore consapevolezza di s\u00e9 e del proprio talento.<br \/> Sono alcuni degli obiettivi delle attivit\u00e0 previste dal nuovo <strong>bando di Attivagiovani<\/strong>, programma dedicato a persone di et\u00e0 compresa <strong>tra i 15 e i 29 anni<\/strong> che non risultano n\u00e9 inseriti in un percorso di istruzione n\u00e9 di lavoro.<\/p>\n<p>La <strong>dotazione finanziaria<\/strong> del bando \u00e8 di <strong>1,8 milioni di euro<\/strong>, come ha spiegato l&#39;assessore regionale all&#39;Istruzione e lavoro, <strong>Alessia Rosolen<\/strong>, specificando che &#8220;le risorse sono distribuite tra i territori in base alla popolazione giovanile: il 29% spetta a Udine e bassa friulana (522 mila euro), il 26,7% a Pordenone (480 mila e 600 euro), il 19,3% a Trieste (347 mila euro), il 13,7% al medio e Alto Friuli (246 mila e 600 euro), e l&#39;11,3% a Gorizia (203 mila e 400 euro)&#8221;.<br \/> In Friuli Venezia Giulia i &#39;neet&#39; (acronimo inglese che indica i giovani che non studiano e non hanno un lavoro) sono il 13,7% della popolazione giovanile tra i 15 e 29 anni, dato sensibilmente inferiore alla media nazionale (22,2%).<\/p>\n<p>&#8220;Solo Trentino Alto Adige e Veneto fanno meglio di noi: con un pizzico di orgoglio, possiamo ribadire come il Nordest costituisca un modello virtuoso di riferimento &#8211; ha commentato Rosolen -. Abbiamo previsto diverse tipologie di didattica: laboratori, seminari, workshop e altre formule finalizzate a garantire un&#39;offerta equilibrata tra competenze teoriche e operativit\u00e0 concreta con la costituzione di una rete locale di associazioni temporanee di scopo. Queste possono essere composte da enti di formazione, uno o pi\u00f9 enti locali del territorio, due o pi\u00f9 imprese, due o pi\u00f9 soggetti del terzo settore, una o pi\u00f9 organizzazioni datoriali, una o pi\u00f9 istituzioni scolastiche statali o paritarie, Universit\u00e0 o enti di ricerca, uno o pi\u00f9 enti pubblici economici, uno o pi\u00f9 enti o associazioni che operano nel settore artistico o culturale&#8221;.<\/p>\n<p><a href=\"http:\/\/imagazinevideotruck.it\/outlet\/relink_euro.html\" target=\"_top\" rel=\"noopener\"><img loading=\"lazy\" decoding=\"async\" align=\"LEFT\" height=\"250\" src=\"http:\/\/imagazinevideotruck.it\/outlet\/euromobili_banner_art.jpg\" width=\"300\" alt=\"\" title=\"\"><\/a><\/p>\n<p>\u00a0<\/p>\n<p>\u00a0<\/p>\n<p>\u00a0<\/p>\n<p>\u00a0<\/p>\n<p>\u00a0<\/p>\n<p>\u00a0<\/p>\n<p>\u00a0<\/p>\n<p>\u00a0<\/p>\n<p>\u00a0<\/p>\n<p>&#8220;L&#39;elemento realmente innovativo \u00e8 l&#39;alleanza territoriale tra soggetti diversificati &#8211; ha affermato ancora l&#39;assessore -, finalizzata a valorizzare il talento dei giovani e a metterlo realmente a disposizione del territorio. I percorsi formativi servono a fornire ai giovani quelle competenze che rappresentano un bagaglio importante e immediatamente spendibile per le imprese. La formazione \u00e8 reduce da un anno di mutamenti profondi: lavorando in prospettiva, possiamo costruire reti per formare giovani in grado di entrare o rientrare nel mondo del lavoro assicurando un livello di competenze e conoscenze pi\u00f9 che competitivo e dare risposte reali alle esigenze del tessuto produttivo&#8221;.<\/p>\n<p>\u00a0<\/p>\n","protected":false},"excerpt":{"rendered":"<p>Rifinanziato il bando regionale<\/p>\n","protected":false},"author":28,"featured_media":35568,"comment_status":"closed","ping_status":"closed","sticky":false,"template":"","format":"standard","meta":{"dwc-title":[],"dwc-content":[],"footnotes":""},"categories":[5],"tags":[],"class_list":["post-35567","post","type-post","status-publish","format-standard","has-post-thumbnail","hentry","category-attualita"],"rttpg_featured_image_url":{"full":["https:\/\/imagazine.it\/wp-content\/uploads\/2024\/01\/37668-1.webp",750,529,false],"landscape":["https:\/\/imagazine.it\/wp-content\/uploads\/2024\/01\/37668-1.webp",750,529,false],"portraits":["https:\/\/imagazine.it\/wp-content\/uploads\/2024\/01\/37668-1.webp",750,529,false],"thumbnail":["https:\/\/imagazine.it\/wp-content\/uploads\/2024\/01\/37668-1-150x150.webp",150,150,true],"medium":["https:\/\/imagazine.it\/wp-content\/uploads\/2024\/01\/37668-1-300x212.webp",300,212,true],"large":["https:\/\/imagazine.it\/wp-content\/uploads\/2024\/01\/37668-1.webp",640,451,false],"thumblist":["https:\/\/imagazine.it\/wp-content\/uploads\/2024\/01\/37668-1.webp",300,212,false],"thumbrelated":["https:\/\/imagazine.it\/wp-content\/uploads\/2024\/01\/37668-1.webp",500,353,false],"meccarouselthumb":["https:\/\/imagazine.it\/wp-content\/uploads\/2024\/01\/37668-1.webp",459,324,false],"gridsquare":["https:\/\/imagazine.it\/wp-content\/uploads\/2024\/01\/37668-1.webp",369,260,false],"tileview":["https:\/\/imagazine.it\/wp-content\/uploads\/2024\/01\/37668-1.webp",300,212,false],"1536x1536":["https:\/\/imagazine.it\/wp-content\/uploads\/2024\/01\/37668-1.webp",750,529,false],"2048x2048":["https:\/\/imagazine.it\/wp-content\/uploads\/2024\/01\/37668-1.webp",750,529,false],"newsup-slider-full":["https:\/\/imagazine.it\/wp-content\/uploads\/2024\/01\/37668-1.webp",750,529,false],"newsup-featured":["https:\/\/imagazine.it\/wp-content\/uploads\/2024\/01\/37668-1.webp",750,529,false],"newsup-medium":["https:\/\/imagazine.it\/wp-content\/uploads\/2024\/01\/37668-1-720x380.webp",720,380,true],"tptn_thumbnail":["https:\/\/imagazine.it\/wp-content\/uploads\/2024\/01\/37668-1.webp",250,176,false],"sow-carousel-default":["https:\/\/imagazine.it\/wp-content\/uploads\/2024\/01\/37668-1-272x182.webp",272,182,true]},"rttpg_author":{"display_name":"redazione","author_link":"https:\/\/imagazine.it\/home_desk\/author\/redazione\/"},"rttpg_comment":0,"rttpg_category":"<a href=\"https:\/\/imagazine.it\/home_desk\/category\/attualita\/\" rel=\"category tag\">ATTUALIT\u00c0<\/a>","rttpg_excerpt":"Rifinanziato il bando regionale","_links":{"self":[{"href":"https:\/\/imagazine.it\/home_desk\/wp-json\/wp\/v2\/posts\/35567","targetHints":{"allow":["GET"]}}],"collection":[{"href":"https:\/\/imagazine.it\/home_desk\/wp-json\/wp\/v2\/posts"}],"about":[{"href":"https:\/\/imagazine.it\/home_desk\/wp-json\/wp\/v2\/types\/post"}],"author":[{"embeddable":true,"href":"https:\/\/imagazine.it\/home_desk\/wp-json\/wp\/v2\/users\/28"}],"replies":[{"embeddable":true,"href":"https:\/\/imagazine.it\/home_desk\/wp-json\/wp\/v2\/comments?post=35567"}],"version-history":[{"count":0,"href":"https:\/\/imagazine.it\/home_desk\/wp-json\/wp\/v2\/posts\/35567\/revisions"}],"wp:featuredmedia":[{"embeddable":true,"href":"https:\/\/imagazine.it\/home_desk\/wp-json\/wp\/v2\/media\/35568"}],"wp:attachment":[{"href":"https:\/\/imagazine.it\/home_desk\/wp-json\/wp\/v2\/media?parent=35567"}],"wp:term":[{"taxonomy":"category","embeddable":true,"href":"https:\/\/imagazine.it\/home_desk\/wp-json\/wp\/v2\/categories?post=35567"},{"taxonomy":"post_tag","embeddable":true,"href":"https:\/\/imagazine.it\/home_desk\/wp-json\/wp\/v2\/tags?post=35567"}],"curies":[{"name":"wp","href":"https:\/\/api.w.org\/{rel}","templated":true}]}}