{"id":35551,"date":"2020-12-30T00:00:00","date_gmt":"2020-12-29T23:00:00","guid":{"rendered":"https:\/\/imagazine.it\/?p=35551"},"modified":"2020-12-30T00:00:00","modified_gmt":"2020-12-29T23:00:00","slug":"cividale-il-consiglio-comunale-invita-a-vaccinarsi","status":"publish","type":"post","link":"https:\/\/imagazine.it\/home_desk\/cividale-il-consiglio-comunale-invita-a-vaccinarsi\/","title":{"rendered":"Cividale, il Consiglio comunale invita a vaccinarsi"},"content":{"rendered":"<p>Maggioranza e opposizione in consiglio comunale uniti per invitare la cittadinanza ad aderire alla vaccinazione contro il Covid.<\/p>\n<p>Succede a <strong>Cividale del Friuli<\/strong> dove sindaco, vicesindaco e consiglieri di tutti gli schieramenti politici <u><a href=\"https:\/\/studio.youtube.com\/video\/l5-IuzWwdCI\/edit\" target=\"_blank\" rel=\"noopener\">si sono dati appuntamento stamani (guarda il video)<\/a><\/u> per lanciare un appello: <strong>\u201c<em>Quando sar\u00e0 il vostro turno dite s\u00ec al vaccino<\/em>\u201d<\/strong>.<\/p>\n<p>\u201cIl vaccino \u00e8 l\u2019arma pi\u00f9 potente per sconfiggere definitivamente questo nemico invisibile e pericoloso. Vacciniamoci quindi non perch\u00e9 \u00e8 un obbligo di legge, ma perch\u00e9 \u00e8 un dovere morale nei confronti degli altri, in particolare dei pi\u00f9 fragili\u201d, scrivono nel loro appello.\u00a0<\/p>\n<p>All\u2019iniziativa di sensibilizzazione, lanciata dal vicesindaco<strong> Roberto Novelli<\/strong>, hanno aderito il sindaco <strong>Daniela Bernardi, Fabio Antonio Manzini, Angela Zappulla, Giuseppe Ruolo, Catia Brinis, Emanuela Gorgone, Davide Cantarutti, Giorgia Carlig, Stefano Coceano, Alberto Contento, Rita Cozzi, Alberto Diacoli, Elena Domenis, Flavio Pesante, Elia Miani, Lara Tosolini, Marino Sodde, Luigi Martinis, Manlio Boccolini, Bruno Roiatti<\/strong>.<\/p>\n","protected":false},"excerpt":{"rendered":"<p>Appello bipartisan alla cittadinanza<\/p>\n","protected":false},"author":28,"featured_media":35552,"comment_status":"closed","ping_status":"closed","sticky":false,"template":"","format":"standard","meta":{"dwc-title":[],"dwc-content":[],"footnotes":""},"categories":[5],"tags":[],"class_list":["post-35551","post","type-post","status-publish","format-standard","has-post-thumbnail","hentry","category-attualita"],"rttpg_featured_image_url":{"full":["https:\/\/imagazine.it\/wp-content\/uploads\/2024\/01\/37637-1.webp",1600,1200,false],"landscape":["https:\/\/imagazine.it\/wp-content\/uploads\/2024\/01\/37637-1.webp",1600,1200,false],"portraits":["https:\/\/imagazine.it\/wp-content\/uploads\/2024\/01\/37637-1.webp",1600,1200,false],"thumbnail":["https:\/\/imagazine.it\/wp-content\/uploads\/2024\/01\/37637-1-150x150.webp",150,150,true],"medium":["https:\/\/imagazine.it\/wp-content\/uploads\/2024\/01\/37637-1-300x225.webp",300,225,true],"large":["https:\/\/imagazine.it\/wp-content\/uploads\/2024\/01\/37637-1-1024x768.webp",640,480,true],"thumblist":["https:\/\/imagazine.it\/wp-content\/uploads\/2024\/01\/37637-1.webp",300,225,false],"thumbrelated":["https:\/\/imagazine.it\/wp-content\/uploads\/2024\/01\/37637-1.webp",500,375,false],"meccarouselthumb":["https:\/\/imagazine.it\/wp-content\/uploads\/2024\/01\/37637-1.webp",432,324,false],"gridsquare":["https:\/\/imagazine.it\/wp-content\/uploads\/2024\/01\/37637-1.webp",347,260,false],"tileview":["https:\/\/imagazine.it\/wp-content\/uploads\/2024\/01\/37637-1.webp",300,225,false],"1536x1536":["https:\/\/imagazine.it\/wp-content\/uploads\/2024\/01\/37637-1-1536x1152.webp",1536,1152,true],"2048x2048":["https:\/\/imagazine.it\/wp-content\/uploads\/2024\/01\/37637-1.webp",1600,1200,false],"newsup-slider-full":["https:\/\/imagazine.it\/wp-content\/uploads\/2024\/01\/37637-1-1280x720.webp",1280,720,true],"newsup-featured":["https:\/\/imagazine.it\/wp-content\/uploads\/2024\/01\/37637-1-1024x768.webp",1024,768,true],"newsup-medium":["https:\/\/imagazine.it\/wp-content\/uploads\/2024\/01\/37637-1-720x380.webp",720,380,true],"tptn_thumbnail":["https:\/\/imagazine.it\/wp-content\/uploads\/2024\/01\/37637-1.webp",250,188,false],"sow-carousel-default":["https:\/\/imagazine.it\/wp-content\/uploads\/2024\/01\/37637-1-272x182.webp",272,182,true]},"rttpg_author":{"display_name":"redazione","author_link":"https:\/\/imagazine.it\/home_desk\/author\/redazione\/"},"rttpg_comment":0,"rttpg_category":"<a href=\"https:\/\/imagazine.it\/home_desk\/category\/attualita\/\" rel=\"category tag\">ATTUALIT\u00c0<\/a>","rttpg_excerpt":"Appello bipartisan alla cittadinanza","_links":{"self":[{"href":"https:\/\/imagazine.it\/home_desk\/wp-json\/wp\/v2\/posts\/35551","targetHints":{"allow":["GET"]}}],"collection":[{"href":"https:\/\/imagazine.it\/home_desk\/wp-json\/wp\/v2\/posts"}],"about":[{"href":"https:\/\/imagazine.it\/home_desk\/wp-json\/wp\/v2\/types\/post"}],"author":[{"embeddable":true,"href":"https:\/\/imagazine.it\/home_desk\/wp-json\/wp\/v2\/users\/28"}],"replies":[{"embeddable":true,"href":"https:\/\/imagazine.it\/home_desk\/wp-json\/wp\/v2\/comments?post=35551"}],"version-history":[{"count":0,"href":"https:\/\/imagazine.it\/home_desk\/wp-json\/wp\/v2\/posts\/35551\/revisions"}],"wp:featuredmedia":[{"embeddable":true,"href":"https:\/\/imagazine.it\/home_desk\/wp-json\/wp\/v2\/media\/35552"}],"wp:attachment":[{"href":"https:\/\/imagazine.it\/home_desk\/wp-json\/wp\/v2\/media?parent=35551"}],"wp:term":[{"taxonomy":"category","embeddable":true,"href":"https:\/\/imagazine.it\/home_desk\/wp-json\/wp\/v2\/categories?post=35551"},{"taxonomy":"post_tag","embeddable":true,"href":"https:\/\/imagazine.it\/home_desk\/wp-json\/wp\/v2\/tags?post=35551"}],"curies":[{"name":"wp","href":"https:\/\/api.w.org\/{rel}","templated":true}]}}