{"id":35545,"date":"2020-12-30T00:00:00","date_gmt":"2020-12-29T23:00:00","guid":{"rendered":"https:\/\/imagazine.it\/?p=35545"},"modified":"2020-12-30T00:00:00","modified_gmt":"2020-12-29T23:00:00","slug":"trieste-tirocini-retribuiti-per-donne-con-fragilita","status":"publish","type":"post","link":"https:\/\/imagazine.it\/home_desk\/trieste-tirocini-retribuiti-per-donne-con-fragilita\/","title":{"rendered":"Trieste, tirocini retribuiti per donne con fragilit\u00e0"},"content":{"rendered":"<p>Presentata stamane a Trieste dall\u2019assessore comunale alle Pari Opportunit\u00e0, <strong>Francesca De Santis<\/strong>, l\u2019iniziativa pilota partita a giugno con due tirocini attivati e che oggi grazie all\u2019impegno di tutti i soggetti coinvolti \u00e8 arrivata a quota 12. Saranno infatti proprio 12 le donne, di fascia di et\u00e0 fino ai 40 anni, ad avere la possibilit\u00e0 di lavorare con un tirocinio a tempo determinato dai 3 ai 6 mesi in vari dipartimenti del Comune di Trieste.<\/p>\n<p>Le donne, indicate dai Servizi sociali del Comune di Trieste e dal GOAP (Gruppo Operatrici Antiviolenza e Progetti), inizieranno con un corso di formazione presso l\u2019ENAIP che preparer\u00e0 le donne sull\u2019attivit\u00e0 richiesta e indicata dagli uffici dove verranno impiegate e alla fine di questo corso di formazione di 40 ore settimanali inizieranno il loro lavoro negli uffici comunali designati.<\/p>\n<p>I tirocini saranno di 20 o 30 ore settimanali e della durata dai 3 ai 6 mesi e rinnovati una sola volta, con un compenso economico dai 300 ai 500 euro circa.<\/p>\n<p>\u201cIl Comune di Trieste \u2013 ha affermato l\u2019assessore \u2013 \u00e8 stato l\u2019unico Comune del Friuli Venezia Giulia ad attingere al bando regionale FSN (Fondo sociale europeo) per l\u2019attivazione di questi tirocini e con questo ci riconfermiamo all\u2019avanguardia nell\u2019attenzione riservata alle donne e nel trattare le tematiche di pari opportunit\u00e0\u201d.<\/p>\n<p><a href=\"http:\/\/imagazinevideotruck.it\/outlet\/relink_euro.html\" target=\"_top\" rel=\"noopener\"><img loading=\"lazy\" decoding=\"async\" align=\"LEFT\" height=\"250\" src=\"http:\/\/imagazinevideotruck.it\/outlet\/euromobili_banner_art.jpg\" width=\"300\" alt=\"\" title=\"\"><\/a><\/p>\n<p>\u00a0<\/p>\n<p>\u00a0<\/p>\n<p>\u00a0<\/p>\n<p>\u00a0<\/p>\n<p>\u00a0<\/p>\n<p>\u00a0<\/p>\n<p>\u00a0<\/p>\n<p>\u00a0<\/p>\n<p>\u00a0<\/p>\n<p>Alla presentazione dell\u2019iniziativa sono intervenuti anche la presidente del GOAP <strong>Francesca Maur<\/strong>, la direttrice ENAIP <strong>Paola Stuparich<\/strong> con <strong>Giuditta Bambara<\/strong>, <strong>Rosella Apollonio<\/strong> p.o. (posizione organizzativa) del Servizio Integrazione e inserimento lavorativo del Dipartimento Sociale comunale con <strong>Raffaella Lucca<\/strong>, il direttore dell\u2019area Innovazione <strong>Lorenzo Bandelli<\/strong>, il Social Media Manager <strong>Christian Tosolin<\/strong> e <strong>Donatella Rocco<\/strong> p.o. dell\u2019Ufficio Giovani.<\/p>\n","protected":false},"excerpt":{"rendered":"<p>Grazie a un bando del Fondo sociale europeo<\/p>\n","protected":false},"author":28,"featured_media":35546,"comment_status":"closed","ping_status":"closed","sticky":false,"template":"","format":"standard","meta":{"dwc-title":[],"dwc-content":[],"footnotes":""},"categories":[5],"tags":[],"class_list":["post-35545","post","type-post","status-publish","format-standard","has-post-thumbnail","hentry","category-attualita"],"rttpg_featured_image_url":{"full":["https:\/\/imagazine.it\/wp-content\/uploads\/2024\/01\/37623-1.webp",1000,700,false],"landscape":["https:\/\/imagazine.it\/wp-content\/uploads\/2024\/01\/37623-1.webp",1000,700,false],"portraits":["https:\/\/imagazine.it\/wp-content\/uploads\/2024\/01\/37623-1.webp",1000,700,false],"thumbnail":["https:\/\/imagazine.it\/wp-content\/uploads\/2024\/01\/37623-1-150x150.webp",150,150,true],"medium":["https:\/\/imagazine.it\/wp-content\/uploads\/2024\/01\/37623-1-300x210.webp",300,210,true],"large":["https:\/\/imagazine.it\/wp-content\/uploads\/2024\/01\/37623-1.webp",640,448,false],"thumblist":["https:\/\/imagazine.it\/wp-content\/uploads\/2024\/01\/37623-1.webp",300,210,false],"thumbrelated":["https:\/\/imagazine.it\/wp-content\/uploads\/2024\/01\/37623-1.webp",500,350,false],"meccarouselthumb":["https:\/\/imagazine.it\/wp-content\/uploads\/2024\/01\/37623-1.webp",463,324,false],"gridsquare":["https:\/\/imagazine.it\/wp-content\/uploads\/2024\/01\/37623-1.webp",371,260,false],"tileview":["https:\/\/imagazine.it\/wp-content\/uploads\/2024\/01\/37623-1.webp",300,210,false],"1536x1536":["https:\/\/imagazine.it\/wp-content\/uploads\/2024\/01\/37623-1.webp",1000,700,false],"2048x2048":["https:\/\/imagazine.it\/wp-content\/uploads\/2024\/01\/37623-1.webp",1000,700,false],"newsup-slider-full":["https:\/\/imagazine.it\/wp-content\/uploads\/2024\/01\/37623-1.webp",1000,700,false],"newsup-featured":["https:\/\/imagazine.it\/wp-content\/uploads\/2024\/01\/37623-1.webp",1000,700,false],"newsup-medium":["https:\/\/imagazine.it\/wp-content\/uploads\/2024\/01\/37623-1-720x380.webp",720,380,true],"tptn_thumbnail":["https:\/\/imagazine.it\/wp-content\/uploads\/2024\/01\/37623-1.webp",250,175,false],"sow-carousel-default":["https:\/\/imagazine.it\/wp-content\/uploads\/2024\/01\/37623-1-272x182.webp",272,182,true]},"rttpg_author":{"display_name":"redazione","author_link":"https:\/\/imagazine.it\/home_desk\/author\/redazione\/"},"rttpg_comment":0,"rttpg_category":"<a href=\"https:\/\/imagazine.it\/home_desk\/category\/attualita\/\" rel=\"category tag\">ATTUALIT\u00c0<\/a>","rttpg_excerpt":"Grazie a un bando del Fondo sociale europeo","_links":{"self":[{"href":"https:\/\/imagazine.it\/home_desk\/wp-json\/wp\/v2\/posts\/35545","targetHints":{"allow":["GET"]}}],"collection":[{"href":"https:\/\/imagazine.it\/home_desk\/wp-json\/wp\/v2\/posts"}],"about":[{"href":"https:\/\/imagazine.it\/home_desk\/wp-json\/wp\/v2\/types\/post"}],"author":[{"embeddable":true,"href":"https:\/\/imagazine.it\/home_desk\/wp-json\/wp\/v2\/users\/28"}],"replies":[{"embeddable":true,"href":"https:\/\/imagazine.it\/home_desk\/wp-json\/wp\/v2\/comments?post=35545"}],"version-history":[{"count":0,"href":"https:\/\/imagazine.it\/home_desk\/wp-json\/wp\/v2\/posts\/35545\/revisions"}],"wp:featuredmedia":[{"embeddable":true,"href":"https:\/\/imagazine.it\/home_desk\/wp-json\/wp\/v2\/media\/35546"}],"wp:attachment":[{"href":"https:\/\/imagazine.it\/home_desk\/wp-json\/wp\/v2\/media?parent=35545"}],"wp:term":[{"taxonomy":"category","embeddable":true,"href":"https:\/\/imagazine.it\/home_desk\/wp-json\/wp\/v2\/categories?post=35545"},{"taxonomy":"post_tag","embeddable":true,"href":"https:\/\/imagazine.it\/home_desk\/wp-json\/wp\/v2\/tags?post=35545"}],"curies":[{"name":"wp","href":"https:\/\/api.w.org\/{rel}","templated":true}]}}