{"id":35527,"date":"2020-12-29T00:00:00","date_gmt":"2020-12-28T23:00:00","guid":{"rendered":"https:\/\/imagazine.it\/?p=35527"},"modified":"2020-12-29T00:00:00","modified_gmt":"2020-12-28T23:00:00","slug":"educazione-istruzione-e-formazione-150-mila-euro-per-lisontino","status":"publish","type":"post","link":"https:\/\/imagazine.it\/home_desk\/educazione-istruzione-e-formazione-150-mila-euro-per-lisontino\/","title":{"rendered":"Educazione, istruzione e formazione: 150 mila euro per l&#8217;Isontino"},"content":{"rendered":"<p>Offrire ai bambini e ragazzi nuove occasioni di apprendimento, di socialit\u00e0, di sviluppo delle capacit\u00e0, competenze e inclinazioni individuali e di sensibilizzazione rispetto a specifiche tematiche di interesse civico.<\/p>\n<p>Sono questi gli obiettivi dei Bandi attivati dalla <strong>Fondazione Cassa di Risparmio di Gorizia <\/strong>nel settore \u201c<strong>Educazione, istruzione e formazione<\/strong>\u201d, che hanno portato all\u2019assegnazione di risorse pari a 150.000 euro alle scuole del territorio isontino e ad altri enti che svolgono attivit\u00e0 educative e formative per i giovani, con lo scopo di <strong>sostenere il sistema scolastico locale <\/strong>e di <strong>promuovere iniziative formative ed educative anche in altri contesti del territorio<\/strong>.<\/p>\n<p>\u201cLa pandemia in corso, che ha costretto alla chiusura fisica delle scuole, ha contribuito a far comprendere l\u2019assoluta<strong> importanza del sistema scolastico e della didattica in presenza nella formazione delle giovani generazioni<\/strong>, anche con riferimento allo sviluppo delle loro competenze sociali\u201d, commenta il <strong>Presidente Roberta Demartin<\/strong>. \u201cLa Fondazione crede nell\u2019importanza della formazione e dell\u2019istruzione di buona qualit\u00e0 per il miglioramento delle condizioni di vita delle persone e delle comunit\u00e0, ci\u00f2 nella convinzione che il campo educativo sia il luogo privilegiato di contrasto alle disuguaglianze, in quanto, grazie alla costruzione di competenze, consente di prevenirle con largo anticipo, di fronteggiarle sul nascere e di fornire le migliori assicurazioni contro i rischi di esclusione, anche nel lungo periodo\u201d.<\/p>\n<p>Nell\u2019ambito dei Bandi allo scopo attivati \u2013 <strong>\u201cSpazio scuola\u201d e \u201cLingue &#8211; Comunico con il mondo\u201d<\/strong> \u2013 la Fondazione ha infatti disposto contributi a favore di circa 30 <strong>progetti integrativi dell\u2019offerta didattica<\/strong>, di cui la met\u00e0 dedicati allo<strong> studio delle lingue straniere<\/strong>. Con il Bando <strong>&#8220;Costruiamo il mio futuro\u201d<\/strong> la Fondazione ha inoltre sostenuto le <strong>attivit\u00e0 formative ed educative realizzate da enti e associazioni sia nelle scuole sia in altri contesti del territorio<\/strong>, per complessivi 15 progetti da realizzarsi a livello locale.<\/p>\n<p><a href=\"http:\/\/imagazinevideotruck.it\/outlet\/relink.html\" target=\"_top\" rel=\"noopener\"><img loading=\"lazy\" decoding=\"async\" align=\"LEFT\" height=\"250\" src=\"http:\/\/imagazinevideotruck.it\/outlet\/outlet30.gif\" width=\"300\" alt=\"\" title=\"\"><\/a><\/p>\n<p>\u00a0<\/p>\n<p>\u00a0<\/p>\n<p>\u00a0<\/p>\n<p>\u00a0<\/p>\n<p>\u00a0<\/p>\n<p>\u00a0<\/p>\n<p>\u00a0<\/p>\n<p>\u00a0<\/p>\n<p>\u00a0<\/p>\n<p>\u201cLa pandemia sta accelerando la <strong>dimensione digitale<\/strong> anche nello svolgimento della didattica, trovando una popolazione non uniformemente preparata e dimostrandosi spesso non accessibile per tutti, ma rivelando al contempo alcune potenzialit\u00e0 che possono utilmente essere impiegate in accostamento alla didattica tradizionale\u201d, conclude Demartin. \u201cPer questo la Fondazione, in accordo con gli Istituti scolastici locali, sta sviluppando <strong>progetti innovativi fondati sullo sviluppo e l\u2019introduzione di nuove tecnologie<\/strong>, che aiutino i ragazzi a diventare cittadini del mondo sempre pi\u00f9 consapevoli e responsabili. Questo sar\u00e0 uno dei filoni che svilupperemo nel corso del 2021\u201d.<\/p>\n","protected":false},"excerpt":{"rendered":"<p>Assegnati dalla Fondazione Carigo<\/p>\n","protected":false},"author":28,"featured_media":35528,"comment_status":"closed","ping_status":"closed","sticky":false,"template":"","format":"standard","meta":{"dwc-title":[],"dwc-content":[],"footnotes":""},"categories":[5],"tags":[],"class_list":["post-35527","post","type-post","status-publish","format-standard","has-post-thumbnail","hentry","category-attualita"],"rttpg_featured_image_url":{"full":["https:\/\/imagazine.it\/wp-content\/uploads\/2024\/01\/37596-1.webp",1000,728,false],"landscape":["https:\/\/imagazine.it\/wp-content\/uploads\/2024\/01\/37596-1.webp",1000,728,false],"portraits":["https:\/\/imagazine.it\/wp-content\/uploads\/2024\/01\/37596-1.webp",1000,728,false],"thumbnail":["https:\/\/imagazine.it\/wp-content\/uploads\/2024\/01\/37596-1-150x150.webp",150,150,true],"medium":["https:\/\/imagazine.it\/wp-content\/uploads\/2024\/01\/37596-1-300x218.webp",300,218,true],"large":["https:\/\/imagazine.it\/wp-content\/uploads\/2024\/01\/37596-1.webp",640,466,false],"thumblist":["https:\/\/imagazine.it\/wp-content\/uploads\/2024\/01\/37596-1.webp",300,218,false],"thumbrelated":["https:\/\/imagazine.it\/wp-content\/uploads\/2024\/01\/37596-1.webp",500,364,false],"meccarouselthumb":["https:\/\/imagazine.it\/wp-content\/uploads\/2024\/01\/37596-1.webp",445,324,false],"gridsquare":["https:\/\/imagazine.it\/wp-content\/uploads\/2024\/01\/37596-1.webp",357,260,false],"tileview":["https:\/\/imagazine.it\/wp-content\/uploads\/2024\/01\/37596-1.webp",300,218,false],"1536x1536":["https:\/\/imagazine.it\/wp-content\/uploads\/2024\/01\/37596-1.webp",1000,728,false],"2048x2048":["https:\/\/imagazine.it\/wp-content\/uploads\/2024\/01\/37596-1.webp",1000,728,false],"newsup-slider-full":["https:\/\/imagazine.it\/wp-content\/uploads\/2024\/01\/37596-1-1000x720.webp",1000,720,true],"newsup-featured":["https:\/\/imagazine.it\/wp-content\/uploads\/2024\/01\/37596-1.webp",1000,728,false],"newsup-medium":["https:\/\/imagazine.it\/wp-content\/uploads\/2024\/01\/37596-1-720x380.webp",720,380,true],"tptn_thumbnail":["https:\/\/imagazine.it\/wp-content\/uploads\/2024\/01\/37596-1.webp",250,182,false],"sow-carousel-default":["https:\/\/imagazine.it\/wp-content\/uploads\/2024\/01\/37596-1-272x182.webp",272,182,true]},"rttpg_author":{"display_name":"redazione","author_link":"https:\/\/imagazine.it\/home_desk\/author\/redazione\/"},"rttpg_comment":0,"rttpg_category":"<a href=\"https:\/\/imagazine.it\/home_desk\/category\/attualita\/\" rel=\"category tag\">ATTUALIT\u00c0<\/a>","rttpg_excerpt":"Assegnati dalla Fondazione Carigo","_links":{"self":[{"href":"https:\/\/imagazine.it\/home_desk\/wp-json\/wp\/v2\/posts\/35527","targetHints":{"allow":["GET"]}}],"collection":[{"href":"https:\/\/imagazine.it\/home_desk\/wp-json\/wp\/v2\/posts"}],"about":[{"href":"https:\/\/imagazine.it\/home_desk\/wp-json\/wp\/v2\/types\/post"}],"author":[{"embeddable":true,"href":"https:\/\/imagazine.it\/home_desk\/wp-json\/wp\/v2\/users\/28"}],"replies":[{"embeddable":true,"href":"https:\/\/imagazine.it\/home_desk\/wp-json\/wp\/v2\/comments?post=35527"}],"version-history":[{"count":0,"href":"https:\/\/imagazine.it\/home_desk\/wp-json\/wp\/v2\/posts\/35527\/revisions"}],"wp:featuredmedia":[{"embeddable":true,"href":"https:\/\/imagazine.it\/home_desk\/wp-json\/wp\/v2\/media\/35528"}],"wp:attachment":[{"href":"https:\/\/imagazine.it\/home_desk\/wp-json\/wp\/v2\/media?parent=35527"}],"wp:term":[{"taxonomy":"category","embeddable":true,"href":"https:\/\/imagazine.it\/home_desk\/wp-json\/wp\/v2\/categories?post=35527"},{"taxonomy":"post_tag","embeddable":true,"href":"https:\/\/imagazine.it\/home_desk\/wp-json\/wp\/v2\/tags?post=35527"}],"curies":[{"name":"wp","href":"https:\/\/api.w.org\/{rel}","templated":true}]}}