{"id":35511,"date":"2020-12-23T00:00:00","date_gmt":"2020-12-22T23:00:00","guid":{"rendered":"https:\/\/imagazine.it\/?p=35511"},"modified":"2020-12-23T00:00:00","modified_gmt":"2020-12-22T23:00:00","slug":"nuova-collocazione-per-vicino-lontano","status":"publish","type":"post","link":"https:\/\/imagazine.it\/home_desk\/nuova-collocazione-per-vicino-lontano\/","title":{"rendered":"Nuova collocazione per &#8220;vicino\/lontano&#8221;"},"content":{"rendered":"<p>Sar\u00e0<strong> \u201cdistanze\u201d <\/strong>la parola-chiave identificativa della 17\u00aa edizione del festival<strong> Vicino\/lontano 2021<\/strong>, che dal 2005 ha luogo a Udine insieme alla serata per la consegna del <strong>Premio Letterario Internazionale Tiziano Terzani<\/strong>.<\/p>\n<p>\u00abIl pensiero corre immediatamente al distanziamento fisico imposto a tutti noi, cittadini \u201cglobali\u201d, dall\u2019emergenza Covid-19<strong> \u2013 <\/strong>spiega<strong> Paola Colombo<\/strong>, presidente di vicino\/lontano e con Franca Rigoni curatrice del festival <strong>\u2013<\/strong>, ma <strong>la pandemia<\/strong>, che condiziona ora i nostri comportamenti quotidiani distanziando familiari, amici, lavoratori, studenti, ha acceso un riflettore sulla realt\u00e0 del nostro tempo, rendendo ancora pi\u00f9 evidenti ben \u201caltre distanze\u201d, che il festival intende indagare, invitando studiosi ed esperti di diverso orientamento ad analizzarne cause, consistenza e prospettive\u00bb.\u00a0<\/p>\n<p>Le date previste per il festival, che gi\u00e0 erano state annunciate (dal 6 al 9 maggio), hanno subito un prudenziale slittamento verso l\u2019estate, nella prima settimana di luglio.<\/p>\n<p>\u00abQuesto slittamento dipende dalla nostra ferma intenzione \u2013 spiegano ancora gli organizzatori \u2013 di proporre la manifestazione in presenza. Teniamo soprattutto a rinnovare, ancora una volta, quel rito collettivo fatto di empatia, complicit\u00e0 e appartenenza, che permette a una comunit\u00e0 di incontrarsi in uno spazio fisico per riconoscersi come tale\u00bb.<\/p>\n<p>Grazie alla collaborazione con il Comune di Udine, incontri, dibattiti, conversazioni, conferenze, lezioni, letture, testimonianze, mostre, spettacoli e proiezioni occuperanno per quattro giornate, <strong>dal 1\u00b0 al 4 luglio<\/strong>, gli spazi cittadini e, in un arco temporale pi\u00f9 ampio, numerose sedi della regione, in particolare quelle dell\u2019area montana.<\/p>\n<p>Valore aggiunto della nuova edizione sar\u00e0 <strong>la modalit\u00e0 ibrida di fruizione del festival, in presenza e da remoto<\/strong>.\u00a0<\/p>\n<p><a href=\"http:\/\/imagazinevideotruck.it\/outlet\/relink.html\" target=\"_top\" rel=\"noopener\"><img loading=\"lazy\" decoding=\"async\" align=\"LEFT\" height=\"250\" src=\"http:\/\/imagazinevideotruck.it\/outlet\/outlet30.gif\" width=\"300\" alt=\"\" title=\"\"><\/a><\/p>\n<p>\u00a0<\/p>\n<p>\u00a0<\/p>\n<p>\u00a0<\/p>\n<p>\u00a0<\/p>\n<p>\u00a0<\/p>\n<p>\u00a0<\/p>\n<p>\u00a0<\/p>\n<p>\u00a0<\/p>\n<p>\u00a0<\/p>\n<p>Appendice \u201cnatalizia\u201d dell\u2019impegno in rete di vicino\/lontano \u00e8 stata <strong>la sinergia con il progetto \u201cRedux\u201d lanciato da Folco Terzani: sul sito del festival si pu\u00f2 tuttora ottenere gratuitamente <\/strong><strong>\u201cLa fine \u00e8 il mio inizio. Redux<\/strong>\u201d, versione ridotta e digitale del fortunato volume pubblicato nel 2006 da Longanesi, gi\u00e0 scaricata in pochi giorni da quasi <strong>25mila<\/strong> <strong>persone<\/strong>.<\/p>\n<p>Con il patrocinio dell\u2019Ufficio Scolastico Regionale, e in vista dell\u2019edizione 2021 del festival, \u00e8 ripartito anche il <strong>Concorso Scuole Tiziano Terzani<\/strong>. Rivolto a tutti gli istituti scolastici del Friuli Venezia Giulia, agli studenti universitari e alle scuole di italiano per stranieri &#8211; ripropone il tema dell\u2019edizione precedente, annullata a causa della pandemia: <strong>\u201cLa testa non basta. Bisogna metterci il cuore\u201d<\/strong>, una citazione tratta da una delle ultime interviste a Tiziano Terzani. Nonostante il momento di difficolt\u00e0 che la scuola sta attraversando sono centinaia le adesioni gi\u00e0 pervenute.<\/p>\n<p>Anche la giuria del Premio Terzani, sempre presieduta da <strong>Angela Terzani<\/strong>, \u00e8 gi\u00e0 al lavoro da alcuni mesi. \u00c8 atteso per fine febbraio l\u2019annuncio dei 5 finalisti dell\u2019edizione 2021.<\/p>\n","protected":false},"excerpt":{"rendered":"<p>In programma dall&#8217;1 al 4 luglio<\/p>\n","protected":false},"author":28,"featured_media":35512,"comment_status":"closed","ping_status":"closed","sticky":false,"template":"","format":"standard","meta":{"dwc-title":[],"dwc-content":[],"footnotes":""},"categories":[37],"tags":[],"class_list":["post-35511","post","type-post","status-publish","format-standard","has-post-thumbnail","hentry","category-cultura-e-spettacolo"],"rttpg_featured_image_url":{"full":["https:\/\/imagazine.it\/wp-content\/uploads\/2024\/01\/37573-1.webp",1000,668,false],"landscape":["https:\/\/imagazine.it\/wp-content\/uploads\/2024\/01\/37573-1.webp",1000,668,false],"portraits":["https:\/\/imagazine.it\/wp-content\/uploads\/2024\/01\/37573-1.webp",1000,668,false],"thumbnail":["https:\/\/imagazine.it\/wp-content\/uploads\/2024\/01\/37573-1-150x150.webp",150,150,true],"medium":["https:\/\/imagazine.it\/wp-content\/uploads\/2024\/01\/37573-1-300x200.webp",300,200,true],"large":["https:\/\/imagazine.it\/wp-content\/uploads\/2024\/01\/37573-1.webp",640,428,false],"thumblist":["https:\/\/imagazine.it\/wp-content\/uploads\/2024\/01\/37573-1.webp",300,200,false],"thumbrelated":["https:\/\/imagazine.it\/wp-content\/uploads\/2024\/01\/37573-1.webp",500,334,false],"meccarouselthumb":["https:\/\/imagazine.it\/wp-content\/uploads\/2024\/01\/37573-1.webp",474,317,false],"gridsquare":["https:\/\/imagazine.it\/wp-content\/uploads\/2024\/01\/37573-1.webp",389,260,false],"tileview":["https:\/\/imagazine.it\/wp-content\/uploads\/2024\/01\/37573-1.webp",300,200,false],"1536x1536":["https:\/\/imagazine.it\/wp-content\/uploads\/2024\/01\/37573-1.webp",1000,668,false],"2048x2048":["https:\/\/imagazine.it\/wp-content\/uploads\/2024\/01\/37573-1.webp",1000,668,false],"newsup-slider-full":["https:\/\/imagazine.it\/wp-content\/uploads\/2024\/01\/37573-1.webp",1000,668,false],"newsup-featured":["https:\/\/imagazine.it\/wp-content\/uploads\/2024\/01\/37573-1.webp",1000,668,false],"newsup-medium":["https:\/\/imagazine.it\/wp-content\/uploads\/2024\/01\/37573-1-720x380.webp",720,380,true],"tptn_thumbnail":["https:\/\/imagazine.it\/wp-content\/uploads\/2024\/01\/37573-1.webp",250,167,false],"sow-carousel-default":["https:\/\/imagazine.it\/wp-content\/uploads\/2024\/01\/37573-1-272x182.webp",272,182,true]},"rttpg_author":{"display_name":"redazione","author_link":"https:\/\/imagazine.it\/home_desk\/author\/redazione\/"},"rttpg_comment":0,"rttpg_category":"<a href=\"https:\/\/imagazine.it\/home_desk\/category\/cultura-e-spettacolo\/\" rel=\"category tag\">CULTURA&amp;SPETTACOLO<\/a>","rttpg_excerpt":"In programma dall'1 al 4 luglio","_links":{"self":[{"href":"https:\/\/imagazine.it\/home_desk\/wp-json\/wp\/v2\/posts\/35511","targetHints":{"allow":["GET"]}}],"collection":[{"href":"https:\/\/imagazine.it\/home_desk\/wp-json\/wp\/v2\/posts"}],"about":[{"href":"https:\/\/imagazine.it\/home_desk\/wp-json\/wp\/v2\/types\/post"}],"author":[{"embeddable":true,"href":"https:\/\/imagazine.it\/home_desk\/wp-json\/wp\/v2\/users\/28"}],"replies":[{"embeddable":true,"href":"https:\/\/imagazine.it\/home_desk\/wp-json\/wp\/v2\/comments?post=35511"}],"version-history":[{"count":0,"href":"https:\/\/imagazine.it\/home_desk\/wp-json\/wp\/v2\/posts\/35511\/revisions"}],"wp:featuredmedia":[{"embeddable":true,"href":"https:\/\/imagazine.it\/home_desk\/wp-json\/wp\/v2\/media\/35512"}],"wp:attachment":[{"href":"https:\/\/imagazine.it\/home_desk\/wp-json\/wp\/v2\/media?parent=35511"}],"wp:term":[{"taxonomy":"category","embeddable":true,"href":"https:\/\/imagazine.it\/home_desk\/wp-json\/wp\/v2\/categories?post=35511"},{"taxonomy":"post_tag","embeddable":true,"href":"https:\/\/imagazine.it\/home_desk\/wp-json\/wp\/v2\/tags?post=35511"}],"curies":[{"name":"wp","href":"https:\/\/api.w.org\/{rel}","templated":true}]}}